{"id":150125,"date":"2025-12-14T12:45:12","date_gmt":"2025-12-14T12:45:12","guid":{"rendered":"https:\/\/www.europesays.com\/pl\/150125\/"},"modified":"2025-12-14T12:45:12","modified_gmt":"2025-12-14T12:45:12","slug":"wojna-na-ukrainie-wzieli-odwet-na-rosji-magazyny-i-zaklady-w-ogniu","status":"publish","type":"post","link":"https:\/\/www.europesays.com\/pl\/150125\/","title":{"rendered":"Wojna na Ukrainie. Wzi\u0119li odwet na Rosji, magazyny i zak\u0142ady w ogniu"},"content":{"rendered":"<p>W skr\u00f3cie<\/p>\n<ul class=\"typography ids-typeset-body ids-typeset-body--preset-large list ids-list ids-list--unordered ids-list--size-large \" datatype=\"disc\">\n<li class=\"ids-list-item\">\n<p>Seria atak\u00f3w ukrai\u0144skich dron\u00f3w doprowadzi\u0142a do po\u017car\u00f3w w rosyjskich magazynach ropy i zak\u0142adach chemicznych.<\/p>\n<\/li>\n<li class=\"ids-list-item\">\n<p>Rosyjskie obiekty energetyczne, w tym na Krymie, zosta\u0142y zaatakowane, co skutkowa\u0142o czasowymi ograniczeniami ruchu lotniczego.<\/p>\n<\/li>\n<li class=\"ids-list-item\">\n<p>Przerwy w dostawach pr\u0105du dotkn\u0119\u0142y ukrai\u0144skie miasta po rosyjskich nalotach, a Ze\u0142enski zapowiedzia\u0142 przywr\u00f3cenie dostaw energii.<\/p>\n<\/li>\n<li class=\"ids-list-item\"><\/li>\n<\/ul>\n<p class=\"typography ids-typeset-body ids-typeset-body--preset-large link paragraph ids-paragraph ids-paragraph--default\">Rosyjskie Ministerstwo Obrony poinformowa\u0142o w niedziel\u0119, \u017ce systemy obrony powietrznej przechwyci\u0142y i zniszczy\u0142y w nocy 235 ukrai\u0144skich dron\u00f3w.<\/p>\n<p class=\"typography ids-typeset-body ids-typeset-body--preset-large link paragraph ids-paragraph ids-paragraph--default\">Najwi\u0119cej bezza\u0142ogowc\u00f3w &#8211; 35 zosta\u0142o zniszczonych nad obwodem bria\u0144skim, granicz\u0105cym z <a href=\"https:\/\/wydarzenia.interia.pl\/tematy-ukraina,gsbi,3144\" rel=\"nofollow noopener\" target=\"_blank\">Ukrain\u0105<\/a>. Nad okupowanym <a href=\"https:\/\/wydarzenia.interia.pl\/tematy-krym,gsbi,4556\" rel=\"nofollow noopener\" target=\"_blank\">Krymem<\/a> zestrzelono 32 drony &#8211; twierdzi rosyjski resort obrony.<\/p>\n<p class=\"typography ids-typeset-body ids-typeset-body--preset-large link paragraph ids-paragraph ids-paragraph--default\">Ukrai\u0144skie si\u0142y zbrojne przekaza\u0142y, \u017ce zaatakowa\u0142y rosyjsk\u0105 rafineri\u0119 ropy naftowej w regionie Krasnodaru oraz rosyjski magazyn tego surowca w obwodzie wo\u0142gogradzkim.<\/p>\n<p>Rosja. Media: Seria atak\u00f3w na obiekty energetyczne<\/p>\n<p class=\"typography ids-typeset-body ids-typeset-body--preset-large link paragraph ids-paragraph ids-paragraph--default\">Jak poinformowa\u0142 gubernator regionu, w wyniku upadku szcz\u0105tk\u00f3w drona magazyn\u00a0ropy naftowej w Urupi\u0144sku w obwodzie wo\u0142gogradzkim stan\u0105\u0142 w ogniu. Z kolei Kyiv Independent przekaza\u0142, \u017ce w sobot\u0119 wieczorem do eksplozji dosz\u0142o tak\u017ce w sk\u0142adzie ropy naftowej w pobli\u017cu Symferopola na okupowanym Krymie i w zak\u0142adach chemicznych w rosyjskim mie\u015bcie\u00a0Wielki Nowogr\u00f3d.<\/p>\n<p class=\"typography ids-typeset-body ids-typeset-body--preset-large link paragraph ids-paragraph ids-paragraph--default\">Portal opisuje, powo\u0142uj\u0105c si\u0119 na materia\u0142y opublikowane w Telegramie, \u017ce Ukrai\u0144cy uderzyli tak\u017ce w elektrowni\u0119 w <a href=\"https:\/\/wydarzenia.interia.pl\/tematy-smolensk,gsbi,5955\" rel=\"nofollow noopener\" target=\"_blank\">Smole\u0144sku<\/a>.<\/p>\n<p class=\"typography ids-typeset-body ids-typeset-body--preset-large link paragraph ids-paragraph ids-paragraph--default\">Wed\u0142ug organu regulacyjnego ds. lotnictwa co najmniej dziesi\u0119\u0107 rosyjskich lotnisk, w tym w <a href=\"https:\/\/wydarzenia.interia.pl\/tematy-moskwa,gsbi,4412\" rel=\"nofollow noopener\" target=\"_blank\">Moskwie<\/a> i Sankt Petersburgu, wprowadzi\u0142o w nocy tymczasowe ograniczenia lot\u00f3w.<\/p>\n<p>Wojna w Ukrainie. Przerwy w dostawie pr\u0105du po rosyjskich atakach. Ze\u0142enski reaguje<\/p>\n<p class=\"typography ids-typeset-body ids-typeset-body--preset-large link paragraph ids-paragraph ids-paragraph--default\">Ukrai\u0144skie ataki s\u0105 odpowiedzi\u0105 na nieustaj\u0105ce uderzenia <a href=\"https:\/\/wydarzenia.interia.pl\/tematy-rosja,gsbi,3125\" rel=\"nofollow noopener\" target=\"_blank\">Rosji<\/a>, powoduj\u0105ce istotne utrudnienia w dostawie energii.<\/p>\n<p class=\"typography ids-typeset-body ids-typeset-body--preset-large link paragraph ids-paragraph ids-paragraph--default\">W sobot\u0119 <a href=\"https:\/\/wydarzenia.interia.pl\/tematy-odessa,gsbi,6857\" rel=\"nofollow noopener\" target=\"_blank\">Odessa<\/a> i jej okolice do\u015bwiadczy\u0142y\u00a0powa\u017cnych przerw w dostawach pr\u0105du po nocnym ataku Rosji na sie\u0107 energetyczn\u0105, w wyniku kt\u00f3rego ponad milion gospodarstw domowych zosta\u0142o pozbawionych pr\u0105du.<\/p>\n<p class=\"typography ids-typeset-body ids-typeset-body--preset-large link paragraph ids-paragraph ids-paragraph--default\">Prezydent Ukrainy <a href=\"https:\/\/wydarzenia.interia.pl\/tematy-wolodymyr-zelenski,gsbi,11\" rel=\"nofollow noopener\" target=\"_blank\">Wo\u0142odymyr Ze\u0142enski<\/a> zapewni\u0142, \u017ce trwaj\u0105 prace nad przywr\u00f3ceniem dostaw pr\u0105du, ogrzewania i wody tam, gdzie ich przesy\u0142 zosta\u0142 przerwany przez naloty.<\/p>\n<p>Ukraina-Rosja. Atak drona na cywilny statek. Podejrzenia padaj\u0105 na Rosj\u0119<\/p>\n<p class=\"typography ids-typeset-body ids-typeset-body--preset-large link paragraph ids-paragraph ids-paragraph--default\">Wcze\u015bniej w sobot\u0119 ukrai\u0144ska marynarka wojenna oskar\u017cy\u0142a z kolei Rosj\u0119 o ostrzelanie dronem cywilnego tureckiego statku przewo\u017c\u0105cego olej s\u0142onecznikowy do <a href=\"https:\/\/wydarzenia.interia.pl\/tematy-egipt,gsbi,4368\" rel=\"nofollow noopener\" target=\"_blank\">Egiptu<\/a> dzie\u0144 po tym, jak Moskwa zaatakowa\u0142a dwa ukrai\u0144skie porty.<\/p>\n<p class=\"typography ids-typeset-body ids-typeset-body--preset-large link paragraph ids-paragraph ids-paragraph--default\">W o\u015bwiadczeniu opublikowanym na Telegramie marynarka wojenna poda\u0142a, \u017ce statek nosi\u0142 nazw\u0119 Viva. Na pok\u0142adzie by\u0142o 11 obywateli <a href=\"https:\/\/wydarzenia.interia.pl\/tematy-turcja,gsbi,3798\" rel=\"nofollow noopener\" target=\"_blank\">Turcji<\/a>. Dodano, \u017ce nikt nie zosta\u0142 ranny, a statek kontynuowa\u0142 podr\u00f3\u017c do Egiptu.<\/p>\n<p class=\"typography ids-typeset-body ids-typeset-body--preset-large link paragraph ids-paragraph ids-paragraph--default\">\u0179r\u00f3d\u0142a:\u00a0Kyiv Independent, Reuters<\/p>\n<p>&#8222;Prezydenci i premierzy&#8221;. Ze\u0142enski powinien dzi\u0119kowa\u0107 za MiG-i? Sprzeczka Bieleckiego z MilleremPolsat News<\/p>\n<p><a class=\"ids-undecorated-link source ids-page-info--source__link\" href=\"https:\/\/www.interia.pl\" rel=\"nofollow noopener\" target=\"_blank\"><img decoding=\"async\" class=\"ids-image-holder__img\" loading=\"lazy\" alt=\"\" title=\"\" height=\"24px\" src=\"https:\/\/www.europesays.com\/pl\/wp-content\/uploads\/2025\/12\/1765695808_231_0009A60QQ5I2TYF7-C202-F4.webp.webp\"\/><\/a><\/p>\n<p>Masz sugestie, uwagi albo widzisz b\u0142\u0105d? Napisz do nas<\/p>\n","protected":false},"excerpt":{"rendered":"W skr\u00f3cie Seria atak\u00f3w ukrai\u0144skich dron\u00f3w doprowadzi\u0142a do po\u017car\u00f3w w rosyjskich magazynach ropy i zak\u0142adach chemicznych. Rosyjskie obiekty&hellip;\n","protected":false},"author":2,"featured_media":150126,"comment_status":"","ping_status":"","sticky":false,"template":"","format":"standard","meta":{"footnotes":""},"categories":[14],"tags":[32,33,27,34,35,28,31,25,40,41,80,29,30,26,82,83,84],"class_list":{"0":"post-150125","1":"post","2":"type-post","3":"status-publish","4":"format-standard","5":"has-post-thumbnail","7":"category-swiat","8":"tag-breaking-news","9":"tag-breakingnews","10":"tag-headlines","11":"tag-latest-news","12":"tag-latestnews","13":"tag-naglowki","14":"tag-najwazniejsze-artykuly","15":"tag-news","16":"tag-polish","17":"tag-polski","18":"tag-swiat","19":"tag-top-stories","20":"tag-topstories","21":"tag-wiadomosci","22":"tag-world","23":"tag-world-news","24":"tag-worldnews"},"share_on_mastodon":{"url":"https:\/\/pubeurope.com\/@pl\/115717991877633512","error":""},"_links":{"self":[{"href":"https:\/\/www.europesays.com\/pl\/wp-json\/wp\/v2\/posts\/150125","targetHints":{"allow":["GET"]}}],"collection":[{"href":"https:\/\/www.europesays.com\/pl\/wp-json\/wp\/v2\/posts"}],"about":[{"href":"https:\/\/www.europesays.com\/pl\/wp-json\/wp\/v2\/types\/post"}],"author":[{"embeddable":true,"href":"https:\/\/www.europesays.com\/pl\/wp-json\/wp\/v2\/users\/2"}],"replies":[{"embeddable":true,"href":"https:\/\/www.europesays.com\/pl\/wp-json\/wp\/v2\/comments?post=150125"}],"version-history":[{"count":0,"href":"https:\/\/www.europesays.com\/pl\/wp-json\/wp\/v2\/posts\/150125\/revisions"}],"wp:featuredmedia":[{"embeddable":true,"href":"https:\/\/www.europesays.com\/pl\/wp-json\/wp\/v2\/media\/150126"}],"wp:attachment":[{"href":"https:\/\/www.europesays.com\/pl\/wp-json\/wp\/v2\/media?parent=150125"}],"wp:term":[{"taxonomy":"category","embeddable":true,"href":"https:\/\/www.europesays.com\/pl\/wp-json\/wp\/v2\/categories?post=150125"},{"taxonomy":"post_tag","embeddable":true,"href":"https:\/\/www.europesays.com\/pl\/wp-json\/wp\/v2\/tags?post=150125"}],"curies":[{"name":"wp","href":"https:\/\/api.w.org\/{rel}","templated":true}]}}