{"id":150138,"date":"2025-12-14T12:52:08","date_gmt":"2025-12-14T12:52:08","guid":{"rendered":"https:\/\/www.europesays.com\/pl\/150138\/"},"modified":"2025-12-14T12:52:08","modified_gmt":"2025-12-14T12:52:08","slug":"mocne-slowa-z-niemiec-merz-ostrzega-przed-scenariuszem-jak-z-1938-roku","status":"publish","type":"post","link":"https:\/\/www.europesays.com\/pl\/150138\/","title":{"rendered":"Mocne s\u0142owa z Niemiec. Merz ostrzega przed scenariuszem jak z 1938 roku"},"content":{"rendered":"<p class=\"art_paragraph\">S\u0142owa Merza pad\u0142y na jego sobotnim przem\u00f3wieniu na konwencji bawarskiej partii chadeckiej CSU w Monachium, gdzie przyby\u0142 jako szef siostrzanej CDU (chadecji w reszcie Niemiec). &#8222;Putin si\u0119 nie zatrzyma&#8221; &#8211; powiedzia\u0142 kanclerz. &#8222;Je\u015bli <a href=\"https:\/\/wiadomosci.gazeta.pl\/wojna-w-ukrainie#anchorLink\" rel=\"nofollow noopener\" target=\"_blank\">Ukraina<\/a> upadnie, wtedy on si\u0119 nie zatrzyma&#8221;. Doda\u0142, \u017ce celem Putina jest &#8222;fundamentalna zmiana granic w Europie, odbudowa dawnego Zwi\u0105zku Radzieckiego w jego dawnych granicach, co jest\u00a0ogromnym zagro\u017ceniem, w tym militarnym, dla kraj\u00f3w, kt\u00f3re kiedy\u015b wchodzi\u0142y w sk\u0142ad tego imperium&#8221;.<\/p>\n<p class=\"art_paragraph\">Dlatego priorytetem Europy musi by\u0107 pomoc dla Ukrainy, jedno\u015b\u0107 europejska i zdolno\u015bci obronne we wsp\u00f3\u0142pracy z Wielk\u0105 Brytani\u0105\u00a0&#8211; powiedzia\u0142 Friedrich Merz. Jak przypomnia\u0142, do ZSRR nale\u017ca\u0142y terytoria pa\u0144stw ba\u0142tyckich, a <a href=\"https:\/\/wiadomosci.gazeta.pl\/estonia#anchorLink\" rel=\"nofollow noopener\" target=\"_blank\">Estonia<\/a>, \u0141otwa i Litwa s\u0105 dzi\u015b cz\u0142onkami NATO i UE, podobnie jak inne pa\u0144stwa by\u0142ego bloku wschodniego.<\/p>\n<p class=\"art_paragraph\">Co wi\u0119cej, jak m\u00f3wi\u0142 Merz, chodzi o utrzymanie NATO, kt\u00f3rego istota jest coraz cz\u0119\u015bciej podwa\u017cana przez prezydenta USA <a href=\"https:\/\/wiadomosci.gazeta.pl\/donald-tusk#anchorLink\" rel=\"nofollow noopener\" target=\"_blank\">Donalda<\/a> Trumpa. &#8222;Tak d\u0142ugo, jak to mo\u017cliwe&#8221; &#8211; doda\u0142 Merz.<\/p>\n<p>\n    Zobacz wideo Nowego planu pokojowego Putin nie podpisze, bo nie ma w nim kluczowego elementu\n  <\/p>\n<p> Rozmowy w Berlinie ws. Ukrainy<\/p>\n<p class=\"art_paragraph\">Kanclerz nie skomentowa\u0142 wprost konsultacji ws. Ukrainy, kt\u00f3re maj\u0105 zacz\u0105\u0107 si\u0119 w niedziel\u0119 w Berlinie, a ich g\u0142\u00f3wna cz\u0119\u015b\u0107 ma odby\u0107 si\u0119 w poniedzia\u0142ek. Maj\u0105 na ni\u0105 przyby\u0107 liderzy pa\u0144stw UE, Wielkiej\u00a0Brytanii, a ze strony USA &#8211; Steve Witkoff, znajomy Donalda Trumpa i jego wys\u0142annik w negocjacjach ws. Ukrainy.<\/p>\n<p class=\"art_paragraph\">Friedrich Merz wspomnia\u0142 te\u017c o polityce wobec Rosji i analogiach do I wojny \u015bwiatowej. Wed\u0142ug niego s\u0105 one b\u0142\u0119dne. Powo\u0142a\u0142 si\u0119 na ksi\u0105\u017ck\u0119 australijskiego historyka Christophera Clarka &#8222;Lunatycy&#8221;: &#8222;Prawdopodobnie trafniejsze by\u0142oby u\u017cycie roku 1938 jako analogii historycznej&#8221;. W tym czasie Adolf Hitler poczu\u0142 si\u0119 o\u015bmielony w swojej imperialnej ekspansji polityk\u0105 ust\u0119pstw ze strony pa\u0144stw europejskich i w konsekwencji rozpocz\u0105\u0142 w 1939 r. II wojn\u0119 \u015bwiatow\u0105.<\/p>\n<p class=\"art_paragraph\">Jak doda\u0142, w tym kontek\u015bcie i w kontek\u015bcie zmian w USA i Rosji oraz Chinach musi si\u0119 te\u017c zmieni\u0107 polityka Niemiec: &#8222;Pewnego dnia nie b\u0119dziemy pytani, czy utrzymali\u015bmy zabezpieczenie spo\u0142eczne w niemieckim systemie emerytalnym o rok kr\u00f3cej, czy d\u0142u\u017cej&#8221;. Pytanie b\u0119dzie brzmia\u0142o, czy wnie\u015bli\u015bmy &#8222;maksymalny wk\u0142ad&#8221; w wolno\u015b\u0107 i pok\u00f3j w Europie.<\/p>\n<p class=\"art_paragraph\">***<\/p>\n<p class=\"art_paragraph\"><a href=\"https:\/\/www.dw.com\/pl\/putin-si%C4%99-nie-zatrzyma-merz-o-zagro%C5%BCeniu-ze-strony-rosji\/a-75145418\" class=\"art_link\" rel=\"nofollow noopener\" target=\"_blank\">Artyku\u0142 pochodzi z serwisu Deutsche Welle<\/a><\/p>\n","protected":false},"excerpt":{"rendered":"S\u0142owa Merza pad\u0142y na jego sobotnim przem\u00f3wieniu na konwencji bawarskiej partii chadeckiej CSU w Monachium, gdzie przyby\u0142 jako&hellip;\n","protected":false},"author":2,"featured_media":150139,"comment_status":"","ping_status":"","sticky":false,"template":"","format":"standard","meta":{"footnotes":""},"categories":[14],"tags":[32,33,27,34,35,28,31,25,40,41,80,29,30,26,82,83,84],"class_list":{"0":"post-150138","1":"post","2":"type-post","3":"status-publish","4":"format-standard","5":"has-post-thumbnail","7":"category-swiat","8":"tag-breaking-news","9":"tag-breakingnews","10":"tag-headlines","11":"tag-latest-news","12":"tag-latestnews","13":"tag-naglowki","14":"tag-najwazniejsze-artykuly","15":"tag-news","16":"tag-polish","17":"tag-polski","18":"tag-swiat","19":"tag-top-stories","20":"tag-topstories","21":"tag-wiadomosci","22":"tag-world","23":"tag-world-news","24":"tag-worldnews"},"share_on_mastodon":{"url":"https:\/\/pubeurope.com\/@pl\/115718019102802915","error":""},"_links":{"self":[{"href":"https:\/\/www.europesays.com\/pl\/wp-json\/wp\/v2\/posts\/150138","targetHints":{"allow":["GET"]}}],"collection":[{"href":"https:\/\/www.europesays.com\/pl\/wp-json\/wp\/v2\/posts"}],"about":[{"href":"https:\/\/www.europesays.com\/pl\/wp-json\/wp\/v2\/types\/post"}],"author":[{"embeddable":true,"href":"https:\/\/www.europesays.com\/pl\/wp-json\/wp\/v2\/users\/2"}],"replies":[{"embeddable":true,"href":"https:\/\/www.europesays.com\/pl\/wp-json\/wp\/v2\/comments?post=150138"}],"version-history":[{"count":0,"href":"https:\/\/www.europesays.com\/pl\/wp-json\/wp\/v2\/posts\/150138\/revisions"}],"wp:featuredmedia":[{"embeddable":true,"href":"https:\/\/www.europesays.com\/pl\/wp-json\/wp\/v2\/media\/150139"}],"wp:attachment":[{"href":"https:\/\/www.europesays.com\/pl\/wp-json\/wp\/v2\/media?parent=150138"}],"wp:term":[{"taxonomy":"category","embeddable":true,"href":"https:\/\/www.europesays.com\/pl\/wp-json\/wp\/v2\/categories?post=150138"},{"taxonomy":"post_tag","embeddable":true,"href":"https:\/\/www.europesays.com\/pl\/wp-json\/wp\/v2\/tags?post=150138"}],"curies":[{"name":"wp","href":"https:\/\/api.w.org\/{rel}","templated":true}]}}