{"id":150150,"date":"2025-12-14T13:00:10","date_gmt":"2025-12-14T13:00:10","guid":{"rendered":"https:\/\/www.europesays.com\/pl\/150150\/"},"modified":"2025-12-14T13:00:10","modified_gmt":"2025-12-14T13:00:10","slug":"wypadek-autokaru-w-rzeszowie-przejechal-przez-rondo-i-wypadl-z-drogi-10-osob-rannych","status":"publish","type":"post","link":"https:\/\/www.europesays.com\/pl\/150150\/","title":{"rendered":"Wypadek autokaru w Rzeszowie. Przejecha\u0142 przez rondo i wypad\u0142 z drogi. 10 os\u00f3b rannych"},"content":{"rendered":"<p>Wypadek autokaru w Rzeszowie<\/p>\n<p class=\"art_paragraph\">W niedziel\u0119 (14 grudnia) oko\u0142o godziny 7 rano dosz\u0142o do wypadku autokaru na rondzie Jacka Kuronia w Rzeszowie. &#8211;\u00a0Kieruj\u0105cy autobusem marki Scania, jad\u0105c drog\u0105 nr 97 od strony autostrady A4, wjecha\u0142 na rondo, przeje\u017cd\u017caj\u0105c przez jego \u015brodek. Zatrzyma\u0142 si\u0119 na pasie zieleni &#8211; powiedzia\u0142 Polskiemu Radiu nadkomisarz Piotr Wojtunik, rzecznik prasowy komendanta podkarpackiej policji.\u00a0<\/p>\n<p>S\u0105 ranni<\/p>\n<p class=\"art_paragraph\">W\u00a0chwili zdarzenia autobusem podr\u00f3\u017cowa\u0142o 47 os\u00f3b. 10 z nich zosta\u0142o poszkodowanych. Na miejscu udzielono im pierwszej pomocy. Jak przekaza\u0142a rzeczniczka rzeszowskiej komendy w rozmowie z TVN24, siedem os\u00f3b trafi\u0142o do szpitala. &#8211;\u00a0Maj\u0105 og\u00f3lne pot\u0142uczenia. Nic nie wskazuje na to, \u017ce ich \u017cyciu zagra\u017ca niebezpiecze\u0144stwo &#8211; przekaza\u0142a podkom. Magdalena \u017buk.\u00a0\u00a0<\/p>\n<p>        Zobacz wideo<\/p>\n<p>            13-latek ucieka\u0142 audi przed ostrowieckimi policjantami\n    <\/p>\n<p>Kierowca by\u0142 trze\u017awy<\/p>\n<p class=\"art_paragraph\">Podkomisarz \u017buk poinformowa\u0142a r\u00f3wnie\u017c, \u017ce w autokarze by\u0142o dw\u00f3ch kierowc\u00f3w. W chwili wypadku za kierownic\u0105 by\u0142 34-letni obywatel Bia\u0142orusi. Drugi, Polak, w tym momencie odpoczywa\u0142. Policja obu przebada\u0142a pod k\u0105tem obecno\u015bci alkoholu. Byli trze\u017awi. Jedna z hipotez branych pod uwag\u0119 przez s\u0142u\u017cby m\u00f3wi o tym, \u017ce kierowca m\u00f3g\u0142 zasn\u0105\u0107 za kierownic\u0105. Wed\u0142ug informacji\u00a0Polskiego Radia Rzesz\u00f3w autokarem podr\u00f3\u017cowali tury\u015bci z Bia\u0142orusi, kt\u00f3rzy jechali na wycieczk\u0119 na W\u0119gry.\u00a0<\/p>\n<p class=\"art_paragraph\">Przeczytaj tak\u017ce: <a href=\"https:\/\/wiadomosci.gazeta.pl\/polska\/7,198073,32469023,opolskie-7-latek-potracil-autem-5-letnia-siostre.html#google_vignette\" class=\"art_link\" rel=\"dofollow noopener\" target=\"_blank\">Opolskie: 7-latek potr\u0105ci\u0142 autem 5-letni\u0105 siostr\u0119<\/a><\/p>\n<p>\u0179r\u00f3d\u0142a: Polskie Radio, TVN24, Polskie Radio Rzesz\u00f3w<\/p>\n","protected":false},"excerpt":{"rendered":"Wypadek autokaru w Rzeszowie W niedziel\u0119 (14 grudnia) oko\u0142o godziny 7 rano dosz\u0142o do wypadku autokaru na rondzie&hellip;\n","protected":false},"author":2,"featured_media":150151,"comment_status":"","ping_status":"","sticky":false,"template":"","format":"standard","meta":{"footnotes":""},"categories":[12],"tags":[32,33,36,37,27,34,35,28,31,25,42,38,40,39,41,29,30,26],"class_list":{"0":"post-150150","1":"post","2":"type-post","3":"status-publish","4":"format-standard","5":"has-post-thumbnail","7":"category-polska","8":"tag-breaking-news","9":"tag-breakingnews","10":"tag-featured-news","11":"tag-featurednews","12":"tag-headlines","13":"tag-latest-news","14":"tag-latestnews","15":"tag-naglowki","16":"tag-najwazniejsze-artykuly","17":"tag-news","18":"tag-pl","19":"tag-poland","20":"tag-polish","21":"tag-polska","22":"tag-polski","23":"tag-top-stories","24":"tag-topstories","25":"tag-wiadomosci"},"share_on_mastodon":{"url":"https:\/\/pubeurope.com\/@pl\/115718050627404474","error":""},"_links":{"self":[{"href":"https:\/\/www.europesays.com\/pl\/wp-json\/wp\/v2\/posts\/150150","targetHints":{"allow":["GET"]}}],"collection":[{"href":"https:\/\/www.europesays.com\/pl\/wp-json\/wp\/v2\/posts"}],"about":[{"href":"https:\/\/www.europesays.com\/pl\/wp-json\/wp\/v2\/types\/post"}],"author":[{"embeddable":true,"href":"https:\/\/www.europesays.com\/pl\/wp-json\/wp\/v2\/users\/2"}],"replies":[{"embeddable":true,"href":"https:\/\/www.europesays.com\/pl\/wp-json\/wp\/v2\/comments?post=150150"}],"version-history":[{"count":0,"href":"https:\/\/www.europesays.com\/pl\/wp-json\/wp\/v2\/posts\/150150\/revisions"}],"wp:featuredmedia":[{"embeddable":true,"href":"https:\/\/www.europesays.com\/pl\/wp-json\/wp\/v2\/media\/150151"}],"wp:attachment":[{"href":"https:\/\/www.europesays.com\/pl\/wp-json\/wp\/v2\/media?parent=150150"}],"wp:term":[{"taxonomy":"category","embeddable":true,"href":"https:\/\/www.europesays.com\/pl\/wp-json\/wp\/v2\/categories?post=150150"},{"taxonomy":"post_tag","embeddable":true,"href":"https:\/\/www.europesays.com\/pl\/wp-json\/wp\/v2\/tags?post=150150"}],"curies":[{"name":"wp","href":"https:\/\/api.w.org\/{rel}","templated":true}]}}