{"id":150152,"date":"2025-12-14T13:01:30","date_gmt":"2025-12-14T13:01:30","guid":{"rendered":"https:\/\/www.europesays.com\/pl\/150152\/"},"modified":"2025-12-14T13:01:30","modified_gmt":"2025-12-14T13:01:30","slug":"putin-sie-nie-zatrzyma-merz-o-zagrozeniu-ze-strony-rosji","status":"publish","type":"post","link":"https:\/\/www.europesays.com\/pl\/150152\/","title":{"rendered":"&#8222;Putin si\u0119 nie zatrzyma&#8221;. Merz o zagro\u017ceniu ze strony Rosji"},"content":{"rendered":"<p class=\"Paragraph_desktopParagraph__U31Gm\">S\u0142owa Merza pad\u0142y na jego sobotnim przem\u00f3wieniu na konwencji bawarskiej partii chadeckiej CSU w Monachium, gdzie przyby\u0142 jako szef siostrzanej CDU (chadecji w reszcie Niemiec).<\/p>\n<p class=\"Paragraph_desktopParagraph__U31Gm\">&#8222;Putin si\u0119 nie zatrzyma&#8221; \u2014 powiedzia\u0142 kanclerz. &#8222;Je\u015bli Ukraina upadnie, wtedy on si\u0119 nie zatrzyma&#8221;. Doda\u0142, \u017ce celem Putina jest &#8222;fundamentalna zmiana granic w Europie, odbudowa dawnego Zwi\u0105zku Radzieckiego w jego dawnych granicach, co jest ogromnym zagro\u017ceniem, w tym militarnym, dla kraj\u00f3w, kt\u00f3re kiedy\u015b wchodzi\u0142y w sk\u0142ad \u200b\u200btego imperium&#8221;.<\/p>\n<ul class=\"OchatFollowUps_wrapper__1ry7X\">\n<li class=\"OchatFollowUps_item__Dhyly OchatFollowUps_itemDesktop__R6aBv\">Co powiedzia\u0142 Friedrich Merz o Putinie?<\/li>\n<li class=\"OchatFollowUps_item__Dhyly OchatFollowUps_itemDesktop__R6aBv\">Jakie s\u0105 priorytety Europy wed\u0142ug Merza?<\/li>\n<li class=\"OchatFollowUps_item__Dhyly OchatFollowUps_itemDesktop__R6aBv\">Kiedy maj\u0105 si\u0119 odby\u0107 konsultacje w Berlinie w sprawie Ukrainy?<\/li>\n<li class=\"OchatFollowUps_item__Dhyly OchatFollowUps_itemDesktop__R6aBv\">Jakie analogie historyczne przywo\u0142a\u0142 Merz?<\/li>\n<\/ul>\n<p class=\"Paragraph_desktopParagraph__U31Gm\">Dlatego priorytetem Europy musi by\u0107 pomoc dla Ukrainy, jedno\u015b\u0107 europejska i zdolno\u015bci obronne we wsp\u00f3\u0142pracy z Wielk\u0105 Brytani\u0105 \u2014 powiedzia\u0142 Friedrich Merz. Jak przypomnia\u0142, do ZSRR nale\u017ca\u0142y terytoria pa\u0144stw ba\u0142tyckich, a Estonia, \u0141otwa i Litwa s\u0105 dzi\u015b cz\u0142onkami NATO i UE, podobnie jak inne pa\u0144stwa by\u0142ego bloku wschodniego.<\/p>\n<p class=\"Paragraph_desktopParagraph__U31Gm\">Co wi\u0119cej, jak m\u00f3wi\u0142 Merz, chodzi o utrzymanie NATO, kt\u00f3rego istota jest coraz cz\u0119\u015bciej podwa\u017cana przez prezydenta USA Donalda Trumpa. &#8222;Tak d\u0142ugo, jak to mo\u017cliwe&#8221; \u2014 doda\u0142 Merz.<\/p>\n<p>Rozmowy w Berlinie w sprawie Ukrainy <\/p>\n<p class=\"Paragraph_desktopParagraph__U31Gm\">Kanclerz nie skomentowa\u0142 wprost konsultacji w sprawie Ukrainy, kt\u00f3re maj\u0105 zacz\u0105\u0107 si\u0119 w niedziel\u0119 w Berlinie, a ich g\u0142\u00f3wna cz\u0119\u015b\u0107 ma odby\u0107 si\u0119 w poniedzia\u0142ek. Maj\u0105 na ni\u0105 przyby\u0107 liderzy pa\u0144stw UE, Wielkiej Brytanii, a ze strony USA \u2014 Steve Witkoff, znajomy Donalda Trumpa i jego wys\u0142annik w negocjacjach w sprawie Ukrainy.<\/p>\n<p class=\"Paragraph_desktopParagraph__U31Gm\">Friedrich Merz wspomnia\u0142 te\u017c o polityce wobec Rosji i analogiach do I wojny \u015bwiatowej. Wed\u0142ug niego s\u0105 one b\u0142\u0119dne. Powo\u0142a\u0142 si\u0119 na ksi\u0105\u017ck\u0119 australijskiego historyka Christophera Clarka &#8222;Lunatycy&#8221;: &#8222;Prawdopodobnie trafniejsze by\u0142oby u\u017cycie roku 1938 jako analogii historycznej&#8221;. W tym czasie Adolf Hitler poczu\u0142 si\u0119 o\u015bmielony w swojej imperialnej ekspansji polityk\u0105 ust\u0119pstw ze strony pa\u0144stw europejskich i w konsekwencji rozpocz\u0105\u0142 w 1939 r. II wojn\u0119 \u015bwiatow\u0105.<\/p>\n<p class=\"Paragraph_desktopParagraph__U31Gm\">Jak doda\u0142, w tym kontek\u015bcie i w kontek\u015bcie zmian w USA i Rosji oraz Chinach musi si\u0119 te\u017c zmieni\u0107 polityka Niemiec: &#8222;Pewnego dnia nie b\u0119dziemy pytani, czy utrzymali\u015bmy zabezpieczenie spo\u0142eczne w niemieckim systemie emerytalnym o rok kr\u00f3cej, czy d\u0142u\u017cej&#8221;. Pytanie b\u0119dzie brzmia\u0142o, czy wnie\u015bli\u015bmy &#8222;maksymalny wk\u0142ad&#8221; w wolno\u015b\u0107 i pok\u00f3j w Europie.<\/p>\n<p class=\"Paragraph_desktopParagraph__U31Gm\">(Reuters\/mar)<\/p>\n","protected":false},"excerpt":{"rendered":"S\u0142owa Merza pad\u0142y na jego sobotnim przem\u00f3wieniu na konwencji bawarskiej partii chadeckiej CSU w Monachium, gdzie przyby\u0142 jako&hellip;\n","protected":false},"author":2,"featured_media":150153,"comment_status":"","ping_status":"","sticky":false,"template":"","format":"standard","meta":{"footnotes":""},"categories":[5],"tags":[32,33,311,36,37,27,27619,6821,34,35,19839,28,31,53,25383,25,52,68,51,55,42,38,40,39,41,47,29,30,50,26],"class_list":{"0":"post-150152","1":"post","2":"type-post","3":"status-publish","4":"format-standard","5":"has-post-thumbnail","7":"category-naglowki","8":"tag-breaking-news","9":"tag-breakingnews","10":"tag-deutsche_welle","11":"tag-featured-news","12":"tag-featurednews","13":"tag-headlines","14":"tag-inst_tst0","15":"tag-job","16":"tag-latest-news","17":"tag-latestnews","18":"tag-mp_player_tst0","19":"tag-naglowki","20":"tag-najwazniejsze-artykuly","21":"tag-new_header","22":"tag-new_layout_tst0","23":"tag-news","24":"tag-onet3","25":"tag-onet3d","26":"tag-onet3d_2i","27":"tag-phx","28":"tag-pl","29":"tag-poland","30":"tag-polish","31":"tag-polska","32":"tag-polski","33":"tag-screening_general","34":"tag-top-stories","35":"tag-topstories","36":"tag-v2021","37":"tag-wiadomosci"},"share_on_mastodon":{"url":"https:\/\/pubeurope.com\/@pl\/115718054646180452","error":""},"_links":{"self":[{"href":"https:\/\/www.europesays.com\/pl\/wp-json\/wp\/v2\/posts\/150152","targetHints":{"allow":["GET"]}}],"collection":[{"href":"https:\/\/www.europesays.com\/pl\/wp-json\/wp\/v2\/posts"}],"about":[{"href":"https:\/\/www.europesays.com\/pl\/wp-json\/wp\/v2\/types\/post"}],"author":[{"embeddable":true,"href":"https:\/\/www.europesays.com\/pl\/wp-json\/wp\/v2\/users\/2"}],"replies":[{"embeddable":true,"href":"https:\/\/www.europesays.com\/pl\/wp-json\/wp\/v2\/comments?post=150152"}],"version-history":[{"count":0,"href":"https:\/\/www.europesays.com\/pl\/wp-json\/wp\/v2\/posts\/150152\/revisions"}],"wp:featuredmedia":[{"embeddable":true,"href":"https:\/\/www.europesays.com\/pl\/wp-json\/wp\/v2\/media\/150153"}],"wp:attachment":[{"href":"https:\/\/www.europesays.com\/pl\/wp-json\/wp\/v2\/media?parent=150152"}],"wp:term":[{"taxonomy":"category","embeddable":true,"href":"https:\/\/www.europesays.com\/pl\/wp-json\/wp\/v2\/categories?post=150152"},{"taxonomy":"post_tag","embeddable":true,"href":"https:\/\/www.europesays.com\/pl\/wp-json\/wp\/v2\/tags?post=150152"}],"curies":[{"name":"wp","href":"https:\/\/api.w.org\/{rel}","templated":true}]}}