{"id":150160,"date":"2025-12-14T13:07:08","date_gmt":"2025-12-14T13:07:08","guid":{"rendered":"https:\/\/www.europesays.com\/pl\/150160\/"},"modified":"2025-12-14T13:07:08","modified_gmt":"2025-12-14T13:07:08","slug":"nowa-lewica-wybrala-szefa-partii-jest-nazwisko","status":"publish","type":"post","link":"https:\/\/www.europesays.com\/pl\/150160\/","title":{"rendered":"Nowa Lewica wybra\u0142a szefa partii. Jest nazwisko"},"content":{"rendered":"<p class=\"article-p\" data-section=\"detail-body\">Nowa Lewica zebra\u0142a si\u0119 w niedziel\u0119 (14 grudnia) na Kongresie Krajowym w Air Port Hotel Ok\u0119cie w Warszawie. Wydarzenie podsumowuje trwaj\u0105c\u0105 od pa\u017adziernika kampani\u0119 sprawozdawczo-wyborcz\u0105. Zwie\u0144czeniem prac jest wyb\u00f3r nowego kierownictwa.<\/p>\n<p class=\"article-p\" data-section=\"detail-body\"><a href=\"https:\/\/www.fakt.pl\/polityka\/wielki-polski-exodus-wymowna-reakcja-donalda-tuska\/xwnrdpb\" id=\"db307ca4-2862-4314-91d6-4c1cd2a66309\" rel=\"nofollow noopener\" target=\"_blank\">Tusk komentuje &#8222;wielki polski exodus&#8221;. Kr\u00f3tko, ale wymownie<\/a><\/p>\n<p class=\"article-p\" data-section=\"detail-body\">&#8222;Marsza\u0142ek W\u0142odzimierz Czarzasty zosta\u0142 szefem Nowej Lewicy!&#8221; \u2014 poinformowano po po\u0142udniu w mediach spo\u0142eczno\u015bciowych partii. Wszystko wskazuje na to, \u017ce dotychczasowy wsp\u00f3\u0142przewodnicz\u0105cy ugrupowania by\u0142 jedynym kandydatem na t\u0119 funkcj\u0119.<\/p>\n<p class=\"article-p\" data-section=\"detail-body\">\u2014 Zdecydowa\u0142em si\u0119 po dyskusji w ramach ekipy, co podkre\u015blam bardzo mocno, startowa\u0107 na przewodnicz\u0105cego partii \u2014 m\u00f3wi\u0142 podczas wsp\u00f3lnej konferencji z Agnieszk\u0105 Dziemianowicz-B\u0105k, Krzysztofem Gawkowskim i Tomaszem Trel\u0105.<\/p>\n<p class=\"article-p\" data-section=\"detail-body\">\u2014 Ustalili\u015bmy, \u017ce b\u0119dziemy prosili kongres, \u017ceby pan premier Gawkowski zosta\u0142 I wiceprzewodnicz\u0105cym partii \u2014 doda\u0142 w\u00f3wczas Czarzasty. Wspomniani dzia\u0142acze wcze\u015bniej wyra\u017cali w mediach ch\u0119\u0107 obj\u0119cia funkcji przewodnicz\u0105cego. Swoj\u0105 kandydatur\u0119 zapowiada\u0142 te\u017c Marcin Kulasek.<\/p>\n<p class=\"article-p\" data-section=\"detail-body\">Dzia\u0142acze Nowej Lewicy relacjonuj\u0105 niedzielne wydarzenie w mediach spo\u0142eczno\u015bciowych. &#8222;Dzi\u015b \u015bwi\u0119to partii! Nowa Lewica wybierze w\u0142adze. Zaraz zaczynamy&#8221; &#8211; pisa\u0142 przed po\u0142udniem Gawkowski. Zdj\u0119ciem z wydarzenia podzieli\u0142 si\u0119 te\u017c Trela. <\/p>\n<p class=\"article-p\" data-section=\"detail-body\"><a href=\"https:\/\/www.fakt.pl\/polityka\/viktor-orban-o-zamrozeniu-rosyjskich-aktywow-to-deklaracja-wojny\/zhjt813\" id=\"8c84f596-cf38-4566-ad99-acbfff2c2942\" rel=\"nofollow noopener\" target=\"_blank\">Orban kr\u00f3tko skwitowa\u0142 cios UE w Rosj\u0119.&#8221;To deklaracja wojny&#8221;<\/a><\/p>\n<p class=\"article-p\" data-section=\"detail-body\">\u0179r\u00f3d\u0142o: Fakt \/ X<\/p>\n","protected":false},"excerpt":{"rendered":"Nowa Lewica zebra\u0142a si\u0119 w niedziel\u0119 (14 grudnia) na Kongresie Krajowym w Air Port Hotel Ok\u0119cie w Warszawie.&hellip;\n","protected":false},"author":2,"featured_media":150161,"comment_status":"","ping_status":"","sticky":false,"template":"","format":"standard","meta":{"footnotes":""},"categories":[12],"tags":[32,33,36,37,27,34,35,28,31,25,42,38,40,39,41,29,30,26],"class_list":{"0":"post-150160","1":"post","2":"type-post","3":"status-publish","4":"format-standard","5":"has-post-thumbnail","7":"category-polska","8":"tag-breaking-news","9":"tag-breakingnews","10":"tag-featured-news","11":"tag-featurednews","12":"tag-headlines","13":"tag-latest-news","14":"tag-latestnews","15":"tag-naglowki","16":"tag-najwazniejsze-artykuly","17":"tag-news","18":"tag-pl","19":"tag-poland","20":"tag-polish","21":"tag-polska","22":"tag-polski","23":"tag-top-stories","24":"tag-topstories","25":"tag-wiadomosci"},"share_on_mastodon":{"url":"https:\/\/pubeurope.com\/@pl\/115718078190166900","error":""},"_links":{"self":[{"href":"https:\/\/www.europesays.com\/pl\/wp-json\/wp\/v2\/posts\/150160","targetHints":{"allow":["GET"]}}],"collection":[{"href":"https:\/\/www.europesays.com\/pl\/wp-json\/wp\/v2\/posts"}],"about":[{"href":"https:\/\/www.europesays.com\/pl\/wp-json\/wp\/v2\/types\/post"}],"author":[{"embeddable":true,"href":"https:\/\/www.europesays.com\/pl\/wp-json\/wp\/v2\/users\/2"}],"replies":[{"embeddable":true,"href":"https:\/\/www.europesays.com\/pl\/wp-json\/wp\/v2\/comments?post=150160"}],"version-history":[{"count":0,"href":"https:\/\/www.europesays.com\/pl\/wp-json\/wp\/v2\/posts\/150160\/revisions"}],"wp:featuredmedia":[{"embeddable":true,"href":"https:\/\/www.europesays.com\/pl\/wp-json\/wp\/v2\/media\/150161"}],"wp:attachment":[{"href":"https:\/\/www.europesays.com\/pl\/wp-json\/wp\/v2\/media?parent=150160"}],"wp:term":[{"taxonomy":"category","embeddable":true,"href":"https:\/\/www.europesays.com\/pl\/wp-json\/wp\/v2\/categories?post=150160"},{"taxonomy":"post_tag","embeddable":true,"href":"https:\/\/www.europesays.com\/pl\/wp-json\/wp\/v2\/tags?post=150160"}],"curies":[{"name":"wp","href":"https:\/\/api.w.org\/{rel}","templated":true}]}}