{"id":150162,"date":"2025-12-14T13:08:07","date_gmt":"2025-12-14T13:08:07","guid":{"rendered":"https:\/\/www.europesays.com\/pl\/150162\/"},"modified":"2025-12-14T13:08:07","modified_gmt":"2025-12-14T13:08:07","slug":"odebrali-polsce-historyczna-impreze-to-sie-nie-miesci-w-glowie","status":"publish","type":"post","link":"https:\/\/www.europesays.com\/pl\/150162\/","title":{"rendered":"Odebrali Polsce historyczn\u0105 imprez\u0119! To si\u0119 nie mie\u015bci w g\u0142owie"},"content":{"rendered":"<p class=\"art_paragraph\"><a href=\"https:\/\/www.sport.pl\/polska#anchorLink\" rel=\"nofollow noopener\" target=\"_blank\">Polska<\/a> od lat nale\u017cy do czo\u0142owych nacji w \u015bwiatowej lekkiej atletyce. Mimo to jeszcze ani razu nie zorganizowa\u0142a mistrzostw \u015bwiata ani mistrzostw Europy na otwartym stadionie. Wszystko mia\u0142o si\u0119 zmieni\u0107 w 2028 r. To w\u0142a\u015bnie na wtedy planowane by\u0142y mistrzostwa Europy w Chorzowie. Tymczasem nagle nast\u0105pi\u0142 w tej sprawie nieoczekiwany zwrot.<\/p>\n<p>\n    Zobacz wideo Pi\u0142karze Legii baluj\u0105 po przegranych meczach? Kosecki: Po remisie z Lechi\u0105 pi\u0142karze bawili si\u0119 w klubie\n  <\/p>\n<p> Polska mia\u0142a zorganizowa\u0107 wielk\u0105 imprez\u0119. Niespe\u0142na trzy lata przed ni\u0105 nast\u0105pi\u0142 zwrot<\/p>\n<p class=\"art_paragraph\">O tym, \u017ce Polska dosta\u0142a prawo do organizacji mistrzostw dowiedzieli\u015bmy si\u0119 w maju 2021 r. W\u00f3wczas oficjalnie na <a href=\"https:\/\/pzla.pl\/aktualnosci\/12197-mistrzostwa-europy-2028-na-stadionie-laskim\" class=\"art_link\" rel=\"nofollow noopener\" target=\"_blank\">swojej stronie internetowej<\/a> chwali\u0142 si\u0119 tym Polski Zwi\u0105zek Lekkiej Atletyki. Chorz\u00f3w stara\u0142 si\u0119 w\u00f3wczas o mistrzostwa w 2024 r. Te ostatecznie przypad\u0142y Rzymowi. Przedstawiciele\u00a0European Athletics zgodzili si\u0119 jednak, by na \u015al\u0105sku impreza go\u015bci\u0142a cztery lata p\u00f3\u017aniej. &#8211; Stadion \u015al\u0105ski jako gospodarz Dru\u017cynowych Mistrzostw Europy w <a href=\"https:\/\/www.sport.pl\/lekkoatletyka\/0,0.html#anchorLink\" rel=\"nofollow noopener\" target=\"_blank\">Lekkoatletyce<\/a> stan\u0105\u0142 na wysoko\u015bci zadania i udowodni\u0142, \u017ce jest godnym zaufania partnerem do organizacji tego typu imprez &#8211; chwali\u0142 w 2021 r. \u00f3wczesny p.o. prezydenta European Athletics, Dobromir Karamarinov.<\/p>\n<p class=\"art_paragraph\">Wydawa\u0142o si\u0119, \u017ce tamte deklaracje by\u0142y wi\u0105\u017c\u0105ce i ostatecznie. Teraz jednak do szokuj\u0105cych ustale\u0144 dotar\u0142 katowicki &#8222;<a href=\"https:\/\/dzienniksport.com.pl\/p\/dlaczego-znow-musimy-bic-sie-o-mistrzostwa,f6663be834\" class=\"art_link\" rel=\"nofollow noopener\" target=\"_blank\">Sport<\/a>&#8222;. Jak ujawni\u0142, mistrzostwa zosta\u0142y Polsce odebrane i je\u015bli nadal chcemy je zorganizowa\u0107, musimy si\u0119 o nie ponownie ubiega\u0107. Dlaczego?<\/p>\n<p> To dlatego zabrali Polsce mistrzostwa Europy. &#8222;Zmieni\u0142y si\u0119 warunki&#8221;<\/p>\n<p class=\"art_paragraph\">Odpowiedzi na to pytanie udzieli\u0142\u00a0Marek Plawgo, wiceprezes <a href=\"https:\/\/www.sport.pl\/pzla#anchorLink\" rel=\"nofollow noopener\" target=\"_blank\">PZLA<\/a>. &#8211; Od 2021 roku zmieni\u0142y si\u0119 warunki, na barki organizatora spada zabezpieczenie \u015brodk\u00f3w na nagrody dla sportowc\u00f3w, kt\u00f3rych przed Rzymem nie wyp\u0142acano, a to dodatkowe 2-3 miliony <a href=\"https:\/\/www.sport.pl\/euro\/0,0.html#anchorLink\" rel=\"nofollow noopener\" target=\"_blank\">euro<\/a> w bud\u017cecie zawod\u00f3w. Zg\u0142osi\u0142 si\u0119 te\u017c Belgrad i postanowiono wszcz\u0105\u0107 ponown\u0105 procedur\u0119 &#8211; wyja\u015bni\u0142 w rozmowie ze &#8222;Sportem&#8221;. Okaza\u0142o si\u0119 r\u00f3wnie\u017c, \u017ce teraz\u00a0Polska, je\u015bli chce pozosta\u0107 w stawce, musi wnie\u015b\u0107 \u0142\u0105cznie 140 mln z\u0142 gwarancji finansowych.<\/p>\n<p class=\"art_paragraph\">Pierwotnie Chorz\u00f3w otrzyma\u0142 prawo do organizacji mistrzostw poza oficjaln\u0105 procedur\u0105 wyboru. Wed\u0142ug\u00a0Petera Sandersona &#8211; rzecznika EA &#8211; by\u0142o ono jednak &#8222;uzale\u017cnione od pisemnego zobowi\u0105zania wraz z aktualizacj\u0105 plan\u00f3w i bud\u017cetu&#8221;. &#8211; Z powodu wzrostu koszt\u00f3w edycji 2028 przy nowych warunkach, a tak\u017ce pod wp\u0142ywem pandemii i inflacji, bud\u017cet wymaga\u0142 istotnego przegl\u0105du, co wymaga\u0142o nowych dyskusji z rz\u0105dem polskim i regionem \u015al\u0105ska. W zwi\u0105zku z tym musiano otworzy\u0107 nowy proces ofertowy i obecnie w procedurze uczestnicz\u0105 dwaj kandydaci: Belgrad w <a href=\"https:\/\/www.sport.pl\/serbia#anchorLink\" rel=\"nofollow noopener\" target=\"_blank\">Serbii<\/a> i \u015al\u0105sk w Polsce &#8211; podsumowa\u0142.<\/p>\n","protected":false},"excerpt":{"rendered":"Polska od lat nale\u017cy do czo\u0142owych nacji w \u015bwiatowej lekkiej atletyce. Mimo to jeszcze ani razu nie zorganizowa\u0142a&hellip;\n","protected":false},"author":2,"featured_media":150163,"comment_status":"","ping_status":"","sticky":false,"template":"","format":"standard","meta":{"footnotes":""},"categories":[5],"tags":[32,33,36,37,27,34,35,28,31,25,42,38,40,39,41,29,30,26],"class_list":{"0":"post-150162","1":"post","2":"type-post","3":"status-publish","4":"format-standard","5":"has-post-thumbnail","7":"category-naglowki","8":"tag-breaking-news","9":"tag-breakingnews","10":"tag-featured-news","11":"tag-featurednews","12":"tag-headlines","13":"tag-latest-news","14":"tag-latestnews","15":"tag-naglowki","16":"tag-najwazniejsze-artykuly","17":"tag-news","18":"tag-pl","19":"tag-poland","20":"tag-polish","21":"tag-polska","22":"tag-polski","23":"tag-top-stories","24":"tag-topstories","25":"tag-wiadomosci"},"share_on_mastodon":{"url":"https:\/\/pubeurope.com\/@pl\/115718082022022065","error":""},"_links":{"self":[{"href":"https:\/\/www.europesays.com\/pl\/wp-json\/wp\/v2\/posts\/150162","targetHints":{"allow":["GET"]}}],"collection":[{"href":"https:\/\/www.europesays.com\/pl\/wp-json\/wp\/v2\/posts"}],"about":[{"href":"https:\/\/www.europesays.com\/pl\/wp-json\/wp\/v2\/types\/post"}],"author":[{"embeddable":true,"href":"https:\/\/www.europesays.com\/pl\/wp-json\/wp\/v2\/users\/2"}],"replies":[{"embeddable":true,"href":"https:\/\/www.europesays.com\/pl\/wp-json\/wp\/v2\/comments?post=150162"}],"version-history":[{"count":0,"href":"https:\/\/www.europesays.com\/pl\/wp-json\/wp\/v2\/posts\/150162\/revisions"}],"wp:featuredmedia":[{"embeddable":true,"href":"https:\/\/www.europesays.com\/pl\/wp-json\/wp\/v2\/media\/150163"}],"wp:attachment":[{"href":"https:\/\/www.europesays.com\/pl\/wp-json\/wp\/v2\/media?parent=150162"}],"wp:term":[{"taxonomy":"category","embeddable":true,"href":"https:\/\/www.europesays.com\/pl\/wp-json\/wp\/v2\/categories?post=150162"},{"taxonomy":"post_tag","embeddable":true,"href":"https:\/\/www.europesays.com\/pl\/wp-json\/wp\/v2\/tags?post=150162"}],"curies":[{"name":"wp","href":"https:\/\/api.w.org\/{rel}","templated":true}]}}