{"id":150166,"date":"2025-12-14T13:10:09","date_gmt":"2025-12-14T13:10:09","guid":{"rendered":"https:\/\/www.europesays.com\/pl\/150166\/"},"modified":"2025-12-14T13:10:09","modified_gmt":"2025-12-14T13:10:09","slug":"mikolaj-roznerski-padl-ofiara-oszustwa-nie-kryje-oburzenia-okropny-paszkwil","status":"publish","type":"post","link":"https:\/\/www.europesays.com\/pl\/150166\/","title":{"rendered":"Miko\u0142aj Roznerski pad\u0142 ofiar\u0105 oszustwa. Nie kryje oburzenia: okropny paszkwil"},"content":{"rendered":"<p class=\"ods-c-paragraph \"><a href=\"https:\/\/plejada.pl\/temat\/mikolaj-roznerski\/bgrql3w\" id=\"72dda9ec-2c90-42ad-b9c7-9594de3a2e0b\" rel=\"nofollow noopener\" target=\"_blank\">Miko\u0142aj Roznerski<\/a> od lat dobrze jest znany widzom &#8222;M jak mi\u0142o\u015b\u0107&#8221;. Ma\u0142o tego aktor od tego roku prowadzi hitowy program &#8222;The Floor&#8221; emitowany na antenie TVN. Kariera aktora rozwija si\u0119 w zaskakuj\u0105cym tempie, a niedawno mia\u0142 premier\u0119 \u015bwi\u0105teczny film &#8222;Piernikowe serce&#8221; z jego udzia\u0142em.<\/p>\n<p>Dalszy ci\u0105g artyku\u0142u pod materia\u0142em wideo<\/p>\n<p> Co si\u0119 sta\u0142o z Miko\u0142ajem Roznerskim? <\/p>\n<p> Jak zareagowa\u0142 Miko\u0142aj Roznerski na fa\u0142szywe informacje? <\/p>\n<p> Co eksperci m\u00f3wi\u0105 o bezpiecze\u0144stwie w sieci? <\/p>\n<p> Jaki program prowadzi Miko\u0142aj Roznerski? <\/p>\n<p>  Roznerski oburzony fa\u0142szywymi artyku\u0142ami na jego temat. &#8222;Za\u0142amuj\u0119 r\u0119ce&#8221;<\/p>\n<p class=\"ods-c-paragraph \">Znane nazwiska wielokrotnie przekona\u0142y si\u0119 o tym, \u017ce s\u0105 \u0142atwym celem dla oszust\u00f3w. Niedawno przekona\u0142 si\u0119 o tym sam Miko\u0142aj Roznerski, kt\u00f3ry za pomoc\u0105 Instagram poinformowa\u0142, \u017ce pad\u0142 ofiar\u0105 fake newsa.<\/p>\n<p class=\"ods-c-paragraph \">Po internecie zacz\u0119\u0142y kr\u0105\u017cy\u0107 fa\u0142szywe artyku\u0142y, w kt\u00f3rych informowano o tym, \u017ce aktor mia\u0142 powa\u017cny wypadek. Obok zdj\u0119cia aktora zamieszczono r\u00f3wnie\u017c zdj\u0119cia rozbitego samochodu. Sam zainteresowany nie kry\u0142 oburzenia, gdy tylko zorientowa\u0142 si\u0119 o oszutwie.<\/p>\n<blockquote class=\"ods-o-quota\">\n<p class=\"ods-o-quota__paragraph\">Okropny paszkwil i fejk. Za\u0142amuj\u0119 r\u0119ce. Mam si\u0119 dobrze i wszystkie te informacje s\u0105 nieprawdziwe<\/p>\n<\/blockquote>\n<p class=\"ods-c-paragraph \">\u2014 napisa\u0142 na swoim Instagramie, uspokajaj\u0105c jednocze\u015bnie fan\u00f3w.<\/p>\n<p class=\"ods-c-paragraph \">Eksperci od bezpiecze\u0144stwa w sieci apeluj\u0105 o ostro\u017cno\u015b\u0107. Przed klikni\u0119ciem w podejrzany artyku\u0142 warto sprawdzi\u0107 adres URL strony, na kt\u00f3r\u0105 zamierzamy wej\u015b\u0107. Cz\u0119sto takie linki mog\u0105 prowadzi\u0107 do stron wy\u0142udzaj\u0105cych dane osobowe lub instaluj\u0105cych szkodliwe oprogramowanie na urz\u0105dzeniu u\u017cytkownika.<\/p>\n<p>   <img decoding=\"async\" src=\"https:\/\/www.europesays.com\/pl\/wp-content\/uploads\/2025\/12\/Dy8k9lBaHR0cHM6Ly9vY2RuLmV1L3B1bHNjbXMvTURBXy81ZGNiZmEwODViM2NmMmQ5ZGUyZDQyOTQyMGQ3ZWY3ZS5wbmeRlQLNA.jpeg\" height=\"529\" width=\"940\" alt=\"Screen z instagramowego profilu Miko\u0142aja Roznerskiego \" loading=\"lazy\" class=\"ods-c-image__img ods-c-image__img--vertical\"\/><\/p>\n<p>Screen z instagramowego profilu Miko\u0142aja Roznerskiegoinstagram.com\/mroznerski\/ \/ Matria\u0142y &#8222;Na prawach cytatu&#8221;<\/p>\n<p class=\"ods-c-paragraph \">Dzi\u0119kujemy, \u017ce przeczyta\u0142a\u015b\/e\u015b nasz artyku\u0142 do ko\u0144ca. W serwisie Plejada.pl ka\u017cdego dnia piszemy o najwa\u017cniejszych wydarzeniach show-biznesowych. B\u0105d\u017a na bie\u017c\u0105co! <a rel=\"nofollow noopener\" href=\"https:\/\/profile.google.com\/cp\/Cg0vZy8xMWJ6X19wdHBx\" id=\"70b5f159-18c3-416c-b2d8-b931982dbb52\" target=\"_blank\">Obserwuj<\/a> Plejad\u0119 w Google. Odwied\u017a nas tak\u017ce na <a rel=\"nofollow noopener\" href=\"https:\/\/www.facebook.com\/plejadapl\" id=\"5ba1212d-8763-4cc6-aa6e-94a85feb63be\" target=\"_blank\">Facebooku<\/a>, <a rel=\"nofollow noopener\" href=\"https:\/\/www.instagram.com\/plejadapl\/\" id=\"60ed7d40-e185-4d58-9e6a-9ded152c675d\" target=\"_blank\">Instagramie<\/a>, <a rel=\"nofollow noopener\" href=\"https:\/\/www.youtube.com\/c\/plejada\" id=\"46bb5d62-da6d-45a0-ab1c-79ded817e29c\" target=\"_blank\">YouTubie<\/a> oraz <a rel=\"nofollow noopener\" href=\"https:\/\/www.tiktok.com\/@plejada_pl\" id=\"340f9450-8499-4b0d-a936-84a3f7e1b78f\" target=\"_blank\">TikToku<\/a>.<\/p>\n<p class=\"ods-c-paragraph \">Chcesz podzieli\u0107 si\u0119 ciekawym newsem lub zaproponowa\u0107 temat? Skontaktuj si\u0119 z nami, pisz\u0105c maila na adres: <a rel=\"nofollow noopener\" href=\"https:\/\/plejada.pl\/newsy\/mikolaj-roznerski-padl-ofiara-oszustwa-nie-kryje-oburzenia-okropny-paszkwil\/mailto:plejada@redakcjaonet.pl\" id=\"d629c1e9-0013-438f-af88-5b35bdaaab3b\" target=\"_blank\">plejada@redakcjaon<\/a><a href=\"https:\/\/et.pl\" id=\"8e4d14c8-4175-4501-9d7a-e82b6d356a2f\" rel=\"nofollow noopener\" target=\"_blank\">et.pl<\/a>.<\/p>\n<p><script async src=\"\/\/www.instagram.com\/embed.js\"><\/script><script async src=\"\/\/www.tiktok.com\/embed.js\"><\/script><\/p>\n","protected":false},"excerpt":{"rendered":"Miko\u0142aj Roznerski od lat dobrze jest znany widzom &#8222;M jak mi\u0142o\u015b\u0107&#8221;. Ma\u0142o tego aktor od tego roku prowadzi&hellip;\n","protected":false},"author":2,"featured_media":150167,"comment_status":"","ping_status":"","sticky":false,"template":"","format":"standard","meta":{"footnotes":""},"categories":[22],"tags":[122,27102,1766,18571,48,125,46,5130,42,38,40,39,41,25865,123,47],"class_list":{"0":"post-150166","1":"post","2":"type-post","3":"status-publish","4":"format-standard","5":"has-post-thumbnail","7":"category-rozrywka","8":"tag-entertainment","9":"tag-fake_news","10":"tag-internet","11":"tag-mikolaj_roznerski","12":"tag-nat_styl","13":"tag-newsy","14":"tag-omp","15":"tag-oszustwo","16":"tag-pl","17":"tag-poland","18":"tag-polish","19":"tag-polska","20":"tag-polski","21":"tag-rebrand_ai_tst0","22":"tag-rozrywka","23":"tag-screening_general"},"share_on_mastodon":{"url":"https:\/\/pubeurope.com\/@pl\/115718090124139537","error":""},"_links":{"self":[{"href":"https:\/\/www.europesays.com\/pl\/wp-json\/wp\/v2\/posts\/150166","targetHints":{"allow":["GET"]}}],"collection":[{"href":"https:\/\/www.europesays.com\/pl\/wp-json\/wp\/v2\/posts"}],"about":[{"href":"https:\/\/www.europesays.com\/pl\/wp-json\/wp\/v2\/types\/post"}],"author":[{"embeddable":true,"href":"https:\/\/www.europesays.com\/pl\/wp-json\/wp\/v2\/users\/2"}],"replies":[{"embeddable":true,"href":"https:\/\/www.europesays.com\/pl\/wp-json\/wp\/v2\/comments?post=150166"}],"version-history":[{"count":0,"href":"https:\/\/www.europesays.com\/pl\/wp-json\/wp\/v2\/posts\/150166\/revisions"}],"wp:featuredmedia":[{"embeddable":true,"href":"https:\/\/www.europesays.com\/pl\/wp-json\/wp\/v2\/media\/150167"}],"wp:attachment":[{"href":"https:\/\/www.europesays.com\/pl\/wp-json\/wp\/v2\/media?parent=150166"}],"wp:term":[{"taxonomy":"category","embeddable":true,"href":"https:\/\/www.europesays.com\/pl\/wp-json\/wp\/v2\/categories?post=150166"},{"taxonomy":"post_tag","embeddable":true,"href":"https:\/\/www.europesays.com\/pl\/wp-json\/wp\/v2\/tags?post=150166"}],"curies":[{"name":"wp","href":"https:\/\/api.w.org\/{rel}","templated":true}]}}