{"id":150170,"date":"2025-12-14T13:14:15","date_gmt":"2025-12-14T13:14:15","guid":{"rendered":"https:\/\/www.europesays.com\/pl\/150170\/"},"modified":"2025-12-14T13:14:15","modified_gmt":"2025-12-14T13:14:15","slug":"nagranie-z-poznania-niesie-sie-po-sieci-internauci-oburzeni-paranoja","status":"publish","type":"post","link":"https:\/\/www.europesays.com\/pl\/150170\/","title":{"rendered":"Nagranie z Poznania niesie si\u0119 po sieci. Internauci oburzeni. &#8222;Paranoja&#8221;"},"content":{"rendered":"<p class=\"Paragraph_desktopParagraph__U31Gm\">Pozna\u0144 w sobot\u0119 (13 grudnia) przyci\u0105gn\u0105\u0142 t\u0142umy mieszka\u0144c\u00f3w na Plac Wolno\u015bci. Wszystko za spraw\u0105 charakterystycznej czerwonej ci\u0119\u017car\u00f3wki Coca-Coli, kt\u00f3ra sta\u0142a si\u0119 lokaln\u0105 atrakcj\u0105. Portal epoznan.pl pokaza\u0142 nagranie z tego wydarzenia, kt\u00f3re w kr\u00f3tkim czasie zdoby\u0142o ogromn\u0105 popularno\u015b\u0107 w sieci.<\/p>\n<p class=\"VideoPlayerText_videoPlayerText__iDwyz\">Dalszy ci\u0105g materia\u0142u pod wideo<\/p>\n<ul class=\"OchatFollowUps_wrapper__1ry7X\">\n<li class=\"OchatFollowUps_item__Dhyly OchatFollowUps_itemDesktop__R6aBv\">Gdzie by\u0142a charakterystyczna czerwona ci\u0119\u017car\u00f3wka Coca-Coli?<\/li>\n<li class=\"OchatFollowUps_item__Dhyly OchatFollowUps_itemDesktop__R6aBv\">Czego dotyczy\u0142o nagranie z Poznania?<\/li>\n<li class=\"OchatFollowUps_item__Dhyly OchatFollowUps_itemDesktop__R6aBv\">Kiedy ci\u0119\u017car\u00f3wka Coca-Coli przyjedzie do E\u0142ku?<\/li>\n<li class=\"OchatFollowUps_item__Dhyly OchatFollowUps_itemDesktop__R6aBv\">Jakie by\u0142y reakcje internaut\u00f3w na wydarzenie w Poznaniu?<\/li>\n<\/ul>\n<p>Nagranie z Poznania niesie si\u0119 po sieci <\/p>\n<p class=\"Paragraph_desktopParagraph__U31Gm\">Na materiale wida\u0107 rzesze ludzi zgromadzonych wok\u00f3\u0142 pojazdu. Transmisj\u0119, kt\u00f3ra by\u0142a prowadzona na \u017cywo, obejrza\u0142o ju\u017c ponad 60 tys. internaut\u00f3w.<\/p>\n<blockquote>\n<p class=\"Paragraph_desktopParagraph__U31Gm\">Wielki t\u0142um przyszed\u0142 zobaczy\u0107 wyj\u0105tkow\u0105 czerwon\u0105 ci\u0119\u017car\u00f3wk\u0119<\/p>\n<\/blockquote>\n<p class=\"Paragraph_desktopParagraph__U31Gm\">\u2014 czytamy w opisie filmu.<\/p>\n<p>Pokazali, co dzia\u0142o si\u0119 w Poznaniu. Internauci oburzeni <\/p>\n<p class=\"Paragraph_desktopParagraph__U31Gm\">Na reakcje internaut\u00f3w d\u0142ugo nie trzeba by\u0142o czeka\u0107. Cz\u0119\u015b\u0107 z nich by\u0142a rozbawiona, inni narzekali na t\u0142ok i utrudnienia w ruchu.<\/p>\n<blockquote>\n<p class=\"Paragraph_desktopParagraph__U31Gm\">&#8222;Super!&#8221;, &#8222;Coraz bli\u017cej \u015bwi\u0105t&#8221;, &#8222;Super, weso\u0142ych wspomnie\u0144 \u017cycz\u0119 wszystkim&#8221;<\/p>\n<\/blockquote>\n<p class=\"Paragraph_desktopParagraph__U31Gm\">\u2014 pisz\u0105<\/p>\n<p class=\"Paragraph_desktopParagraph__U31Gm\">&#8222;I p\u00f3\u0142 miasta zakorkowane. Do domu nie idzie dojecha\u0107&#8221;, &#8222;Stoj\u0105 dwie godziny, \u017ceby dosta\u0107 col\u0119 za darmo&#8221;, &#8222;Komercjalizacja \u015bwi\u0105t&#8221;, &#8222;Paranoja&#8221;, &#8222;Tylko wsp\u00f3\u0142czu\u0107&#8221;, &#8222;Wystarczy puszka darmowej coli i t\u0142um kupiony&#8221;, &#8222;A to ci\u0119\u017car\u00f3wki nigdy nie widzieli?&#8221;, &#8222;Wstyd, \u017ce doro\u015bli ustawiaj\u0105 si\u0119 w kolejce za puszk\u0105 coli&#8221; \u2014 dodaj\u0105 kolejni.<\/p>\n<p class=\"Paragraph_desktopParagraph__U31Gm\">Ostatnim przystankiem tej charakterystycznej ci\u0119\u017car\u00f3wki b\u0119dzie E\u0142k, gdzie pojawi si\u0119 15 grudnia.<\/p>\n","protected":false},"excerpt":{"rendered":"Pozna\u0144 w sobot\u0119 (13 grudnia) przyci\u0105gn\u0105\u0142 t\u0142umy mieszka\u0144c\u00f3w na Plac Wolno\u015bci. Wszystko za spraw\u0105 charakterystycznej czerwonej ci\u0119\u017car\u00f3wki Coca-Coli,&hellip;\n","protected":false},"author":2,"featured_media":150171,"comment_status":"","ping_status":"","sticky":false,"template":"","format":"standard","meta":{"footnotes":""},"categories":[12],"tags":[32,33,30274,105,36,37,27,67,34,35,28,31,53,25,52,68,51,55,42,10421,38,40,39,41,1391,47,29,30,50,26],"class_list":{"0":"post-150170","1":"post","2":"type-post","3":"status-publish","4":"format-standard","5":"has-post-thumbnail","7":"category-polska","8":"tag-breaking-news","9":"tag-breakingnews","10":"tag-coca_cola","11":"tag-ekonomia","12":"tag-featured-news","13":"tag-featurednews","14":"tag-headlines","15":"tag-intextvideo_splayer","16":"tag-latest-news","17":"tag-latestnews","18":"tag-naglowki","19":"tag-najwazniejsze-artykuly","20":"tag-new_header","21":"tag-news","22":"tag-onet3","23":"tag-onet3d","24":"tag-onet3d_2i","25":"tag-phx","26":"tag-pl","27":"tag-podroze_onet","28":"tag-poland","29":"tag-polish","30":"tag-polska","31":"tag-polski","32":"tag-poznan_miasto","33":"tag-screening_general","34":"tag-top-stories","35":"tag-topstories","36":"tag-v2021","37":"tag-wiadomosci"},"share_on_mastodon":{"url":"https:\/\/pubeurope.com\/@pl\/115718105581226467","error":""},"_links":{"self":[{"href":"https:\/\/www.europesays.com\/pl\/wp-json\/wp\/v2\/posts\/150170","targetHints":{"allow":["GET"]}}],"collection":[{"href":"https:\/\/www.europesays.com\/pl\/wp-json\/wp\/v2\/posts"}],"about":[{"href":"https:\/\/www.europesays.com\/pl\/wp-json\/wp\/v2\/types\/post"}],"author":[{"embeddable":true,"href":"https:\/\/www.europesays.com\/pl\/wp-json\/wp\/v2\/users\/2"}],"replies":[{"embeddable":true,"href":"https:\/\/www.europesays.com\/pl\/wp-json\/wp\/v2\/comments?post=150170"}],"version-history":[{"count":0,"href":"https:\/\/www.europesays.com\/pl\/wp-json\/wp\/v2\/posts\/150170\/revisions"}],"wp:featuredmedia":[{"embeddable":true,"href":"https:\/\/www.europesays.com\/pl\/wp-json\/wp\/v2\/media\/150171"}],"wp:attachment":[{"href":"https:\/\/www.europesays.com\/pl\/wp-json\/wp\/v2\/media?parent=150170"}],"wp:term":[{"taxonomy":"category","embeddable":true,"href":"https:\/\/www.europesays.com\/pl\/wp-json\/wp\/v2\/categories?post=150170"},{"taxonomy":"post_tag","embeddable":true,"href":"https:\/\/www.europesays.com\/pl\/wp-json\/wp\/v2\/tags?post=150170"}],"curies":[{"name":"wp","href":"https:\/\/api.w.org\/{rel}","templated":true}]}}