{"id":150172,"date":"2025-12-14T13:15:08","date_gmt":"2025-12-14T13:15:08","guid":{"rendered":"https:\/\/www.europesays.com\/pl\/150172\/"},"modified":"2025-12-14T13:15:08","modified_gmt":"2025-12-14T13:15:08","slug":"euro-w-polsce-minister-finansow-mowi-o-sile-zlotego","status":"publish","type":"post","link":"https:\/\/www.europesays.com\/pl\/150172\/","title":{"rendered":"Euro w Polsce? Minister finans\u00f3w m\u00f3wi o sile z\u0142otego"},"content":{"rendered":"<p>W niedziel\u0119 na antenie Polsat News Doma\u0144ski by\u0142 pytany o\u00a0to, czy s\u0105 plany wprowadzenia euro w\u00a0Polsce. <\/p>\n<p>Problem z\u00a0walut\u0105 euro. Ekspert wskazuje na\u00a0przyk\u0142ad Niemiec <\/p>\n<p>Zwr\u00f3ci\u0142 jednocze\u015bnie uwag\u0119, \u017ce w\u00a0unijnych traktatach Polska jest zobowi\u0105zana do przyj\u0119cia wsp\u00f3lnej unijnej waluty. <\/p>\n<p>&#8211;\u00a0Dostrzegam &#8211;\u00a0i\u00a0to w\u0142a\u015bciwie kwarta\u0142 po kwartale &#8211;\u00a0coraz wi\u0119cej tych korzy\u015bci z\u00a0posiadania w\u0142asnej waluty. Natomiast oczywi\u015bcie s\u0105 te\u017c argumenty za wej\u015bciem do strefy euro. W\u00a0mojej opinii &#8211;\u00a0w\u00a0opinii ekonomisty teraz, a\u00a0nie polityka &#8211;\u00a0te argumenty, \u017ceby zosta\u0107 przy z\u0142otym, naszej narodowej walucie, s\u0105 zdecydowanie mocniejsze &#8211;\u00a0podkre\u015bli\u0142 Doma\u0144ski.<\/p>\n<p>Minister finans\u00f3w wyrazi\u0142 te\u017c zadowolenie, \u017ce Rada Polityki Pieni\u0119\u017cnej obni\u017cy\u0142a stopy procentowe Narodowego Banku Polskiego, co &#8211;\u00a0jak wskaza\u0142 &#8211;\u00a0przek\u0142ada si\u0119 na ni\u017cszy koszt obs\u0142ugi kredyt\u00f3w. <\/p>\n<p>&#8211;\u00a0Trzeba odda\u0107 Radzie Polityki Pieni\u0119\u017cnej to, \u017ce inflacja oczywi\u015bcie spad\u0142a. Ona te\u017c &#8211;\u00a0przypomnijmy &#8211;\u00a0utrzymywa\u0142a si\u0119 na tych wysokich poziomach bardzo, bardzo d\u0142ugo &#8211;\u00a0powiedzia\u0142.<\/p>\n<p> &#8211;\u00a0Powiem tyle: analitycy widz\u0105 jeszcze miejsce do obni\u017cania st\u00f3p procentowych w\u00a0Polsce o\u00a0co najmniej 50 punkt\u00f3w bazowych (w 2026 r.) &#8211;\u00a0doda\u0142.<\/p>\n<p>W tym roku RPP obni\u017cy\u0142a stopy procentowe \u0142\u0105cznie o\u00a0175 punkt\u00f3w bazowych. Po ostatnim, grudniowym posiedzeniu stopa referencyjna NBP wynios\u0142a 4\u00a0proc.<\/p>\n","protected":false},"excerpt":{"rendered":"W niedziel\u0119 na antenie Polsat News Doma\u0144ski by\u0142 pytany o\u00a0to, czy s\u0105 plany wprowadzenia euro w\u00a0Polsce. Problem z\u00a0walut\u0105&hellip;\n","protected":false},"author":2,"featured_media":150173,"comment_status":"","ping_status":"","sticky":false,"template":"","format":"standard","meta":{"footnotes":""},"categories":[5],"tags":[32,33,36,37,27,34,35,28,31,25,42,38,40,39,41,29,30,26],"class_list":{"0":"post-150172","1":"post","2":"type-post","3":"status-publish","4":"format-standard","5":"has-post-thumbnail","7":"category-naglowki","8":"tag-breaking-news","9":"tag-breakingnews","10":"tag-featured-news","11":"tag-featurednews","12":"tag-headlines","13":"tag-latest-news","14":"tag-latestnews","15":"tag-naglowki","16":"tag-najwazniejsze-artykuly","17":"tag-news","18":"tag-pl","19":"tag-poland","20":"tag-polish","21":"tag-polska","22":"tag-polski","23":"tag-top-stories","24":"tag-topstories","25":"tag-wiadomosci"},"share_on_mastodon":{"url":"https:\/\/pubeurope.com\/@pl\/115718109674096380","error":""},"_links":{"self":[{"href":"https:\/\/www.europesays.com\/pl\/wp-json\/wp\/v2\/posts\/150172","targetHints":{"allow":["GET"]}}],"collection":[{"href":"https:\/\/www.europesays.com\/pl\/wp-json\/wp\/v2\/posts"}],"about":[{"href":"https:\/\/www.europesays.com\/pl\/wp-json\/wp\/v2\/types\/post"}],"author":[{"embeddable":true,"href":"https:\/\/www.europesays.com\/pl\/wp-json\/wp\/v2\/users\/2"}],"replies":[{"embeddable":true,"href":"https:\/\/www.europesays.com\/pl\/wp-json\/wp\/v2\/comments?post=150172"}],"version-history":[{"count":0,"href":"https:\/\/www.europesays.com\/pl\/wp-json\/wp\/v2\/posts\/150172\/revisions"}],"wp:featuredmedia":[{"embeddable":true,"href":"https:\/\/www.europesays.com\/pl\/wp-json\/wp\/v2\/media\/150173"}],"wp:attachment":[{"href":"https:\/\/www.europesays.com\/pl\/wp-json\/wp\/v2\/media?parent=150172"}],"wp:term":[{"taxonomy":"category","embeddable":true,"href":"https:\/\/www.europesays.com\/pl\/wp-json\/wp\/v2\/categories?post=150172"},{"taxonomy":"post_tag","embeddable":true,"href":"https:\/\/www.europesays.com\/pl\/wp-json\/wp\/v2\/tags?post=150172"}],"curies":[{"name":"wp","href":"https:\/\/api.w.org\/{rel}","templated":true}]}}