{"id":150182,"date":"2025-12-14T13:21:11","date_gmt":"2025-12-14T13:21:11","guid":{"rendered":"https:\/\/www.europesays.com\/pl\/150182\/"},"modified":"2025-12-14T13:21:11","modified_gmt":"2025-12-14T13:21:11","slug":"sikorski-uderza-w-palac-poszlo-o-mysliwce-mig-29-dla-ukrainy-prezydent-wiedzial","status":"publish","type":"post","link":"https:\/\/www.europesays.com\/pl\/150182\/","title":{"rendered":"Sikorski uderza w Pa\u0142ac. Posz\u0142o o my\u015bliwce MiG-29 dla Ukrainy. 'Prezydent wiedzia\u0142&#8217;"},"content":{"rendered":"<p> Rados\u0142aw Sikorski odni\u00f3s\u0142 si\u0119 do sprawy MiG-\u00f3w<\/p>\n<p class=\"art_paragraph\">Wicepremier i szef <a href=\"https:\/\/wiadomosci.gazeta.pl\/ministerstwo-spraw-zagranicznych#anchorLink\" rel=\"nofollow noopener\" target=\"_blank\">MSZ<\/a> we wpisie w mediach spo\u0142eczno\u015bciowych odni\u00f3s\u0142 si\u0119 do wypowiedzi prezydenta i jego wsp\u00f3\u0142pracownik\u00f3w, kt\u00f3rzy twierdz\u0105, \u017ce nie zostali poinformowani o planach przekazania Ukrainie my\u015bliwc\u00f3w MiG-29. &#8222;O\u015bwiadczam, \u017ce Prezydent RP nie tylko wiedzia\u0142 o planie przekazania walcz\u0105cej Ukrainie my\u015bliwc\u00f3w MIG-29 ale, \u017ce blisko i owocnie wsp\u00f3\u0142pracowali\u015bmy, aby do decyzji przekona\u0107 Sztab Generalny Wojska Polskiego&#8221; &#8211; napisa\u0142. Po czym zwr\u00f3ci\u0142 si\u0119 do Andrzeja Dudy: &#8222;Czy\u017c nie?&#8221;.\u00a0<\/p>\n<p> Karol Nawrocki o przekazaniu my\u015bliwc\u00f3w<\/p>\n<p class=\"art_paragraph\">Karol Nawrocki podczas konferencji prasowej w Rydze powiedzia\u0142, \u017ce nie zosta\u0142 oficjalnie poinformowany o przekazaniu my\u015bliwc\u00f3w. &#8211;\u00a0Musz\u0119 przyzna\u0107, przy ca\u0142ej sympatii do pana <a href=\"https:\/\/wiadomosci.gazeta.pl\/premier#anchorLink\" rel=\"nofollow noopener\" target=\"_blank\">premiera<\/a> Kosiniaka-Kamysza, i podkre\u015blaj\u0105c, \u017ce nasza wsp\u00f3\u0142praca wygl\u0105da dobrze w wielu zakresach, uspokajaj\u0105c te\u017c opini\u0119 publiczn\u0105, \u017ce jeste\u015bmy z ministrem obrony narodowej w wielu sprawach w kontakcie i dochodzimy do porozumienia w wielu zakresach polskiego bezpiecze\u0144stwa. Ale tutaj musia\u0142o si\u0119 wkra\u015b\u0107 jakie\u015b nieporozumienie &#8211; powiedzia\u0142. Zaznaczy\u0142, \u017ce jest &#8222;spokojny&#8221;, \u017ce uda mu si\u0119 wyja\u015bni\u0107 t\u0119 kwesti\u0119 z szefem MON. &#8211;\u00a0Ale tutaj moi wsp\u00f3\u0142pracownicy mieli racj\u0119: nie dosta\u0142em oficjalnej informacji o tego typu dzia\u0142aniach i o przekazaniu MiG-\u00f3w Ukrainie &#8211; poddkre\u015bli\u0142.\u00a0<\/p>\n<p>\n    Zobacz wideo Polacy sk\u0142adaj\u0105 \u017cyczenia prezydentowi Nawrockiemu\n  <\/p>\n<p> Wsp\u00f3\u0142pracownik prezydenta m\u00f3wi o braku informacji od rz\u0105du<\/p>\n<p class=\"art_paragraph\">G\u0142os w sprawie zabra\u0142 tak\u017ce Wojciech Kolarski, sekretarz stanu w Kancelarii Prezydenta RP. &#8211;\u00a0Prezydent nie zosta\u0142 poinformowany, poniewa\u017c do <a href=\"https:\/\/wiadomosci.gazeta.pl\/biuro#anchorLink\" rel=\"nofollow noopener\" target=\"_blank\">Biura<\/a> Bezpiecze\u0144stwa Narodowego nie dotar\u0142a \u017cadna informacja, \u017caden protok\u00f3\u0142, notatka czy inny dokument, kt\u00f3ry przedstawi\u0142by stanowisko <a href=\"https:\/\/wiadomosci.gazeta.pl\/rzad#anchorLink\" rel=\"nofollow noopener\" target=\"_blank\">rz\u0105du<\/a> w tej sprawie &#8211; powiedzia\u0142 w TOK FM. Doda\u0142, \u017ce w BBN nie by\u0142o notatki, poniewa\u017c nie by\u0142o stanowiska Komitetu Rady Ministr\u00f3w ds. Bezpiecze\u0144stwa Narodowego, kt\u00f3re &#8222;wymaga\u0142oby przekazania prezydentowi&#8221;. Prowadz\u0105cy rozmow\u0119 dopytywa\u0142 go, czy wina le\u017cy po stronie przedstawiciela BBN, kt\u00f3ry uczestniczy\u0142 w posiedzeniach (gen. Miros\u0142aw Bry\u015b). Kolarski podkre\u015bli\u0142, \u017ce nie zosta\u0142o podj\u0119te \u017cadne stanowisko, a wi\u0119c prezydent &#8222;nie zosta\u0142 w tej sprawie w\u0142a\u015bciwie poinformowany&#8221;. &#8211;\u00a0Genera\u0142 poinformowa\u0142, \u017ce uczestniczy\u0142 w posiedzeniach komitetu, gdzie by\u0142y na ten temat rozmowy, natomiast \u017cadne stanowisko w tej sprawie nie zosta\u0142o przekazane oficjalnie do Biura Bezpiecze\u0144stwa Narodowego &#8211; doda\u0142.\u00a0Wcze\u015bniej Pawe\u0142 Gra\u015b, szef gabinetu politycznego prezesa Rady Ministr\u00f3w, napisa\u0142 na X, \u017ce sprawa my\u015bliwc\u00f3w &#8222;jest procedowana od ponad roku&#8221; i by\u0142a &#8222;wielokrotnie omawiana na cotygodniowym Komitecie ds. Bezpiecze\u0144stwa, w kt\u00f3rym uczestniczy przedstawiciel BBN&#8221;.\u00a0<\/p>\n<p class=\"art_paragraph\">Przeczytaj tak\u017ce: <a href=\"https:\/\/wiadomosci.gazeta.pl\/polityka\/7,198012,32464626,wiceszef-mon-u-punktuje-prezydenta-probuje-wywolac-polsko-polska.html\" class=\"art_link\" rel=\"dofollow noopener\" target=\"_blank\">Chaos ws. MiG-\u00f3w dla Ukrainy. Szef MON-u grzmi po s\u0142owach Nawrockiego. &#8222;S\u0105 granice&#8221;<\/a>\n  <\/p>\n<p>\u0179r\u00f3d\u0142a:x.com, TOK FM, <a href=\"https:\/\/wiadomosci.gazeta.pl\/polska\/7,198072,32464121,mysliwce-mig-29-dla-ukrainy-nawrocki-tutaj-musialo-sie-wkrasc.html\" class=\"art_link\" rel=\"dofollow noopener\" target=\"_blank\">Gazeta.pl<\/a><\/p>\n","protected":false},"excerpt":{"rendered":"Rados\u0142aw Sikorski odni\u00f3s\u0142 si\u0119 do sprawy MiG-\u00f3w Wicepremier i szef MSZ we wpisie w mediach spo\u0142eczno\u015bciowych odni\u00f3s\u0142 si\u0119&hellip;\n","protected":false},"author":2,"featured_media":150183,"comment_status":"","ping_status":"","sticky":false,"template":"","format":"standard","meta":{"footnotes":""},"categories":[12],"tags":[32,33,36,37,27,34,35,28,31,25,42,38,40,39,41,29,30,26],"class_list":{"0":"post-150182","1":"post","2":"type-post","3":"status-publish","4":"format-standard","5":"has-post-thumbnail","7":"category-polska","8":"tag-breaking-news","9":"tag-breakingnews","10":"tag-featured-news","11":"tag-featurednews","12":"tag-headlines","13":"tag-latest-news","14":"tag-latestnews","15":"tag-naglowki","16":"tag-najwazniejsze-artykuly","17":"tag-news","18":"tag-pl","19":"tag-poland","20":"tag-polish","21":"tag-polska","22":"tag-polski","23":"tag-top-stories","24":"tag-topstories","25":"tag-wiadomosci"},"share_on_mastodon":{"url":"https:\/\/pubeurope.com\/@pl\/115718133641604374","error":""},"_links":{"self":[{"href":"https:\/\/www.europesays.com\/pl\/wp-json\/wp\/v2\/posts\/150182","targetHints":{"allow":["GET"]}}],"collection":[{"href":"https:\/\/www.europesays.com\/pl\/wp-json\/wp\/v2\/posts"}],"about":[{"href":"https:\/\/www.europesays.com\/pl\/wp-json\/wp\/v2\/types\/post"}],"author":[{"embeddable":true,"href":"https:\/\/www.europesays.com\/pl\/wp-json\/wp\/v2\/users\/2"}],"replies":[{"embeddable":true,"href":"https:\/\/www.europesays.com\/pl\/wp-json\/wp\/v2\/comments?post=150182"}],"version-history":[{"count":0,"href":"https:\/\/www.europesays.com\/pl\/wp-json\/wp\/v2\/posts\/150182\/revisions"}],"wp:featuredmedia":[{"embeddable":true,"href":"https:\/\/www.europesays.com\/pl\/wp-json\/wp\/v2\/media\/150183"}],"wp:attachment":[{"href":"https:\/\/www.europesays.com\/pl\/wp-json\/wp\/v2\/media?parent=150182"}],"wp:term":[{"taxonomy":"category","embeddable":true,"href":"https:\/\/www.europesays.com\/pl\/wp-json\/wp\/v2\/categories?post=150182"},{"taxonomy":"post_tag","embeddable":true,"href":"https:\/\/www.europesays.com\/pl\/wp-json\/wp\/v2\/tags?post=150182"}],"curies":[{"name":"wp","href":"https:\/\/api.w.org\/{rel}","templated":true}]}}