{"id":150184,"date":"2025-12-14T13:22:10","date_gmt":"2025-12-14T13:22:10","guid":{"rendered":"https:\/\/www.europesays.com\/pl\/150184\/"},"modified":"2025-12-14T13:22:10","modified_gmt":"2025-12-14T13:22:10","slug":"maciej-rybus-dopiero-co-rozwiodl-sie-z-zona-zabral-synow-na-czerwony-dywan","status":"publish","type":"post","link":"https:\/\/www.europesays.com\/pl\/150184\/","title":{"rendered":"Maciej Rybus dopiero co rozwi\u00f3d\u0142 si\u0119 z \u017con\u0105. Zabra\u0142 syn\u00f3w na czerwony dywan"},"content":{"rendered":"<p class=\"ods-c-paragraph \"><a href=\"https:\/\/plejada.pl\/newsy\/problemy-w-zwiazku-macieja-rybusa-ukochana-usunela-ich-wspolne-zdjecia\/19q71j0\" id=\"ebb9d7f1-66bc-430f-9406-5d9ebea756b2\" rel=\"nofollow noopener\" target=\"_blank\">Maciej Rybus<\/a> przez lata by\u0142 jedn\u0105 z najbardziej kontrowersyjnych postaci polskiego futbolu. Nie tylko z powodu swojej kariery w rosyjskich klubach, takich jak Terek Grozny, Lokomotiw Moskwa czy Rubin Kaza\u0144, ale r\u00f3wnie\u017c przez osobiste decyzje, kt\u00f3re wzbudza\u0142y emocje w\u015br\u00f3d kibic\u00f3w. Jedn\u0105 z nich by\u0142a decyzja o zamieszkaniu w Rosji, motywowana wzgl\u0119dami rodzinnymi. <\/p>\n<p>Dalszy ci\u0105g artyku\u0142u pod materia\u0142em wideo<\/p>\n<p> Kiedy Maciej Rybus si\u0119 rozwi\u00f3d\u0142? <\/p>\n<p> Ile dzieci ma Maciej Rybus? <\/p>\n<p> Gdzie Maciej Rybus zabra\u0142 swoich syn\u00f3w? <\/p>\n<p> Jak internauci skomentowali post Macieja Rybusa na Instagramie? <\/p>\n<p>  Maciej Rybus zabra\u0142 syn\u00f3w na czerwony dywan. Internauci zachwyceni<\/p>\n<p class=\"ods-c-paragraph \">W 2017 r. pi\u0142karz zwi\u0105za\u0142 si\u0119 z Lan\u0105 Bajmatow\u0105, pochodz\u0105c\u0105 z W\u0142adykaukazu Osetyjk\u0105, a rok p\u00f3\u017aniej para stan\u0119\u0142a na \u015blubnym kobiercu. Wkr\u00f3tce na \u015bwiat przyszli ich synowie \u2013 Robert i Adrian.<\/p>\n<p class=\"ods-c-paragraph \">Jednak \u017cycie prywatne sportowca, zw\u0142aszcza w ostatnich miesi\u0105cach, sta\u0142o si\u0119 przedmiotem spekulacji i medialnych doniesie\u0144. Ju\u017c w zesz\u0142ym roku w mediach pojawi\u0142y si\u0119 pierwsze sygna\u0142y o problemach w zwi\u0105zku Rybusa. Lana Bajmatowa usun\u0119\u0142a ze swojego profilu na Instagramie zdj\u0119cia z m\u0119\u017cem, a jej wpisy sugerowa\u0142y, \u017ce w ich relacji nie dzieje si\u0119 najlepiej. <\/p>\n<p class=\"ods-c-paragraph \">Dzi\u015b rosyjskie media potwierdzaj\u0105, \u017ce <a href=\"https:\/\/plejada.pl\/newsy\/maciej-rybus-rozwiodl-sie-z-zona-to-dla-niej-zostal-w-rosji\/egm2g7l\" id=\"e4809dbb-cbfe-495d-82a7-80b36f0dc7db\" rel=\"nofollow noopener\" target=\"_blank\">para oficjalnie si\u0119 rozwiod\u0142a<\/a>. Cho\u0107 szczeg\u00f3\u0142y rozstania nie zosta\u0142y ujawnione, wiadomo, \u017ce decyzja ta nie by\u0142a chwilowym kryzysem, lecz ko\u0144cem kilkuletniego ma\u0142\u017ce\u0144stwa.<\/p>\n<p class=\"ods-c-paragraph \">Mimo rozwodu Maciej Rybus nie odsun\u0105\u0142 si\u0119 od swoich dzieci. Wr\u0119cz przeciwnie \u2013 aktywnie uczestniczy w ich \u017cyciu, co potwierdza jego najnowszy post w mediach spo\u0142eczno\u015bciowych. Na Instagramie pi\u0142karz opublikowa\u0142 zdj\u0119cie z synami, Robertem i Adrianem, kt\u00f3re zosta\u0142o zrobione podczas premiery \u015bwi\u0105tecznej bajki. Ca\u0142a tr\u00f3jka pozuje na czerwonym dywanie, a fotografia zosta\u0142a opatrzona jedynie emotikonem choinki.<\/p>\n<p class=\"ods-c-paragraph \">Pod postem szybko pojawi\u0142y si\u0119 komentarze pe\u0142ne wsparcia i uznania dla pi\u0142karza. \u201eDzieci s\u0105 najwa\u017cniejsze, w ka\u017cdej sytuacji\u201d, \u201ePanie Ma\u0107ku, wszystkiego dobrego, prawdziwi kibice zawsze s\u0105 z panem\u201d, \u201eNajlepszy tata\u201d, \u201eDla dzieci wszystko, dobra decyzja, wspieram i pozdrawiam\u201d &#8211; pisali internauci.<\/p>\n<p class=\"ods-c-paragraph \">Dzi\u0119kujemy, \u017ce przeczyta\u0142a\u015b\/e\u015b nasz artyku\u0142 do ko\u0144ca. W serwisie Plejada.pl ka\u017cdego dnia piszemy o najwa\u017cniejszych wydarzeniach show-biznesowych. B\u0105d\u017a na bie\u017c\u0105co! <a rel=\"nofollow noopener\" href=\"https:\/\/profile.google.com\/cp\/Cg0vZy8xMWJ6X19wdHBx\" id=\"91607508-3646-4df4-8066-0bbf582efbdf\" target=\"_blank\">Obserwuj<\/a> Plejad\u0119 w Google. Odwied\u017a nas tak\u017ce na <a rel=\"nofollow noopener\" href=\"https:\/\/www.facebook.com\/plejadapl\" id=\"e7d575d4-74eb-4cb8-94f4-241f66753f45\" target=\"_blank\">Facebooku<\/a>, <a rel=\"nofollow noopener\" href=\"https:\/\/www.instagram.com\/plejadapl\/\" id=\"486a1dc0-d927-465b-9af8-fabbbd9b1a09\" target=\"_blank\">Instagramie<\/a>, <a rel=\"nofollow noopener\" href=\"https:\/\/www.youtube.com\/c\/plejada\" id=\"7c264c70-fdd5-413c-bb82-9ec82c1849aa\" target=\"_blank\">YouTubie<\/a> oraz <a rel=\"nofollow noopener\" href=\"https:\/\/www.tiktok.com\/@plejada_pl\" id=\"16427cb1-a0ac-4236-b12d-4911b9781577\" target=\"_blank\">TikToku<\/a>.<\/p>\n<p class=\"ods-c-paragraph \">Chcesz podzieli\u0107 si\u0119 ciekawym newsem lub zaproponowa\u0107 temat? Skontaktuj si\u0119 z nami, pisz\u0105c maila na adres: <a rel=\"nofollow noopener\" href=\"https:\/\/plejada.pl\/newsy\/maciej-rybus-dopiero-co-rozwiodl-sie-z-zona-zabral-synow-na-czerwony-dywan\/mailto:plejada@redakcjaonet.pl\" id=\"11085430-a515-4c1e-90d9-a8919d857672\" target=\"_blank\">plejada@redakcjaon<\/a><a href=\"https:\/\/et.pl\" id=\"62c03784-9dd9-4c57-b271-5ac05bcc7e8f\" rel=\"nofollow noopener\" target=\"_blank\">et.pl<\/a>.<\/p>\n<p><script async src=\"\/\/www.instagram.com\/embed.js\"><\/script><script async src=\"\/\/www.tiktok.com\/embed.js\"><\/script><\/p>\n","protected":false},"excerpt":{"rendered":"Maciej Rybus przez lata by\u0142 jedn\u0105 z najbardziej kontrowersyjnych postaci polskiego futbolu. Nie tylko z powodu swojej kariery&hellip;\n","protected":false},"author":2,"featured_media":150185,"comment_status":"","ping_status":"","sticky":false,"template":"","format":"standard","meta":{"footnotes":""},"categories":[5],"tags":[32,33,183,36,37,27,1900,34,35,26909,28,31,48,25,125,46,42,38,40,39,41,25199,557,47,29,30,26],"class_list":{"0":"post-150184","1":"post","2":"type-post","3":"status-publish","4":"format-standard","5":"has-post-thumbnail","7":"category-naglowki","8":"tag-breaking-news","9":"tag-breakingnews","10":"tag-dzieci_dziecko","11":"tag-featured-news","12":"tag-featurednews","13":"tag-headlines","14":"tag-instagram_aplikacja","15":"tag-latest-news","16":"tag-latestnews","17":"tag-maciej_rybus","18":"tag-naglowki","19":"tag-najwazniejsze-artykuly","20":"tag-nat_styl","21":"tag-news","22":"tag-newsy","23":"tag-omp","24":"tag-pl","25":"tag-poland","26":"tag-polish","27":"tag-polska","28":"tag-polski","29":"tag-rebrand_ai_tst1","30":"tag-rozwod","31":"tag-screening_general","32":"tag-top-stories","33":"tag-topstories","34":"tag-wiadomosci"},"share_on_mastodon":{"url":"https:\/\/pubeurope.com\/@pl\/115718137333435941","error":""},"_links":{"self":[{"href":"https:\/\/www.europesays.com\/pl\/wp-json\/wp\/v2\/posts\/150184","targetHints":{"allow":["GET"]}}],"collection":[{"href":"https:\/\/www.europesays.com\/pl\/wp-json\/wp\/v2\/posts"}],"about":[{"href":"https:\/\/www.europesays.com\/pl\/wp-json\/wp\/v2\/types\/post"}],"author":[{"embeddable":true,"href":"https:\/\/www.europesays.com\/pl\/wp-json\/wp\/v2\/users\/2"}],"replies":[{"embeddable":true,"href":"https:\/\/www.europesays.com\/pl\/wp-json\/wp\/v2\/comments?post=150184"}],"version-history":[{"count":0,"href":"https:\/\/www.europesays.com\/pl\/wp-json\/wp\/v2\/posts\/150184\/revisions"}],"wp:featuredmedia":[{"embeddable":true,"href":"https:\/\/www.europesays.com\/pl\/wp-json\/wp\/v2\/media\/150185"}],"wp:attachment":[{"href":"https:\/\/www.europesays.com\/pl\/wp-json\/wp\/v2\/media?parent=150184"}],"wp:term":[{"taxonomy":"category","embeddable":true,"href":"https:\/\/www.europesays.com\/pl\/wp-json\/wp\/v2\/categories?post=150184"},{"taxonomy":"post_tag","embeddable":true,"href":"https:\/\/www.europesays.com\/pl\/wp-json\/wp\/v2\/tags?post=150184"}],"curies":[{"name":"wp","href":"https:\/\/api.w.org\/{rel}","templated":true}]}}