{"id":150192,"date":"2025-12-14T13:27:12","date_gmt":"2025-12-14T13:27:12","guid":{"rendered":"https:\/\/www.europesays.com\/pl\/150192\/"},"modified":"2025-12-14T13:27:12","modified_gmt":"2025-12-14T13:27:12","slug":"wpadka-donalda-trumpa-nie-mia%c2%b3-pojecia-co-robi-jego-ona","status":"publish","type":"post","link":"https:\/\/www.europesays.com\/pl\/150192\/","title":{"rendered":"Wpadka Donalda Trumpa. Nie mia\u00b3 poj\u00eacia, co robi jego \u00bfona"},"content":{"rendered":"<p class=\"art_paragraph\"><a href=\"https:\/\/www.plotek.pl\/donald-trump\" class=\"art_link\" rel=\"nofollow noopener\" target=\"_blank\">Donald Trump<\/a>\u00a0pozna\u0142 przysz\u0142\u0105 \u017con\u0119 w 1998 roku i po\u015blubi\u0142 j\u0105 siedem lat p\u00f3\u017aniej. Para ma za sob\u0105 dwie dekady ma\u0142\u017ce\u0144stwa, a dzi\u015b znowu jest na \u015bwieczniku. Wszystko oczywi\u015bcie przez fakt, \u017ce Trump ponownie zosta\u0142 wybrany na prezydenta. <a href=\"https:\/\/www.plotek.pl\/melania-trump\" class=\"art_link\" rel=\"nofollow noopener\" target=\"_blank\">Melania<\/a> niezmiennie kroczy u jego boku. Jako pierwsza dama Stan\u00f3w Zjednoczonych og\u0142osi\u0142a now\u0105 inicjatyw\u0119. Jak na to zareagowa\u0142 polityk? Nawet nie wiedzia\u0142 o jej dzia\u0142aniach.<\/p>\n<p>\n    Zobacz wideo Trump zbiera nagrody i nie mia\u0142 czasu przeczyta\u0107 Narodowej Strategii Bezpiecze\u0144stwa\n  <\/p>\n<p> Donald Trump zaliczy\u0142 wpadk\u0119. Chodzi o dzia\u0142ania Melanii Trump<\/p>\n<p class=\"art_paragraph\">11 grudnia w Bia\u0142ym Domu odby\u0142o si\u0119 wyj\u0105tkowe wydarzenie &#8211; \u015bwi\u0105teczny Bal Kongresowy, na kt\u00f3ry przybyli kongresmeni, senatorowie, doradcy, a tak\u017ce dyplomaci. Na scenie pojawi\u0142 si\u0119 oczywi\u015bcie prezydent, a nast\u0119pnie zaprosi\u0142 na ni\u0105 ma\u0142\u017conk\u0119. Melania Trump opowiedzia\u0142a o swojej inicjatywie ustawodawczej. &#8211; Najwi\u0119kszym osi\u0105gni\u0119ciem w moim <a href=\"https:\/\/coworkingczerska.pl\/#anchorLink\" rel=\"nofollow noopener\" target=\"_blank\">biurze<\/a>, w biurze pierwszej damy w 2025 roku, jest ustawa &#8222;Take It Down Act&#8221; \u2013 zacz\u0119\u0142a. Ustawa ta ma na celu walk\u0119 z nielegalnymi\u00a0tre\u015bciami dla doros\u0142ych, a tak\u017ce pojawiaj\u0105cymi si\u0119 w sieci deepfake&#8217;ami.\u00a0Nast\u0119pnie pierwsza dama podzi\u0119kowa\u0142a za wsparcie obu partii w Izbie Reprezentant\u00f3w i Senacie. &#8211; Dzi\u0119kuj\u0119, panie przewodnicz\u0105cy Johnson &#8211; podkre\u015bli\u0142a. &#8211; Mam nadziej\u0119, \u017ce z entuzjazmem poprzecie moj\u0105 now\u0105 inicjatyw\u0119 ustawodawcz\u0105 w 2026 roku. Niekt\u00f3rzy z was ju\u017c o niej wiedz\u0105, poniewa\u017c jest ona ju\u017c w trakcie przygotowa\u0144 &#8211; <a href=\"https:\/\/www.plotek.pl\/doda#anchorLink\" rel=\"nofollow noopener\" target=\"_blank\">doda\u00b3a<\/a>.<\/p>\n<p class=\"art_paragraph\">Gdy Melania opu\u015bci\u0142a scen\u0119, Donald Trump powr\u00f3ci\u0142 do m\u00f3wnicy i nie kry\u0142 zaskoczenia s\u0142owami \u017cony &#8211; C\u00f3\u017c, w\u0142a\u015bnie us\u0142ysza\u0142em o tym po raz pierwszy &#8211; powiedzia\u0142, czym wywo\u0142a\u0142 \u015bmiech u obecnych na sali.\u00a0-Jedyne, co mog\u0119 powiedzie\u0107 \u2013 wiem jedno na pewno, panie przewodnicz\u0105cy \u2013 to b\u0119dzie \u015bwietna rzecz dla <a href=\"https:\/\/www.edziecko.pl\/edziecko\/0,0.html#anchorLink\" rel=\"nofollow noopener\" target=\"_blank\">dzieci<\/a> &#8211; m\u00f3wi\u0142 dalej.\u00a0<\/p>\n<blockquote class=\"art_blockquote\"><p>Nie wiem, co ona robi, ale wiem, \u017ce b\u0119dzie to \u015bwietne dla dzieci, poniewa\u017c ona kocha dzieci i ma wspania\u0142ego syna, z kt\u00f3rego jest bardzo dumna<\/p><\/blockquote>\n<p class=\"art_paragraph\">&#8211; stwierdzi\u0142 ze sceny prezydent USA. Sama Melania Trump nie sprecyzowa\u0142a, czym dok\u0142adnie b\u0119dzie jej inicjatywa ustawodawcza. Mo\u017cliwe, \u017ce chodzi o\u00a0prace zwi\u0105zane z now\u0105 inicjatyw\u0105 &#8222;Fostering the Future&#8221;, kt\u00f3rej zadaniem jest zwi\u0119kszanie zasob\u00f3w systemu opieki zast\u0119pczej.<\/p>\n<p> Donald Trump w opatrunkach.\u00a0Tak sekretarz prasowa t\u0142umaczy t\u0119 kwesti\u0119<\/p>\n<p class=\"art_paragraph\">Tego samego dnia, przed \u015bwi\u0105tecznym balem, w Bia\u0142ym Domu odby\u0142 si\u0119 briefing prasowy. Nie zabrak\u0142o na nim\u00a0Donalda Trumpa. Fotoreporterzy zauwa\u017cyli, \u017ce\u00a0polityk ma na\u00a0d\u0142oni\u00a0dwa ma\u0142e opatrunki.\u00a0Sekretarz prasowa Trumpa, Karoline Leavitt powt\u00f3rzy\u0142a swoj\u0105 wypowied\u017a sprzed kilku miesi\u0119cy. Wyja\u015bni\u0142a, \u017ce plastry maj\u0105 rzekomo zakry\u0107 siniaki po licznych u\u015bciskach.\u00a0 &#8211; Codziennie przyjmuje te\u017c aspiryn\u0119, co &#8211; jak wynika z jego wcze\u015bniejszych bada\u0144 lekarskich &#8211; mo\u017ce przyczynia\u0107 si\u0119 do powstawania siniak\u00f3w, kt\u00f3re widzicie &#8211; m\u00f3wi\u0142a. Sam Trump r\u00f3wnie\u017c zabra\u0142 g\u0142os w tej sprawie. Wi\u0119cej dowiecie si\u0119 tutaj: <a href=\"https:\/\/www.gazeta.pl\/lifestyle\/7,198977,32467721,nowe-zdjecia-trumpa-w-opatrunkach-wzbudzily-niepokoj-sekretarz.html\" class=\"art_link\" rel=\"dofollow noopener\" target=\"_blank\">Nowe zdj\u0119cia Trumpa w opatrunkach wzbudzi\u0142y niepok\u00f3j. Sekretarz prasowa wyjawi\u0142a prawd\u0119<\/a><\/p>\n<p class=\"gallery-open-button\">Donald i Melania Trumpowie<a href=\"#\" class=\"gallery-open-button__link gallery-open-button__link--version1\">Otw\u00f3rz galeri\u0119<\/a><\/p>\n","protected":false},"excerpt":{"rendered":"Donald Trump\u00a0pozna\u0142 przysz\u0142\u0105 \u017con\u0119 w 1998 roku i po\u015blubi\u0142 j\u0105 siedem lat p\u00f3\u017aniej. Para ma za sob\u0105 dwie&hellip;\n","protected":false},"author":2,"featured_media":150193,"comment_status":"","ping_status":"","sticky":false,"template":"","format":"standard","meta":{"footnotes":""},"categories":[14],"tags":[32,33,27,34,35,28,31,25,40,41,80,29,30,26,82,83,84],"class_list":{"0":"post-150192","1":"post","2":"type-post","3":"status-publish","4":"format-standard","5":"has-post-thumbnail","7":"category-swiat","8":"tag-breaking-news","9":"tag-breakingnews","10":"tag-headlines","11":"tag-latest-news","12":"tag-latestnews","13":"tag-naglowki","14":"tag-najwazniejsze-artykuly","15":"tag-news","16":"tag-polish","17":"tag-polski","18":"tag-swiat","19":"tag-top-stories","20":"tag-topstories","21":"tag-wiadomosci","22":"tag-world","23":"tag-world-news","24":"tag-worldnews"},"share_on_mastodon":{"url":"https:\/\/pubeurope.com\/@pl\/115718156765127679","error":""},"_links":{"self":[{"href":"https:\/\/www.europesays.com\/pl\/wp-json\/wp\/v2\/posts\/150192","targetHints":{"allow":["GET"]}}],"collection":[{"href":"https:\/\/www.europesays.com\/pl\/wp-json\/wp\/v2\/posts"}],"about":[{"href":"https:\/\/www.europesays.com\/pl\/wp-json\/wp\/v2\/types\/post"}],"author":[{"embeddable":true,"href":"https:\/\/www.europesays.com\/pl\/wp-json\/wp\/v2\/users\/2"}],"replies":[{"embeddable":true,"href":"https:\/\/www.europesays.com\/pl\/wp-json\/wp\/v2\/comments?post=150192"}],"version-history":[{"count":0,"href":"https:\/\/www.europesays.com\/pl\/wp-json\/wp\/v2\/posts\/150192\/revisions"}],"wp:featuredmedia":[{"embeddable":true,"href":"https:\/\/www.europesays.com\/pl\/wp-json\/wp\/v2\/media\/150193"}],"wp:attachment":[{"href":"https:\/\/www.europesays.com\/pl\/wp-json\/wp\/v2\/media?parent=150192"}],"wp:term":[{"taxonomy":"category","embeddable":true,"href":"https:\/\/www.europesays.com\/pl\/wp-json\/wp\/v2\/categories?post=150192"},{"taxonomy":"post_tag","embeddable":true,"href":"https:\/\/www.europesays.com\/pl\/wp-json\/wp\/v2\/tags?post=150192"}],"curies":[{"name":"wp","href":"https:\/\/api.w.org\/{rel}","templated":true}]}}