{"id":150194,"date":"2025-12-14T13:28:11","date_gmt":"2025-12-14T13:28:11","guid":{"rendered":"https:\/\/www.europesays.com\/pl\/150194\/"},"modified":"2025-12-14T13:28:11","modified_gmt":"2025-12-14T13:28:11","slug":"nie-przyjmuje-kopert-podczas-koledy-proboszcz-ujawnia-jak-reaguja-parafianie","status":"publish","type":"post","link":"https:\/\/www.europesays.com\/pl\/150194\/","title":{"rendered":"Nie przyjmuje kopert podczas kol\u0119dy. Proboszcz ujawnia, jak reaguj\u0105 parafianie"},"content":{"rendered":"<p>Co roku wraca temat pieni\u0119dzy, kt\u00f3re wypada w\u0142o\u017cy\u0107 do koperty i\u00a0przekaza\u0107 ksi\u0119dzu na kol\u0119dzie. Trzeba jednak pami\u0119ta\u0107, \u017ce ofiara pieni\u0119\u017cna nie jest warunkiem wizyty duszpasterskiej.<\/p>\n<p>Duchowny ju\u017c wiele lat temu, jako proboszcz wprowadzi\u0142 zasad\u0119, \u017ce na kol\u0119dzie nie przyjmuje kopert &#8211;\u00a0ofiar. Ks. Daniel dodaje, \u017ce je\u017celi kto\u015b pragnie z\u0142o\u017cy\u0107 przy okazji kol\u0119dy tak\u0105 ofiar\u0119, to mo\u017ce to zrobi\u0107 na inny spos\u00f3b. <\/p>\n<p>Rewolucja w\u00a0kol\u0119dzie. Ksi\u0105dz zobaczy, ile dajemy w\u00a0&#8222;kopercie&#8221; <\/p>\n<p>&#8211; Parafianie nie daj\u0105 mi koperty na kol\u0119dzie, tylko swoimi sposobami przekazuj\u0105 ofiary na rzecz parafii. Ci\u0105gle pojawiaj\u0105 si\u0119 nowi parafinie, kt\u00f3rzy s\u0105 zaskoczeni moj\u0105 informacj\u0105 o\u00a0nie zbieraniu ofiar &#8211; opowiada ksi\u0105dz. <\/p>\n<p>Ks. Wachowiak ujawnia r\u00f3wnie\u017c, \u017ce w\u00a0rozmowach z\u00a0innymi duchownymi dowiaduje si\u0119, \u017ce podobn\u0105 zasad\u0119 dotycz\u0105c\u0105 kopert maj\u0105 w\u00a0planach wprowadzi\u0107 tak\u017ce inni ksi\u0119\u017ca. By jednak wprowadzi\u0107 takie zmiany, trzeba by\u0107 proboszczem parafii. <\/p>\n<p>Wed\u0142ug informacji ks. Wachowiaka, parafia pw. \u015aw. Brata Alberta w\u00a0Kozieg\u0142owach liczy ok. 4\u00a0tys. wiernych. Duchowny we wcze\u015bniejszych wpisach informowa\u0142, \u017ce regularnie przekazuje parafianom stan finansowy parafii. &#8222;Parafianie te\u017c swoje widz\u0105, ale i\u00a0dowiaduj\u0105 si\u0119 ode mnie, ile pieni\u0119dzy oddajemy Kurii, jak radzimy sobie z\u00a0op\u0142atami dot. rachunk\u00f3w, remont\u00f3w, inwestycji i\u00a0nieszcz\u0119snych d\u0142ug\u00f3w&#8221; &#8211;\u00a0informowa\u0142 w\u00a0ubieg\u0142ym roku ks. Daniel. <\/p>\n","protected":false},"excerpt":{"rendered":"Co roku wraca temat pieni\u0119dzy, kt\u00f3re wypada w\u0142o\u017cy\u0107 do koperty i\u00a0przekaza\u0107 ksi\u0119dzu na kol\u0119dzie. Trzeba jednak pami\u0119ta\u0107, \u017ce&hellip;\n","protected":false},"author":2,"featured_media":150195,"comment_status":"","ping_status":"","sticky":false,"template":"","format":"standard","meta":{"footnotes":""},"categories":[12],"tags":[32,33,36,37,27,34,35,28,31,25,42,38,40,39,41,29,30,26],"class_list":{"0":"post-150194","1":"post","2":"type-post","3":"status-publish","4":"format-standard","5":"has-post-thumbnail","7":"category-polska","8":"tag-breaking-news","9":"tag-breakingnews","10":"tag-featured-news","11":"tag-featurednews","12":"tag-headlines","13":"tag-latest-news","14":"tag-latestnews","15":"tag-naglowki","16":"tag-najwazniejsze-artykuly","17":"tag-news","18":"tag-pl","19":"tag-poland","20":"tag-polish","21":"tag-polska","22":"tag-polski","23":"tag-top-stories","24":"tag-topstories","25":"tag-wiadomosci"},"share_on_mastodon":{"url":"https:\/\/pubeurope.com\/@pl\/115718160631747382","error":""},"_links":{"self":[{"href":"https:\/\/www.europesays.com\/pl\/wp-json\/wp\/v2\/posts\/150194","targetHints":{"allow":["GET"]}}],"collection":[{"href":"https:\/\/www.europesays.com\/pl\/wp-json\/wp\/v2\/posts"}],"about":[{"href":"https:\/\/www.europesays.com\/pl\/wp-json\/wp\/v2\/types\/post"}],"author":[{"embeddable":true,"href":"https:\/\/www.europesays.com\/pl\/wp-json\/wp\/v2\/users\/2"}],"replies":[{"embeddable":true,"href":"https:\/\/www.europesays.com\/pl\/wp-json\/wp\/v2\/comments?post=150194"}],"version-history":[{"count":0,"href":"https:\/\/www.europesays.com\/pl\/wp-json\/wp\/v2\/posts\/150194\/revisions"}],"wp:featuredmedia":[{"embeddable":true,"href":"https:\/\/www.europesays.com\/pl\/wp-json\/wp\/v2\/media\/150195"}],"wp:attachment":[{"href":"https:\/\/www.europesays.com\/pl\/wp-json\/wp\/v2\/media?parent=150194"}],"wp:term":[{"taxonomy":"category","embeddable":true,"href":"https:\/\/www.europesays.com\/pl\/wp-json\/wp\/v2\/categories?post=150194"},{"taxonomy":"post_tag","embeddable":true,"href":"https:\/\/www.europesays.com\/pl\/wp-json\/wp\/v2\/tags?post=150194"}],"curies":[{"name":"wp","href":"https:\/\/api.w.org\/{rel}","templated":true}]}}