{"id":150196,"date":"2025-12-14T13:29:12","date_gmt":"2025-12-14T13:29:12","guid":{"rendered":"https:\/\/www.europesays.com\/pl\/150196\/"},"modified":"2025-12-14T13:29:12","modified_gmt":"2025-12-14T13:29:12","slug":"ile-legia-zaplaci-za-papszuna-setki-tysiecy-euro-plus-bonusy","status":"publish","type":"post","link":"https:\/\/www.europesays.com\/pl\/150196\/","title":{"rendered":"Ile Legia zap\u0142aci za Papszuna? Setki tysi\u0119cy euro plus bonusy"},"content":{"rendered":"<p>Ile ostatecznie Legia zap\u0142aci za\u00a0Marka Papszuna? Nie\u00a0tak\u00a0du\u017co, jak wydawa\u0142o si\u0119 na\u00a0pocz\u0105tku tej\u00a0historii \u2013 ju\u017c 21 listopada pisali\u015bmy o\u00a0milionie euro i\u00a0przenosinach dopiero po\u00a0rundzie, no\u00a0i\u00a0w\u00a0tej\u00a0drugiej cz\u0119\u015bci to\u00a0si\u0119 ca\u0142kowicie sprawdzi\u0142o \u2013 ale\u00a0te\u017c nie\u00a0tak\u00a0ma\u0142o, jak jest tu\u00a0i\u00a0tam obecnie kolportowane.<\/p>\n<p>Mianowicie chodzi o\u00a0300-400 tysi\u0119cy \u2013 co\u00a0wa\u017cne \u2013 euro, cho\u0107 bli\u017cej tej\u00a0drugiej kwoty, plus bonusy za\u00a0wyniki, kt\u00f3re Papszun b\u0119dzie osi\u0105ga\u0142 z\u00a0Legi\u0105. I\u00a0prawd\u0119 m\u00f3wi\u0105c wci\u0105\u017c to\u00a0jest bardzo korzystna umowa dla klubu z\u00a0Cz\u0119stochowy, bo\u00a0dostanie kas\u0119 za\u00a0trenera, kt\u00f3ry\u00a0i\u00a0tak\u00a0chcia\u0142 odej\u015b\u0107, i\u00a0tak\u00a0mia\u0142 kontrakt do\u00a0ko\u0144ca sezonu, a\u00a0ponadto w\u00a0trakcie negocjacji znaleziono nast\u0119pc\u0119. Poza tym w\u00a0czasie tych rozm\u00f3w Rak\u00f3w jeszcze wygrywa\u0142 swoje mecze, Legia je\u00a0przegrywa\u0142a, wi\u0119c\u00a0tak\u00a0naprawd\u0119 Rak\u00f3w zjad\u0142 ciastko i\u00a0ma\u00a0ciastko.<\/p>\n<p>Legia dopiero ciastko kupuje, ale\u00a0czy\u00a0si\u0119 nim naje \u2013 zobaczymy.<\/p>\n<p>Tak\u00a0wi\u0119c\u00a0nie\u00a0ma\u00a0w\u0105tpliwo\u015bci, kto w\u00a0tym starciu przy stole negocjacyjnym wygra\u0142, jest to\u00a0jednog\u0142o\u015bnie Rak\u00f3w. Od\u00a0pocz\u0105tku rozdawa\u0142 karty, poczeka\u0142 tyle, ile by\u0142o mu\u00a0potrzebne, a\u00a0teraz ze\u00a0spokojem mo\u017ce dopina\u0107 ostatnie kwestie tego transferu.<\/p>\n<p>CZYTAJ WI\u0118CEJ O\u00a0POLSKIEJ PI\u0141CE:<\/p>\n<p>Fot.\u00a0Newspix<\/p>\n<p>\u00a0<\/p>\n","protected":false},"excerpt":{"rendered":"Ile ostatecznie Legia zap\u0142aci za\u00a0Marka Papszuna? Nie\u00a0tak\u00a0du\u017co, jak wydawa\u0142o si\u0119 na\u00a0pocz\u0105tku tej\u00a0historii \u2013 ju\u017c 21 listopada pisali\u015bmy o\u00a0milionie&hellip;\n","protected":false},"author":2,"featured_media":142227,"comment_status":"","ping_status":"","sticky":false,"template":"","format":"standard","meta":{"footnotes":""},"categories":[5],"tags":[32,33,36,37,27,34,35,713,2221,28,31,25,42,38,40,39,41,2369,29,30,26],"class_list":{"0":"post-150196","1":"post","2":"type-post","3":"status-publish","4":"format-standard","5":"has-post-thumbnail","7":"category-naglowki","8":"tag-breaking-news","9":"tag-breakingnews","10":"tag-featured-news","11":"tag-featurednews","12":"tag-headlines","13":"tag-latest-news","14":"tag-latestnews","15":"tag-legia-warszawa","16":"tag-marek-papszun","17":"tag-naglowki","18":"tag-najwazniejsze-artykuly","19":"tag-news","20":"tag-pl","21":"tag-poland","22":"tag-polish","23":"tag-polska","24":"tag-polski","25":"tag-rakow-czestochowa","26":"tag-top-stories","27":"tag-topstories","28":"tag-wiadomosci"},"share_on_mastodon":{"url":"https:\/\/pubeurope.com\/@pl\/115718164648209741","error":""},"_links":{"self":[{"href":"https:\/\/www.europesays.com\/pl\/wp-json\/wp\/v2\/posts\/150196","targetHints":{"allow":["GET"]}}],"collection":[{"href":"https:\/\/www.europesays.com\/pl\/wp-json\/wp\/v2\/posts"}],"about":[{"href":"https:\/\/www.europesays.com\/pl\/wp-json\/wp\/v2\/types\/post"}],"author":[{"embeddable":true,"href":"https:\/\/www.europesays.com\/pl\/wp-json\/wp\/v2\/users\/2"}],"replies":[{"embeddable":true,"href":"https:\/\/www.europesays.com\/pl\/wp-json\/wp\/v2\/comments?post=150196"}],"version-history":[{"count":0,"href":"https:\/\/www.europesays.com\/pl\/wp-json\/wp\/v2\/posts\/150196\/revisions"}],"wp:featuredmedia":[{"embeddable":true,"href":"https:\/\/www.europesays.com\/pl\/wp-json\/wp\/v2\/media\/142227"}],"wp:attachment":[{"href":"https:\/\/www.europesays.com\/pl\/wp-json\/wp\/v2\/media?parent=150196"}],"wp:term":[{"taxonomy":"category","embeddable":true,"href":"https:\/\/www.europesays.com\/pl\/wp-json\/wp\/v2\/categories?post=150196"},{"taxonomy":"post_tag","embeddable":true,"href":"https:\/\/www.europesays.com\/pl\/wp-json\/wp\/v2\/tags?post=150196"}],"curies":[{"name":"wp","href":"https:\/\/api.w.org\/{rel}","templated":true}]}}