{"id":150364,"date":"2025-12-14T15:22:09","date_gmt":"2025-12-14T15:22:09","guid":{"rendered":"https:\/\/www.europesays.com\/pl\/150364\/"},"modified":"2025-12-14T15:22:09","modified_gmt":"2025-12-14T15:22:09","slug":"mniej-polskich-skoczkow-w-74-turnieju-czterech-skoczni-sport-tvp-pl","status":"publish","type":"post","link":"https:\/\/www.europesays.com\/pl\/150364\/","title":{"rendered":"Mniej polskich skoczk\u00f3w w 74. Turnieju Czterech Skoczni &#8211; sport.tvp.pl"},"content":{"rendered":"<ol>\n<li><a href=\"https:\/\/news.google.com\/rss\/articles\/CBMitAFBVV95cUxOYlNsVVl3c1dNajRCdHhyZ0pWQWtvM1RUX2hWdVQ5S0tXVkRVaGlpbndCMmEtWEFvSl9ZZG4tbkFkcXdSZFB4REtfS2I4YjhoYTF6WE5uZmRGdDhiZXZoeVpJUVlVcFBjb0tSd0dfZF9MaE5tYm5VT3NNSWtlY3NsOHkxTXhmSFA2cmg4V0VnUkZKZ3NZLVVlM2ItdmItcVdPejBSTmVqUFR4WTBxeWJrUU4yZ1bSAboBQVVfeXFMUFZkX0RLTHpJM3lkdnk2OUJhUzVpdFJPYkpfTmo0Q0F6a2YzY3VpOTJLc1h1MW5xbFdKTWJOa196Wi1aU2lKWWNNTUY3NXR5dEphVkdfc0xrSHN6Uy1tVjNrZFVFTG9sdXdQOS10T3VLUEl4U1Z0NE0tWXIxTGRxMUlSemVQNkVkTW5WNDd0QlV0NW1TQXQ2SVFOZEJ4MG1tZkZVSnZXYmU1WXlkREVuUzZfNk1GZ0JjUG5B?oc=5\" target=\"_blank\" rel=\"nofollow noopener\">Mniej polskich skoczk\u00f3w w 74. Turnieju Czterech Skoczni<\/a>&nbsp;&nbsp;sport.tvp.pl<\/li>\n<li><a href=\"https:\/\/news.google.com\/rss\/articles\/CBMi4wFBVV95cUxQWnNqTjF5M0FiLVg5YWRKLVRNanBRd1p2SHdZNlVnUkRkQ3ZwSTd4NEpkN3FIRjZrZ2ZqNXczTU9mR1Q4UW9oVHpoNVFTTDBHeEotc0xGc2dBMlJTYWdnUmR2TmUwSkVwdFRrRTY4Ym5qdHNZWXQ0bG1CZEM3WWRRMEktSFBZa0dMU0FyZ3g0bi1zWFJ1NV9HM1lPUE0zNkIxTVBWcm45T1FTN2pxejRuYVd4SVJaWTNacUw2TllUTmVXWF9tZlNqN1NLeEM0ak1CeVhkbTlCclB2MENZWGF3dGR6Zw?oc=5\" target=\"_blank\" rel=\"nofollow noopener\">Pot\u0119\u017cne konsekwencje dla Polski po Ruce! Najgorsze wie\u015bci na Turniej Czterech Skoczni<\/a>&nbsp;&nbsp;Przegl\u0105d Sportowy Onet<\/li>\n<li><a href=\"https:\/\/news.google.com\/rss\/articles\/CBMisAFBVV95cUxOMUJuTjBadnpPem1udGV2eTFMbW1yZ2FlcW9fcUFQaVhiWHI5SjFwcTdVSE5VVzh1STRwWGxYdF83Q2NtaTZMTHNVajlxZGtCbUpLd1lvYWFsT0hrT0RRak0yMkZzc2tGbzAyYTJITVgxX3ljcjNadjZqUlFiRV80VWRsakFLd2p0eGYxaEt0UDQwTk9ob3h1bXJjVmNPWjNYMndqQWYtUmNaa084QmZCSA?oc=5\" target=\"_blank\" rel=\"nofollow noopener\">143 metry Zniszczo\u0142a w drugiej serii! Awansowa\u0142 o sze\u015b\u0107 pozycji<\/a>&nbsp;&nbsp;Sport.pl<\/li>\n<li><a href=\"https:\/\/news.google.com\/rss\/articles\/CBMirgFBVV95cUxPamd2MEFVLTJJTFh1NzBxUkZ4R3VSM3hfcnFsVkp1ck5lUEo5ZkEwRVhZeVdKVWpKam5pYWlkTVpOMFJhVFhUZWljckExaWotQWtaT25KRXRHaE1TX2UwRUh3NDk4RTRTNnZkVkZ6NU9NQk92MjQxcGlJU1dMalp5RW1yTjljYUUzbHdHckYwZTd2TFh1Q1FoVXd6V3o2b3NTYXBwTzRWdlFfdzhveEE?oc=5\" target=\"_blank\" rel=\"nofollow noopener\">Fatalne wie\u015bci dla Polak\u00f3w ws. Turnieju Czterech Skoczni<\/a>&nbsp;&nbsp;SportoweFakty<\/li>\n<li><a href=\"https:\/\/news.google.com\/rss\/articles\/CBMijAFBVV95cUxNTGw2LURBWUdBbFlSUlBmazN4VjhtUW9nNGdJQWpWSWdZYXBxNzFPM1UtQlhuV1FqTmZvSEVsaHBLODBFdHRrR21NUDB0RHZyWk5SOUFBMlRZSk0tQ3RIeE5FYnBNRHJsLUo1NzRDOW9tYUZLZFNLNXgyNHZ4MkU4dENKbmVWaEkyU2xaWNIBkgFBVV95cUxOdHBkMjV4MWFSU01iVTByNkVHWkFJLUlEVV9vWGZNSVpib2ZVTTBscXJpN3pDaTFLN2JKM002elU4dXd5bkJlOVByNkhFVEM1VElqRnJlZEY1S2VvWi13SV9iR3dsZDZsSkZZT1R3bUszMDN6T09KWFAwSVY3aUtsUlNTY3Fzb2VEeVdwWGV5bERvZw?oc=5\" target=\"_blank\" rel=\"nofollow noopener\">PK w Ruce: Triumf Pedersena, Joniak si\u00f3dmy<\/a>&nbsp;&nbsp;Skijumping<\/li>\n<\/ol>\n","protected":false},"excerpt":{"rendered":"Mniej polskich skoczk\u00f3w w 74. Turnieju Czterech Skoczni&nbsp;&nbsp;sport.tvp.pl Pot\u0119\u017cne konsekwencje dla Polski po Ruce! Najgorsze wie\u015bci na Turniej&hellip;\n","protected":false},"author":2,"featured_media":150365,"comment_status":"","ping_status":"","sticky":false,"template":"","format":"standard","meta":{"footnotes":"","_share_on_mastodon":"0"},"categories":[24],"tags":[6800,42,38,40,39,41,28729,15285,1538,127,334,126],"class_list":["post-150364","post","type-post","status-publish","format-standard","has-post-thumbnail","category-sport","tag-klemens-joniak","tag-pl","tag-poland","tag-polish","tag-polska","tag-polski","tag-puchar-kontynentalny","tag-ruka","tag-skoki-narciarskie","tag-sport","tag-sport-tvp-pl","tag-sports"],"share_on_mastodon":{"url":"https:\/\/pubeurope.com\/@pl\/115718609082303140","error":""},"_links":{"self":[{"href":"https:\/\/www.europesays.com\/pl\/wp-json\/wp\/v2\/posts\/150364","targetHints":{"allow":["GET"]}}],"collection":[{"href":"https:\/\/www.europesays.com\/pl\/wp-json\/wp\/v2\/posts"}],"about":[{"href":"https:\/\/www.europesays.com\/pl\/wp-json\/wp\/v2\/types\/post"}],"author":[{"embeddable":true,"href":"https:\/\/www.europesays.com\/pl\/wp-json\/wp\/v2\/users\/2"}],"replies":[{"embeddable":true,"href":"https:\/\/www.europesays.com\/pl\/wp-json\/wp\/v2\/comments?post=150364"}],"version-history":[{"count":0,"href":"https:\/\/www.europesays.com\/pl\/wp-json\/wp\/v2\/posts\/150364\/revisions"}],"wp:featuredmedia":[{"embeddable":true,"href":"https:\/\/www.europesays.com\/pl\/wp-json\/wp\/v2\/media\/150365"}],"wp:attachment":[{"href":"https:\/\/www.europesays.com\/pl\/wp-json\/wp\/v2\/media?parent=150364"}],"wp:term":[{"taxonomy":"category","embeddable":true,"href":"https:\/\/www.europesays.com\/pl\/wp-json\/wp\/v2\/categories?post=150364"},{"taxonomy":"post_tag","embeddable":true,"href":"https:\/\/www.europesays.com\/pl\/wp-json\/wp\/v2\/tags?post=150364"}],"curies":[{"name":"wp","href":"https:\/\/api.w.org\/{rel}","templated":true}]}}