{"id":150530,"date":"2025-12-14T17:20:08","date_gmt":"2025-12-14T17:20:08","guid":{"rendered":"https:\/\/www.europesays.com\/pl\/150530\/"},"modified":"2025-12-14T17:20:08","modified_gmt":"2025-12-14T17:20:08","slug":"nokaut-w-klingenthal-miejsca-polskich-skoczkow-w-mowia-wszystko","status":"publish","type":"post","link":"https:\/\/www.europesays.com\/pl\/150530\/","title":{"rendered":"Nokaut w Klingenthal. Miejsca polskich skoczk\u00f3w w m\u00f3wi\u0105 wszystko"},"content":{"rendered":"<p class=\"art_paragraph\">W pierwszej serii <a href=\"https:\/\/www.sport.pl\/pilka\/7,65037,32404453,uwaga-oto-co-sie-musi-stac-by-polska-byla-losowana-z-1-koszyka.html#anchorLink\" rel=\"nofollow noopener\" target=\"_blank\">polscy<\/a> kibice prze\u017cyli spory zaw\u00f3d. Dwaj dotychczas najlepiej punktuj\u0105cy zawodnicy w Pucharze \u015awiata &#8211; Kapcer Tomasiak i Kamil Stoch nie zakwalifikowali si\u0119 do drugiej serii! 18-letni Tomasiak przerwa\u0142 \u015bwietn\u0105 seri\u0119 8 z rz\u0119du konkurs\u00f3w Pucharu \u015awiata z punktami. Tym razem po skoku na odleg\u0142o\u015b\u0107 125,5 metra (nota 107.8) by\u0142 32. Tu\u017c przed nim znalaz\u0142 si\u0119 Kamil Stoch (128 metr\u00f3w &#8211; 108.1), a do &#8222;30&#8221; zabrak\u0142o mu zaledwie 0,3 punktu! &#8211; Mia\u0142em tutaj problem, by z\u0142apa\u0107 odpowiednie czucie. Przytrafi\u0142 si\u0119 niestety gorszy weekend &#8211; potem t\u0142umaczy\u0142 Tomasiak dla Eurosportu. Co jednak mia\u0142 powiedzie\u0107 Austriak Jan Hoerl, kt\u00f3ry zaj\u0105\u0142 35. miejsce.\u00a0<\/p>\n<p>\n    Zobacz wideo Oto szansa dla polskich skoczk\u00f3w. Mo\u017cna odetchn\u0105\u0107\n  <\/p>\n<p> Pot\u0119\u017cne rozczarowanie w Klingenthal. Miejsca Polak\u00f3w m\u00f3wi\u0105 wszystko<\/p>\n<p class=\"art_paragraph\">Tym razem najlepszym polskim zawodnikiem by\u0142 <a href=\"https:\/\/www.sport.pl\/piotr-zyla#anchorLink\" rel=\"nofollow noopener\" target=\"_blank\">Piotr \u017by\u0142a<\/a>. Po pierwszej serii by\u0142 16, ale do najlepszej &#8222;10&#8221; traci\u0142 a\u017c dziesi\u0119\u0107 punkt\u00f3w. W drugiej serii Polak skaka\u0142 w najlepszych warunkach. Nie wykorzysta\u0142 jednak dobrego wiatru i skoczy\u0142 tylko 129 metr\u00f3w. W efekcie zosta\u0142 sklasyfikowany dopiero na 20. pozycji.\u00a0<\/p>\n<p class=\"art_paragraph\">Nie\u017ale spisa\u0142 si\u0119 te\u017c Pawe\u0142 W\u0105sek, kt\u00f3ry mia\u0142 najlepszy dotychczasowy konkurs w tym sezonie. Polak zaj\u0105\u0142 21. miejsce.\u00a0<\/p>\n<p class=\"art_paragraph\">Zn\u00f3w s\u0142abo spisa\u0142 si\u0119 za to <a href=\"https:\/\/www.sport.pl\/dawid-kubacki#anchorLink\" rel=\"nofollow noopener\" target=\"_blank\">Dawid Kubacki<\/a>. W pierwszej serii skoczy\u0142 129,5 metra, ale w drugiej a\u017c osiem metr\u00f3w kr\u00f3cej i by\u0142 dopiero 28.\u00a0<\/p>\n<p class=\"art_paragraph\">Po raz czwarty z rz\u0119du konkurs P\u015a wygra\u0142 jednak Domen Prevc. S\u0142oweniec wr\u0119cz znokautowa\u0142 rywali. Jego przewaga nad kolejnymi zawodnikami by\u0142a gigantyczna. Japo\u0144czyka Rena Nikaido wyprzedzi\u0142 a\u017c o 13 punkt\u00f3w, a trzeciego\u00a0Ryoyu Kobayashiego o 14,1 punktu.\u00a0<\/p>\n<p class=\"art_paragraph\">Zobacz tak\u017ce: <a href=\"https:\/\/www.sport.pl\/skoki\/7,65074,32469834,czerwona-kartka-dla-skoczka-narciarskiego-pierwszy-raz-w-historii.html\" class=\"art_link\" rel=\"dofollow noopener\" target=\"_blank\">Czerwona kartka dla skoczka narciarskiego! Pierwszy raz w historii<\/a><\/p>\n<p class=\"art_paragraph\">Prevc umocni\u0142 si\u0119 na prowadzeniu w klasyfikacji generalnej Pucharu \u015awiata. Powi\u0119kszy\u0142 przewag\u0119 nad wiceliderem, a na t\u0119 pozycj\u0119 awansowa\u0142 Kobayashi. S\u0142oweniec ma 670 punkt\u00f3w, a Japo\u0144czyk &#8211; 531.\u00a0<\/p>\n<p class=\"art_paragraph\">Kolejne konkursy Pucharu \u015awiata odb\u0119d\u0105 si\u0119 w szwajcarskim Engelbergu.\u00a0<\/p>\n<p> Najlepsza &#8222;10&#8221; konkursu w Klingenthal:<\/p>\n<ol class=\"art_oList\">\n<li class=\"art_list_el\">Domen Prevc (141 i 140,5 &#8211; 275.1)<\/li>\n<li class=\"art_list_el\">Ren Nikaido (141 i 135 &#8211; 262.1)<\/li>\n<li class=\"art_list_el\">Ryoyu Kobayashi (142 i 133,5 &#8211; 261)<\/li>\n<li class=\"art_list_el\">Valentin Foubert (140 i 137 &#8211; 257.4)<\/li>\n<li class=\"art_list_el\">Kristoffer Eriksen Sundal (138,5 i 133 &#8211; 252.5)<\/li>\n<li class=\"art_list_el\">Tomofumi Naito (139,5 i 136 &#8211; 252<\/li>\n<li class=\"art_list_el\">Halvor Egner Granerud (134 i 138 &#8211; 248.8)<\/li>\n<li class=\"art_list_el\">Stephan Embacher (131,5 i 136 &#8211; 242.2)<\/li>\n<li class=\"art_list_el\">Manuel Fettner (138,5 i 128 &#8211; 242.1)<\/li>\n<li class=\"art_list_el\">Philipp Raimund (137 i 127,5 &#8211; 238)<\/li>\n<li class=\"art_list_el\">Stefan Kraft (137 i 127 &#8211; 237.1)<\/li>\n<\/ol>\n<ul class=\"art_uList\">\n<li class=\"art_list_el\">20. Piotr \u017by\u0142a (130,5 i 129 &#8211; 221.1)<\/li>\n<li class=\"art_list_el\">21. Pawe\u0142 W\u0105sek (132 i 127 &#8211; 220.7)<\/li>\n<li class=\"art_list_el\">28. Dawid Kubacki (129,5 i 121,5 &#8211; 207.2)<\/li>\n<li class=\"art_list_el\">31. Kamil Stoch (128 &#8211; 108.1)<\/li>\n<li class=\"art_list_el\">32. Kacper Tomasiak (125,5 &#8211; 107.8)<\/li>\n<li class=\"art_list_el\">37. Maciej Kot (126,5 &#8211; 101.4)<\/li>\n<\/ul>\n","protected":false},"excerpt":{"rendered":"W pierwszej serii polscy kibice prze\u017cyli spory zaw\u00f3d. Dwaj dotychczas najlepiej punktuj\u0105cy zawodnicy w Pucharze \u015awiata &#8211; Kapcer&hellip;\n","protected":false},"author":2,"featured_media":150531,"comment_status":"","ping_status":"","sticky":false,"template":"","format":"standard","meta":{"footnotes":""},"categories":[5],"tags":[32,33,36,37,27,34,35,28,31,25,42,38,40,39,41,29,30,26],"class_list":{"0":"post-150530","1":"post","2":"type-post","3":"status-publish","4":"format-standard","5":"has-post-thumbnail","7":"category-naglowki","8":"tag-breaking-news","9":"tag-breakingnews","10":"tag-featured-news","11":"tag-featurednews","12":"tag-headlines","13":"tag-latest-news","14":"tag-latestnews","15":"tag-naglowki","16":"tag-najwazniejsze-artykuly","17":"tag-news","18":"tag-pl","19":"tag-poland","20":"tag-polish","21":"tag-polska","22":"tag-polski","23":"tag-top-stories","24":"tag-topstories","25":"tag-wiadomosci"},"share_on_mastodon":{"url":"https:\/\/pubeurope.com\/@pl\/115719072950528318","error":""},"_links":{"self":[{"href":"https:\/\/www.europesays.com\/pl\/wp-json\/wp\/v2\/posts\/150530","targetHints":{"allow":["GET"]}}],"collection":[{"href":"https:\/\/www.europesays.com\/pl\/wp-json\/wp\/v2\/posts"}],"about":[{"href":"https:\/\/www.europesays.com\/pl\/wp-json\/wp\/v2\/types\/post"}],"author":[{"embeddable":true,"href":"https:\/\/www.europesays.com\/pl\/wp-json\/wp\/v2\/users\/2"}],"replies":[{"embeddable":true,"href":"https:\/\/www.europesays.com\/pl\/wp-json\/wp\/v2\/comments?post=150530"}],"version-history":[{"count":0,"href":"https:\/\/www.europesays.com\/pl\/wp-json\/wp\/v2\/posts\/150530\/revisions"}],"wp:featuredmedia":[{"embeddable":true,"href":"https:\/\/www.europesays.com\/pl\/wp-json\/wp\/v2\/media\/150531"}],"wp:attachment":[{"href":"https:\/\/www.europesays.com\/pl\/wp-json\/wp\/v2\/media?parent=150530"}],"wp:term":[{"taxonomy":"category","embeddable":true,"href":"https:\/\/www.europesays.com\/pl\/wp-json\/wp\/v2\/categories?post=150530"},{"taxonomy":"post_tag","embeddable":true,"href":"https:\/\/www.europesays.com\/pl\/wp-json\/wp\/v2\/tags?post=150530"}],"curies":[{"name":"wp","href":"https:\/\/api.w.org\/{rel}","templated":true}]}}