{"id":150914,"date":"2025-12-14T21:49:30","date_gmt":"2025-12-14T21:49:30","guid":{"rendered":"https:\/\/www.europesays.com\/pl\/150914\/"},"modified":"2025-12-14T21:49:30","modified_gmt":"2025-12-14T21:49:30","slug":"jolanta-fraszynska-i-tomasz-zielinski-odwolali-slub-poznali-sie-gdy-czekal-na-przeszczep","status":"publish","type":"post","link":"https:\/\/www.europesays.com\/pl\/150914\/","title":{"rendered":"Jolanta Fraszy\u0144ska i Tomasz Zieli\u0144ski odwo\u0142ali \u015blub. Poznali si\u0119, gdy czeka\u0142 na przeszczep"},"content":{"rendered":"<p> Galeria zdj\u0119\u0107    Jolanta Fraszy\u0144ska i Tomasz Zieli\u0144ski    <img src=\"https:\/\/www.europesays.com\/pl\/wp-content\/uploads\/2025\/12\/9ugk9lBaHR0cHM6Ly9vY2RuLmV1L3B1bHNjbXMvTURBXy9kMzc2ZjE4YWY0OTZkNzgwYmJkYTk5NjRhNWU2NDRlZi5qcGeRlQLNA.jpeg\" height=\"529\" width=\"940\" alt=\"Jolanta Fraszy\u0144ska i Tomasz Zieli\u0144ski\" loading=\"lazy\" decoding=\"async\" class=\"ods-c-image__img ods-c-image__img--placeholder\"\/>     1\/5   <\/p>\n<p>Andras Szilagyi \/ MW Media<\/p>\n<p class=\"ods-c-gallery__item__description\">Zanim Jolanta Fraszy\u0144ska pozna\u0142a Tomasza Zieli\u0144skiego, dwukrotnie stawa\u0142a na \u015blubnym kobiercu. Przypomnijmy, \u017ce aktorka by\u0142a \u017con\u0105 Roberta Gonery (maj\u0105 c\u00f3rk\u0119, Nastazj\u0119) oraz Grzegorza Kuczeriszki (para ma c\u00f3rk\u0119, Aniel\u0119).\n<\/p>\n<p>&#8222;To decyzja przemy\u015blana, uzgodniona i przegadana. Dzi\u0119ki temu mo\u017cemy mie\u0107 przyjacielskie relacje. Rozwiedli\u015bmy si\u0119 z klas\u0105&#8221; \u2014m\u00f3wi\u0142a aktorka po drugim rozwodzie w &#8222;Dzie\u0144 dobry TVN&#8221;.\n<\/p>\n<p>Potem na drodze aktorki stan\u0105\u0142 Tomasz Zieli\u0144ski. To nie by\u0142a mi\u0142o\u015b\u0107 od pierwszego wejrzenia. A jednak, tych dwoje co\u015b po\u0142\u0105czy\u0142o.\n<\/p>\n<p>&#8222;By\u0142am ju\u017c w takim wieku, w kt\u00f3rym bardzo chcia\u0142am znale\u017a\u0107 kogo\u015b, z kim b\u0119dzie mi po drodze i b\u0119dzie kierowa\u0142 si\u0119 podobnymi warto\u015bciami w \u017cyciu. Kt\u00f3ry b\u0119dzie chcia\u0142 zmienia\u0107, pracowa\u0107 dla dobra siebie i zwi\u0105zku. I tak spotka\u0142am Tomka&#8221; \u2014 przyzna\u0142a w &#8222;Dzie\u0144 dobry TVN&#8221;.<\/p>\n<p>    Jolanta Fraszy\u0144ska i Tomasz Zieli\u0144ski    <img src=\"https:\/\/www.europesays.com\/pl\/wp-content\/uploads\/2025\/12\/Rjvk9lBaHR0cHM6Ly9vY2RuLmV1L3B1bHNjbXMvTURBXy9jODIwODE0ZjY2NWI5MTMyYzc3OTg4NGQ5MzRiYmUwMC5qcGeRlQLNA.jpeg\" height=\"529\" width=\"940\" alt=\"Jolanta Fraszy\u0144ska i Tomasz Zieli\u0144ski\" loading=\"lazy\" decoding=\"async\" class=\"ods-c-image__img ods-c-image__img--placeholder\"\/>     2\/5   <\/p>\n<p>MW Media<\/p>\n<p class=\"ods-c-gallery__item__description\">Jolanta Fraszy\u0144ska nie ukrywa, \u017ce by\u0142a wtedy w trudnym momencie \u017cycia. Dopiero si\u0119 rozwiod\u0142a. Mia\u0142a te\u017c wiele temat\u00f3w z przesz\u0142o\u015bci do przepracowania. Za namow\u0105 przyjaci\u00f3\u0142ki trafi\u0142a na warsztaty rozwoju osobistego. Prowadzi\u0142 je Tomasz Zieli\u0144ski.\n<\/p>\n<p>&#8222;Mia\u0142 ksyw\u0119 W\u00f3dz, by\u0142 powa\u017cny i troch\u0119 usztywniony. Zainteresowa\u0142 mnie, bo mia\u0142 w sobie \u0142agodno\u015b\u0107, aur\u0119 tajemnicy i niesamowicie dobre oczy. \u017badna strza\u0142a Amora od razu nas nie dosi\u0119g\u0142a. Wiedzia\u0142am, \u017ce chc\u0119 rozwija\u0107 si\u0119 duchowo i od zawsze poci\u0105ga\u0142a mnie psychologia. Po jakim\u015b czasie zdecydowali\u015bmy si\u0119 stworzy\u0107 z Tomkiem zwi\u0105zek&#8221; \u2014 opowiada\u0142a aktorka na \u0142amach &#8222;Pani&#8221;.\n<\/p>\n<p>Para ju\u017c na pocz\u0105tku zwi\u0105zku musia\u0142a pokona\u0107 przeciwno\u015bci losu. Problemy bowiem da\u0142y o sobie zna\u0107. Ukochany aktorki jako dziecko zosta\u0142 zara\u017cony wirusem HBV. Gdy pozna\u0142 Jolant\u0119 Fraszy\u0144sk\u0105, znajdowa\u0142 si\u0119 na li\u015bcie oczekuj\u0105cych na przeszczep w\u0105troby.\n<\/p>\n<p>&#8222;Jola okaza\u0142a mi wtedy niezwyk\u0142e wsparcie, by\u0142a anio\u0142em, opiekowa\u0142a si\u0119 mn\u0105 z mi\u0142o\u015bci\u0105, pomog\u0142a w zdrowieniu&#8221; \u2014 podkre\u015bli\u0142 Tomasz Zieli\u0144ski w &#8222;Pani&#8221;.<\/p>\n<p>       Jolanta Fraszy\u0144ska i Tomasz Zieli\u0144ski    <img src=\"https:\/\/www.europesays.com\/pl\/wp-content\/uploads\/2025\/12\/FgFk9lBaHR0cHM6Ly9vY2RuLmV1L3B1bHNjbXMvTURBXy9mZjgzMGM1ZjM2NTM3MmI0ZWIxOGRhNzc5NWU5MTU1Ny5qcGeRlQLNA.jpeg\" height=\"529\" width=\"940\" alt=\"Jolanta Fraszy\u0144ska i Tomasz Zieli\u0144ski\" loading=\"lazy\" decoding=\"async\" class=\"ods-c-image__img ods-c-image__img--placeholder\"\/>     3\/5   <\/p>\n<p>Pawe\u0142 Wrzecion \/ MW Media<\/p>\n<p class=\"ods-c-gallery__item__description\">Jolant\u0119 Fraszy\u0144sk\u0105 i Tomasza Zieli\u0144skiego po\u0142\u0105czy\u0142y wsp\u00f3lne zainteresowania \u2014 nie tylko rozw\u00f3j osobisty i psychologia, ale tak\u017ce kwestie ekologiczne i prozdrowotne. Para zreszt\u0105 za\u0142o\u017cy\u0142a razem firm\u0119, kt\u00f3ra zajmuje si\u0119 energi\u0105 odnawialn\u0105.\n<\/p>\n<p>&#8222;W naszej opinii dosy\u0107 wa\u017cne jest, by zaj\u0105\u0107 si\u0119 \u015brodowiskiem naturalnym, kt\u00f3re niestety, jako cywilizacja dewastujemy&#8221; \u2014 m\u00f3wi\u0142a aktorka w &#8222;Dzie\u0144 dobry TVN&#8221;.\n<\/p>\n<p>Oboje zdecydowali si\u0119 r\u00f3wnie\u017c przej\u015b\u0107 na diet\u0119 wegetaria\u0144sk\u0105.\n<\/p>\n<p>&#8222;W domu to Jola g\u0142\u00f3wnie gotuje, bo lubi. Jest artystk\u0105 w kuchni, wszystko, co robi, jest pyszne, ekologiczne i wege, poniewa\u017c z powod\u00f3w etycznych 10 lat temu wybrali\u015bmy diet\u0119 bez mi\u0119sa&#8221; \u2014 zdradzi\u0142 Tomasz Zieli\u0144ski w &#8222;Pani&#8221;.<\/p>\n<p>    Jolanta Fraszy\u0144ska i Tomasz Zieli\u0144ski     <\/p>\n<p class=\"ods-c-gallery__item__description\">W 2021 r. w mediach pojawi\u0142a si\u0119 informacja o \u015blubie pary. Do ceremonii jednak nie dosz\u0142o. Wed\u0142ug informatora &#8222;Na \u017cywo&#8221; uroczysto\u015b\u0107 zosta\u0142a odwo\u0142ana ze wzgl\u0119du na obostrzenia w czasie pandemii COVID-19.\n<\/p>\n<p>&#8222;Zaj\u0119ci prac\u0105 uznali, \u017ce skoro od 12 lat tworz\u0105 udany zwi\u0105zek, to mog\u0119 jeszcze chwil\u0119 poczeka\u0107. Tym bardziej \u017ce pandemia koronawirusa nie sprzyja ceremoniom&#8221; \u2014 donoszono.\n<\/p>\n<p>Jolanta Fraszy\u0144ska i Tomasz Zieli\u0144ski stroni\u0105 od show-biznesu. Wol\u0105 domowe zacisze z dala od blasku fleszy.\n<\/p>\n<p>&#8222;Na pocz\u0105tku Tomek mierzy\u0142 si\u0119 z moim rodzinnym patchworkiem i trudno by\u0142o mu odnale\u017a\u0107 si\u0119 w takiej rzeczywisto\u015bci. Przeprowadzi\u0142 si\u0119 do domu, gdzie Grzesiek, tata Anieli, by\u0142 i jest obecny. Tomek stara\u0142 si\u0119 sprosta\u0107 oczekiwaniom domu, ludzi woko\u0142o, a tak\u017ce temu, \u017ce jestem popularna (&#8230;) Mieszkamy poza Warszaw\u0105, cenimy bycie ze sob\u0105 i to jest dla nas wa\u017cne. Wybrali\u015bmy uwa\u017cn\u0105 obecno\u015b\u0107 wobec siebie, rodziny, bliskich przyjaci\u00f3\u0142, domu, w\u0142asnej przestrzeni. Lubimy podr\u00f3\u017cowa\u0107 kamperem, razem z przyjaci\u00f3\u0142mi byli\u015bmy w Norwegii&#8221; \u2014 przyzna\u0142a aktorka na \u0142amach &#8222;Pani&#8221;.<\/p>\n<p>       Jolanta Fraszy\u0144ska i Tomasz Zieli\u0144ski    <img src=\"https:\/\/www.europesays.com\/pl\/wp-content\/uploads\/2025\/11\/a-6k9lBaHR0cHM6Ly9vY2RuLmV1L3B1bHNjbXMvTURBXy82ZTQxNjhhYjkwNmMwOGM0NmEyMDI3NWQ2ZTgwMjIwYy5wbmeRlQLNB.jpeg\" height=\"529\" width=\"940\" loading=\"lazy\" decoding=\"async\" class=\"ods-c-image__img ods-c-image__img--placeholder\"\/>     5\/5       <\/p>\n<p class=\"ods-c-gallery__item__description\">Para rzadko udziela razem wywiad\u00f3w. Gdy jednak zostan\u0105 zapytani o sw\u00f3j zwi\u0105zek, wypowiadaj\u0105 si\u0119 z ogromnym uczuciem i sympati\u0105.\n<\/p>\n<p>&#8222;Tomek jest wyj\u0105tkowo kreatywny i multidziedzinowy. Potrafi ugotowa\u0107 zup\u0119, wydosta\u0107 wystaj\u0105c\u0105 drzazg\u0119, stworzy\u0107 stron\u0119 internetow\u0105, nakr\u0119ci\u0107 film, poprawi\u0107 umowy prawne w firmie, by\u0107 budowla\u0144cem na czas przebudowy lokalu, kt\u00f3ry kupi\u0142, trenerem rozwoju osobistego. Jest pe\u0142en pasji, nowych wizji, tw\u00f3rczy, dla niego wszystko jest mo\u017cliwe&#8221; \u2014 zdradzi\u0142a aktorka w rozmowie z &#8222;Pani&#8221;.\n<\/p>\n<p>Jej partner z kolei m\u00f3wi\u0142 o niej:\n<\/p>\n<p>&#8222;Jola jest kochaj\u0105c\u0105, opieku\u0144cz\u0105 i wra\u017cliw\u0105 kobiet\u0105. Umie dba\u0107 o ognisko domowe, w kt\u00f3rym do\u015bwiadczam ciep\u0142a, spokoju, poczucia bezpiecze\u0144stwa i blisko\u015bci&#8221;.\n<\/p>\n<p>Dzi\u0119kujemy, \u017ce przeczyta\u0142a\u015b\/e\u015b nasz artyku\u0142 do ko\u0144ca. W serwisie Plejada.pl ka\u017cdego dnia piszemy o najwa\u017cniejszych wydarzeniach show-biznesowych. <\/p>\n<p>B\u0105d\u017a na bie\u017c\u0105co! Obserwuj Plejad\u0119 w <a href=\"http:\/\/news.google.com\/publications\/CAAiEF0PeAlb7W1llpV_mwV2rL4qFAgKIhBdD3gJW-1tZZaVf5sFdqy-?hl=pl&amp;gl=PL&amp;ceid=PL%3Apl\" rel=\"nofollow noopener\" target=\"_blank\">Wiadomo\u015bciach Google<\/a>. Odwied\u017a nas tak\u017ce na <a href=\"http:\/\/facebook.com\/plejadapl\" rel=\"nofollow noopener\" target=\"_blank\">Facebooku<\/a> , <a href=\"http:\/\/instagram.com\/plejadapl\/\" rel=\"nofollow noopener\" target=\"_blank\">Instagramie<\/a>, <a href=\"http:\/\/youtube.com\/c\/plejada\" rel=\"nofollow noopener\" target=\"_blank\">YouTubie<\/a> i <a href=\"http:\/\/tiktok.com\/@plejada_pl\" rel=\"nofollow noopener\" target=\"_blank\">TikToku<\/a>. <\/p>\n<p>Chcesz podzieli\u0107 si\u0119 ciekawym newsem lub zaproponowa\u0107 temat? Skontaktuj si\u0119 z nami, pisz\u0105c maila na adres: plejada@redakcjaonet.pl<\/p>\n<p>  <script async src=\"\/\/www.instagram.com\/embed.js\"><\/script><script async src=\"\/\/www.tiktok.com\/embed.js\"><\/script><\/p>\n","protected":false},"excerpt":{"rendered":"Galeria zdj\u0119\u0107 Jolanta Fraszy\u0144ska i Tomasz Zieli\u0144ski 1\/5 Andras Szilagyi \/ MW Media Zanim Jolanta Fraszy\u0144ska pozna\u0142a Tomasza&hellip;\n","protected":false},"author":2,"featured_media":150915,"comment_status":"","ping_status":"","sticky":false,"template":"","format":"standard","meta":{"footnotes":""},"categories":[22],"tags":[122,15584,12644,48,46,42,38,40,3111,39,41,25199,123,47,2115],"class_list":{"0":"post-150914","1":"post","2":"type-post","3":"status-publish","4":"format-standard","5":"has-post-thumbnail","7":"category-rozrywka","8":"tag-entertainment","9":"tag-jolanta_fraszynska","10":"tag-milosc_uczucie","11":"tag-nat_styl","12":"tag-omp","13":"tag-pl","14":"tag-poland","15":"tag-polish","16":"tag-polscy_celebryci","17":"tag-polska","18":"tag-polski","19":"tag-rebrand_ai_tst1","20":"tag-rozrywka","21":"tag-screening_general","22":"tag-zwiazki_gwiazd"},"share_on_mastodon":{"url":"https:\/\/pubeurope.com\/@pl\/115720130789034058","error":""},"_links":{"self":[{"href":"https:\/\/www.europesays.com\/pl\/wp-json\/wp\/v2\/posts\/150914","targetHints":{"allow":["GET"]}}],"collection":[{"href":"https:\/\/www.europesays.com\/pl\/wp-json\/wp\/v2\/posts"}],"about":[{"href":"https:\/\/www.europesays.com\/pl\/wp-json\/wp\/v2\/types\/post"}],"author":[{"embeddable":true,"href":"https:\/\/www.europesays.com\/pl\/wp-json\/wp\/v2\/users\/2"}],"replies":[{"embeddable":true,"href":"https:\/\/www.europesays.com\/pl\/wp-json\/wp\/v2\/comments?post=150914"}],"version-history":[{"count":0,"href":"https:\/\/www.europesays.com\/pl\/wp-json\/wp\/v2\/posts\/150914\/revisions"}],"wp:featuredmedia":[{"embeddable":true,"href":"https:\/\/www.europesays.com\/pl\/wp-json\/wp\/v2\/media\/150915"}],"wp:attachment":[{"href":"https:\/\/www.europesays.com\/pl\/wp-json\/wp\/v2\/media?parent=150914"}],"wp:term":[{"taxonomy":"category","embeddable":true,"href":"https:\/\/www.europesays.com\/pl\/wp-json\/wp\/v2\/categories?post=150914"},{"taxonomy":"post_tag","embeddable":true,"href":"https:\/\/www.europesays.com\/pl\/wp-json\/wp\/v2\/tags?post=150914"}],"curies":[{"name":"wp","href":"https:\/\/api.w.org\/{rel}","templated":true}]}}