{"id":150999,"date":"2025-12-14T22:44:09","date_gmt":"2025-12-14T22:44:09","guid":{"rendered":"https:\/\/www.europesays.com\/pl\/150999\/"},"modified":"2025-12-14T22:44:09","modified_gmt":"2025-12-14T22:44:09","slug":"skoki-nie-na-te-setke-juz-czekamy-w-klingenthal-zbladl-ostatni-kolor-kadry-skoczkow-szarosc-sport-tvp-pl","status":"publish","type":"post","link":"https:\/\/www.europesays.com\/pl\/150999\/","title":{"rendered":"Skoki. Nie na t\u0119 &quot;setk\u0119&quot; ju\u017c czekamy. W Klingenthal zblad\u0142 ostatni kolor kadry skoczk\u00f3w. Szaro\u015b\u0107 &#8211; sport.tvp.pl"},"content":{"rendered":"<ol>\n<li><a href=\"https:\/\/news.google.com\/rss\/articles\/CBMi0gFBVV95cUxNWXRRS0sxNV83MWxpTVZuTGhXcF9GUVZnT2lWbkpTZGRXamVZamRZMmZvZ2Q2bW90R2pPaFk4WjNka09kOXJ0dG5xWFV6ODNHdXJwbk5HajY5WW5DT0VoV3pTUVZSZ3VUQ3JHMi1LXzNfNjB4NmhsMUlPdWJxZDFpcFUtSGFZSGZDQzBkX2owbzV3emdsZ0xpb0pTalRZSG9MODc4aTBlUk43SnJYLVRGTlNWYk43aHdKa2JuQ1NQV1BULTFWTHh5aDJabDhPNHpQV1HSAdcBQVVfeXFMT3BLd0dtTzRZZjBvTEpPaURvNWd6a3UyTm1xU0w2bkZMa1FuZkFuR2s1MDBSb3RnSW45WkdzSVg2SW9malhPTFlJUzlpdjFhTkM2RHlnbk1VX2RHYkxQaUw3SktJREljWF9BUnFFUjFvdXVCdnFaTUk3UUhEYTBJc1d2YXFwLWxkcldYdURNV3pnODJGcF8zeHBlbGR5R3pvSkNrTk9ZRC1WcnhjeG9IWktrRm5DREJHMWUxeTdPdElCSnRTS1RMb012ekJLOWJHMFBCR0dlMkk?oc=5\" target=\"_blank\" rel=\"nofollow noopener\">Skoki. Nie na t\u0119 &#8222;setk\u0119&#8221; ju\u017c czekamy. W Klingenthal zblad\u0142 ostatni kolor kadry skoczk\u00f3w. Szaro\u015b\u0107<\/a>&nbsp;&nbsp;sport.tvp.pl<\/li>\n<li><a href=\"https:\/\/news.google.com\/rss\/articles\/CBMi2wFBVV95cUxQRjc1SV85U2I2S1hpVVQ5NTlPbXFwQ25kbHk5Ukdpc0Vfcm1aNm5mY0J2N0I5TXA5bk83OUZqSk44R3ZVMzhkRy1vcjNteU9vLWtfNk1pOGVHX0VTaHRMY0hvM2JQSDRWY2JXOW9GZ3NZNDE5OEN1TklLUHlsTkxGNjVaSmhRNjBEYW03dVVmclhoSzBtcTlWMHdVdzFra3JhZ1MtNDdXY0MwMTlsMEpzSVdrclVnZlZpTUEwSkxVXzYwT1RaaGRsb24xaEU1QUN1cU1CbWRHemEyUW8?oc=5\" target=\"_blank\" rel=\"nofollow noopener\">Wszystko jasne. Oto sk\u0142ad Polak\u00f3w na zawody Pucharu \u015awiata w Engelbergu<\/a>&nbsp;&nbsp;Przegl\u0105d Sportowy Onet<\/li>\n<li><a href=\"https:\/\/news.google.com\/rss\/articles\/CBMitAFBVV95cUxNS0k0ejR6Zno1dlFodzFkc2l6X29NNjUwdU9DVWd3aVlacnVkNUNvLTZvRGFndmFyTDVDMU1uYWlJc1AwM3FtR185b1NRRGUzZWwyUlRHQ1VURzZydElQczItYWozb0NMODhJSzM1QkpKTE9uck5oNDlfNmxfUkdBSERuZmxHa1RiUEtaNzdjNjlrWmR4NDhYSmhUSEhvWEhfajZQeTJkMXFLX19CQU9RRWY0V1I?oc=5\" target=\"_blank\" rel=\"nofollow noopener\">Nie min\u0119\u0142a godzina od konkursu P\u015a w Klingenthal. Maciusiak og\u0142asza wszem wobec<\/a>&nbsp;&nbsp;Sport.pl<\/li>\n<li><a href=\"https:\/\/news.google.com\/rss\/articles\/CBMilgFBVV95cUxQdEJORzkxREFwb29wWV8ybHQzeDB6am9Sa3pzanVHYVB3eVFJOFhpal8xOEJoUFB5ZG5DQXlqMS1Zc3RPMnVwNGVkNVA0OG5WdEN5Ny1Uc2JLWDhMTTdaR1NyVFhIcHIxLWpwbzl1TE1xMm02dGhabGdjVzFFalUwaVUyU0VzNGFORXBodW5mdXlpWWJzaWc?oc=5\" target=\"_blank\" rel=\"nofollow noopener\">Jest decyzja w sprawie sk\u0142adu Polak\u00f3w<\/a>&nbsp;&nbsp;SportoweFakty<\/li>\n<li><a href=\"https:\/\/news.google.com\/rss\/articles\/CBMivgFBVV95cUxOanFGQnFWcmVGWTd0akVKSHVwZENYeDh4blU5RF8wRWRIWjA1T0F5UjlEaDFEaXlueEs2SG96SDI4VHhIWnZrTHg4czFIbndxVGpVNHRUZ2Z2TE13T0l5Ym1IclAydGRIWW5OcDVaUUNwOFJ1UDBmQnBmeWJiNFozZk8zelZMdnVuWUVrQ1dwRktqM1RNbGJIOEtna19tenNjQWx5SmFWZ2xaQ1pYUTloNXluVDljWm1pczBlN0hR?oc=5\" target=\"_blank\" rel=\"nofollow noopener\">Konkursy ostatniej szansy dla Polak\u00f3w. Maciej Maciusiak podj\u0105\u0142 wa\u017cn\u0105 decyzj\u0119<\/a>&nbsp;&nbsp;Sport w INTERIA.PL<\/li>\n<\/ol>\n","protected":false},"excerpt":{"rendered":"Skoki. Nie na t\u0119 &#8222;setk\u0119&#8221; ju\u017c czekamy. W Klingenthal zblad\u0142 ostatni kolor kadry skoczk\u00f3w. Szaro\u015b\u0107&nbsp;&nbsp;sport.tvp.pl Wszystko jasne. Oto&hellip;\n","protected":false},"author":2,"featured_media":151000,"comment_status":"","ping_status":"","sticky":false,"template":"","format":"standard","meta":{"footnotes":""},"categories":[24],"tags":[17244,17240,6799,30454,2741,16929,17243,42,38,40,39,41,17495,24782,1538,127,334,126],"class_list":{"0":"post-150999","1":"post","2":"type-post","3":"status-publish","4":"format-standard","5":"has-post-thumbnail","7":"category-sport","8":"tag-aleksander-zniszczol","9":"tag-dawid-kubacki","10":"tag-kacper-tomasiak","11":"tag-kadra-skoczkw","12":"tag-kamil-stoch","13":"tag-maciej-maciusiak","14":"tag-piotr-zyla","15":"tag-pl","16":"tag-poland","17":"tag-polish","18":"tag-polska","19":"tag-polski","20":"tag-puchar-swiata-w-skokach-narciarskich","21":"tag-pzn","22":"tag-skoki-narciarskie","23":"tag-sport","24":"tag-sport-tvp-pl","25":"tag-sports"},"share_on_mastodon":{"url":"https:\/\/pubeurope.com\/@pl\/115720347454797763","error":""},"_links":{"self":[{"href":"https:\/\/www.europesays.com\/pl\/wp-json\/wp\/v2\/posts\/150999","targetHints":{"allow":["GET"]}}],"collection":[{"href":"https:\/\/www.europesays.com\/pl\/wp-json\/wp\/v2\/posts"}],"about":[{"href":"https:\/\/www.europesays.com\/pl\/wp-json\/wp\/v2\/types\/post"}],"author":[{"embeddable":true,"href":"https:\/\/www.europesays.com\/pl\/wp-json\/wp\/v2\/users\/2"}],"replies":[{"embeddable":true,"href":"https:\/\/www.europesays.com\/pl\/wp-json\/wp\/v2\/comments?post=150999"}],"version-history":[{"count":0,"href":"https:\/\/www.europesays.com\/pl\/wp-json\/wp\/v2\/posts\/150999\/revisions"}],"wp:featuredmedia":[{"embeddable":true,"href":"https:\/\/www.europesays.com\/pl\/wp-json\/wp\/v2\/media\/151000"}],"wp:attachment":[{"href":"https:\/\/www.europesays.com\/pl\/wp-json\/wp\/v2\/media?parent=150999"}],"wp:term":[{"taxonomy":"category","embeddable":true,"href":"https:\/\/www.europesays.com\/pl\/wp-json\/wp\/v2\/categories?post=150999"},{"taxonomy":"post_tag","embeddable":true,"href":"https:\/\/www.europesays.com\/pl\/wp-json\/wp\/v2\/tags?post=150999"}],"curies":[{"name":"wp","href":"https:\/\/api.w.org\/{rel}","templated":true}]}}