{"id":151009,"date":"2025-12-14T22:51:10","date_gmt":"2025-12-14T22:51:10","guid":{"rendered":"https:\/\/www.europesays.com\/pl\/151009\/"},"modified":"2025-12-14T22:51:10","modified_gmt":"2025-12-14T22:51:10","slug":"polscy-hokeisci-wygrali-z-wegrami-w-european-cup-of-nations-sport-tvp-pl","status":"publish","type":"post","link":"https:\/\/www.europesays.com\/pl\/151009\/","title":{"rendered":"Polscy hokei\u015bci wygrali z W\u0119grami w European Cup of Nations &#8211; sport.tvp.pl"},"content":{"rendered":"<ol>\n<li><a href=\"https:\/\/news.google.com\/rss\/articles\/CBMikwFBVV95cUxPM0trdjBTT3VtV3paQ2hRZ0h2b3d0QVo2U1k1YW05UXhHS0REQnhDRDlHX0piemZDUEh4TGo1THNSRWtpYjM2eFpfT3FKYmw4bkN0ZWx5VGU5aXFWdE9UeEpubU9vQlNZYVprWjQzS3V4RW4xUDdReXRWZzRDdlhEXzFnbHRZYk9EVmRrTk9IVnFrNzTSAZgBQVVfeXFMTlB2SjBzVERiSE9oYnptX1FzOWhKNGZqaERRcFRzMlh4MzYwbU5ib285eUkzLTc0V3FwVHdJR0JVM1FBc2JfcDczWGtNUTRUeFVJRWRJbVdNekVFcWd1QnBvcnJVQy1FRnpxQ2k1S3p0Y253bi1ncDl6VFVERlZ1Z0Fmd0FXVF9yU0xVZ2JrOTd5bkwzNGhlc0k?oc=5\" target=\"_blank\" rel=\"nofollow noopener\">Polscy hokei\u015bci wygrali z W\u0119grami w European Cup of Nations<\/a>&nbsp;&nbsp;sport.tvp.pl<\/li>\n<li><a href=\"https:\/\/news.google.com\/rss\/articles\/CBMirwFBVV95cUxQSktWUUVBZkwxbUFseFpJMUI2VVc5YzRNdHJtSXQxWWotSWVDelk0aEF6SHFBWE4tVDNoM0hyMDlyaU10RVBLcjBRdlJYaUN4TTQza1FNbW5DVEQxN0l1N29ES3ZiaHZVTWpnODczSzZiNTM2UGdHQW51VVV6SkdEdXJvUDNlLUpYazd6ZDRsYnduY2JXVWlLY19UQjU0Qmh5Y0lHTDlRTkJJZUdIYTBv?oc=5\" target=\"_blank\" rel=\"nofollow noopener\">Co za wie\u015bci! Polacy wygrali Europejski Puchar Narod\u00f3w<\/a>&nbsp;&nbsp;Przegl\u0105d Sportowy Onet<\/li>\n<li><a href=\"https:\/\/news.google.com\/rss\/articles\/CBMipgFBVV95cUxOTjNQcER3elgxRTRIUEFyUEVOZmtHRm16ejRVVG5reWNYenFpNU1rbEZSTzZaZERQYUpzT1RCQWx6TDdsRUphcDdDUkFVbUNveTdVUURJb2QzUTBrS3dsbFBuNml6S2lWc0E3bUhKMzdmYmgxZlFKM0ZyVDY3dmdIa0ptSVhMTXdOaGtWb2h4cUpmcF9XMUxQLURTU3VOTEZvM0tfc05n?oc=5\" target=\"_blank\" rel=\"nofollow noopener\">Zjawiskowy gol Kie\u0142bickiego. Polacy wypunktowali W\u0119gr\u00f3w i wygrali ca\u0142y turniej<\/a>&nbsp;&nbsp;Hokej.Net<\/li>\n<li><a href=\"https:\/\/news.google.com\/rss\/articles\/CBMisAFBVV95cUxNaHVtLUNha1JPb0ttRlJaaE9IdFppd1EtWUtsQWhILU9jYmdWY1hQNjJjNG0zZ2ZWaFUwVUdGOTFkMHhDVkdySklxNTBudjBCTUFtVHNfQ3I0TjNJOTl0QWtnQ1ViaHY3VkVOeHNFNUlpeHpTTWZYRDRzMl80a3pRaGxLQzdGdW1BSDlCS1RsemdiWmh0bjRxdWU1SWNaTXBmYldYTUZzYlVmaUkxSEg5NA?oc=5\" target=\"_blank\" rel=\"nofollow noopener\">Polscy hokei\u015bci najlepsi. Z wychowankiem Comarch Cracovii w sk\u0142adzie<\/a>&nbsp;&nbsp;Gazeta Krakowska<\/li>\n<li><a href=\"https:\/\/news.google.com\/rss\/articles\/CBMi8wFBVV95cUxQMEZYMWFYXzRfVk4xT2pEaW9mQWlSTldnQ0V4ZUUzRFprdkRUV3pITDB1eFVic1VQc0Rza0kwMnVpa1lIRUx5UW9WZE1zWGdUM0RDN3ByZExMdXc4WWpfdW1ZVGpPWW02MUN4YTNkM2JvQzNJMmZZWWE4aHBVZmFGYnB6MTBXNFhVRERPRWJqV3ZsUHV0SWlmeWdSaE5iV3Z5eElQa0JvVnRyY0RhUmJVN0d1TTRTOFBwcVhYdlFnLS11RVhSX1ZKU0lnZ1VKWmVRNGczb2lmeEtrQUY0bUlmVV85UnpxbEUzVEZkU2s3M3IwTjg?oc=5\" target=\"_blank\" rel=\"nofollow noopener\">Reprezentacja Polski wygra\u0142a z W\u0142ochami w drugim meczu Europejskiego Pucharu Narod\u00f3w<\/a>&nbsp;&nbsp;Flashscore.pl<\/li>\n<\/ol>\n","protected":false},"excerpt":{"rendered":"Polscy hokei\u015bci wygrali z W\u0119grami w European Cup of Nations&nbsp;&nbsp;sport.tvp.pl Co za wie\u015bci! Polacy wygrali Europejski Puchar Narod\u00f3w&nbsp;&nbsp;Przegl\u0105d&hellip;\n","protected":false},"author":2,"featured_media":151010,"comment_status":"","ping_status":"","sticky":false,"template":"","format":"standard","meta":{"footnotes":""},"categories":[24],"tags":[30457,8028,42,38,40,39,41,30456,127,334,126],"class_list":{"0":"post-151009","1":"post","2":"type-post","3":"status-publish","4":"format-standard","5":"has-post-thumbnail","7":"category-sport","8":"tag-european-cup-of-nations","9":"tag-hokej","10":"tag-pl","11":"tag-poland","12":"tag-polish","13":"tag-polska","14":"tag-polski","15":"tag-reprezentacja-polski-w-hokeju-na-lodzie","16":"tag-sport","17":"tag-sport-tvp-pl","18":"tag-sports"},"share_on_mastodon":{"url":"https:\/\/pubeurope.com\/@pl\/115720374513421554","error":""},"_links":{"self":[{"href":"https:\/\/www.europesays.com\/pl\/wp-json\/wp\/v2\/posts\/151009","targetHints":{"allow":["GET"]}}],"collection":[{"href":"https:\/\/www.europesays.com\/pl\/wp-json\/wp\/v2\/posts"}],"about":[{"href":"https:\/\/www.europesays.com\/pl\/wp-json\/wp\/v2\/types\/post"}],"author":[{"embeddable":true,"href":"https:\/\/www.europesays.com\/pl\/wp-json\/wp\/v2\/users\/2"}],"replies":[{"embeddable":true,"href":"https:\/\/www.europesays.com\/pl\/wp-json\/wp\/v2\/comments?post=151009"}],"version-history":[{"count":0,"href":"https:\/\/www.europesays.com\/pl\/wp-json\/wp\/v2\/posts\/151009\/revisions"}],"wp:featuredmedia":[{"embeddable":true,"href":"https:\/\/www.europesays.com\/pl\/wp-json\/wp\/v2\/media\/151010"}],"wp:attachment":[{"href":"https:\/\/www.europesays.com\/pl\/wp-json\/wp\/v2\/media?parent=151009"}],"wp:term":[{"taxonomy":"category","embeddable":true,"href":"https:\/\/www.europesays.com\/pl\/wp-json\/wp\/v2\/categories?post=151009"},{"taxonomy":"post_tag","embeddable":true,"href":"https:\/\/www.europesays.com\/pl\/wp-json\/wp\/v2\/tags?post=151009"}],"curies":[{"name":"wp","href":"https:\/\/api.w.org\/{rel}","templated":true}]}}