{"id":151015,"date":"2025-12-14T22:56:16","date_gmt":"2025-12-14T22:56:16","guid":{"rendered":"https:\/\/www.europesays.com\/pl\/151015\/"},"modified":"2025-12-14T22:56:16","modified_gmt":"2025-12-14T22:56:16","slug":"szef-mon-w-turcji-porozumienie-o-wspolpracy-rozmowy-przemyslowe","status":"publish","type":"post","link":"https:\/\/www.europesays.com\/pl\/151015\/","title":{"rendered":"Szef MON w Turcji. Porozumienie o wsp\u00f3\u0142pracy, rozmowy przemys\u0142owe"},"content":{"rendered":"<p>   <a href=\"https:\/\/defence24.pl\/strona-autora\/jakub-borowski\" target=\"_self\" class=\"article-author__wrap\" rel=\"nofollow noopener\"><img loading=\"lazy\" decoding=\"async\" src=\"https:\/\/www.europesays.com\/pl\/wp-content\/uploads\/2025\/09\/gjyhzjvpytrnwl3zjmlkdg7o1lkowrttcuzrywlm.bw9t.png\" alt=\"Jakub Borowski\"  width=\"100\" height=\"100\" author=\"Jakub Borowski\" caption=\"\" class=\"img article-author__avatar img-avatar\"\/><br \/>\n          Jakub Borowski<br \/>\n        <\/a>  <\/p>\n<p>Od spotkania z \u017co\u0142nierzami PKW Turcja rozpocz\u0105\u0142 wizyt\u0119 w Turcji wicepremier, szef MON W\u0142adys\u0142aw Kosiniak-Kamysz. W w poniedzia\u0142ek ma zosta\u0107 podpisane dwustronne porozumienie o wsp\u00f3\u0142pracy. Wicepremierowi towarzysz\u0105 dow\u00f3dca operacyjny gen. broni Maciej Klisz i przedstawiciele kilkunastu przedsi\u0119biorstw zbrojeniowych, kt\u00f3rzy przybyli, by rozmawia\u0107 z szefami tureckich firm o polskich produktach i mo\u017cliwej kooperacji.<\/p>\n<p>  <img decoding=\"async\" src=\"https:\/\/www.europesays.com\/pl\/wp-content\/uploads\/2025\/12\/N479XhBTy0dswGb6CPPRIeQCfArDbH9uDr9aTAjS.gvg4.jpg\" alt=\"Wicepremier, szef MON W\u0142adys\u0142aw Kosiniak-Kamysz odwiedzi\u0142 w bazie Incirlik \u017co\u0142nierzy PKW Turcja, ktory wykorzystuje BSP Bayraktar TB2\"  width=\"800\" height=\"450\" author=\"Jakub Borowski, Defence24.pl\" fetchpriority=\"high\" class=\"img image-with-caption__image\"\/><br \/>\n        Bayraktar TB2 wykorzystywany od pa\u017adziernika 2025 przez PKW Turcja<br \/>\n       <br \/>Autor. Jakub Borowski, Defence24.pl<\/p>\n<p class=\"paragraph-module\">\u201eJeste\u015bmy w\u015br\u00f3d najlepszych\u201d \u2013 zwr\u00f3ci\u0142 minister do \u017co\u0142nierzy PKW Turcja w bazie lotniczej Incirlik. Tych, kt\u00f3rzy s\u0142u\u017c\u0105 w zagranicznych misjach, nazwa\u0142 \u201enajlepsz\u0105 wizyt\u00f3wk\u0105 pa\u0144stwa polskiego\u201d. \u201ePolska wype\u0142ni wszystkie swoje sojusznicze zobowi\u0105zania, \u0142\u0105cznie z art. 5; jednocze\u015bnie liczymy, \u017ce NATO jako sojusz solidarno\u015bci zawsz\u0119 b\u0119dzie odpowiada\u0107 tym samym, gdyby Polska tej pomocy potrzebowa\u0142a\u201d \u2013 powiedzia\u0142 Dziewi\u0105t\u0105 zmian\u0119, dowodzon\u0105 przez pp\u0142k. \u0141ukasza Le\u015bniewskiego, tworzy 75 \u017co\u0142nierzy z 12. Bazy Bezza\u0142ogowych Statk\u00f3w Powietrznych i 10. Brygady Logistycznej.<\/p>\n<p class=\"paragraph-module\">Kosiniak-Kamysz zaznaczy\u0142, \u017ce turecki kontyngent, dzia\u0142aj\u0105cy nad wschodni\u0105 cz\u0119\u015bci\u0105 Morza \u015ar\u00f3dziemnego od 2021 r., do niedawna wykorzystuj\u0105cy samoloty patrolowe M28 Bryza nale\u017c\u0105ce do Brygady Lotnictwa Marynarki Powietrznej, \u201ew pa\u017adzierniku tego roku uzyska\u0142 nowe zdolno\u015bci \u2013 operowania bezza\u0142ogowymi statkami powietrznymi\u201d. \u201eMo\u017cna powiedzie\u0107, \u017ce Bayraktary TB2 wr\u00f3ci\u0142y do domu, do miejsca ich produkcji\u201d \u2013 doda\u0142. \u201eBryza ma zwoje zdolno\u015bci, b\u0119dzie nadal potrzebna w Wojsku Polskim i u\u017cyteczna dla naszych sojusznik\u00f3w, ale rozszerzania zdolno\u015bci dzi\u0119ki statkom bezza\u0142ogowym jest jak najbardziej konieczne\u201d \u2013 m\u00f3wi\u0142, przypominaj\u0105c powo\u0142anie dow\u00f3dztwa wojsk dronowych z pocz\u0105tkiem bie\u017c\u0105cego roku. Ciesz\u0119 si\u0119 \u017ce misja wdro\u017cenia Bayraktar\u00f3w do patrolowania Morza \u015ar\u00f3dziemnego w misji sojuszniczej jest dzisiaj realizowana\u201d \u2013 powiedzia\u0142.<\/p>\n<p class=\"paragraph-module\">Stwierdzi\u0142, \u017ce Bayraktary \u201eto bardzo sprz\u0119t, ale w dronach ka\u017cdy dzie\u0144 przynosi nowe odkrycia\u201d, dlatego warto si\u0119 zastanowi\u0107 nad unowocze\u015bnianiem i zwi\u0119kszaniem zdolno\u015bci tych aparat\u00f3w lataj\u0105cych. B\u0119dzie to \u2013 zaznaczy\u0142 \u2013 jednym z temat\u00f3w rozm\u00f3w delegacji \u015brodowisk przemys\u0142owych obu kraj\u00f3w podczas wizyty kt\u00f3rej celem jest promocja polskiego przemys\u0142u zbrojeniowego \u2013 z szefem MON do Ankary przybyli przedstawiciele kilkunastu firm pa\u0144stwowych i prywatnych \u2013 a tak\u017ce perspektywy polsko-tureckiej kooperacji. Jako wa\u017cny element polskiej propozycji wskaza\u0142 radary pasywne.<\/p>\n<p>  <img  alt=\"Wicepremier, szef MON W\u0142adys\u0142aw Kosiniak-Kamysz: wsp\u00f3\u0142praca z Turcj\u0105 jest nam bardzo potrzebna\" width=\"780\" author=\"Jakub Borowski, Defence24.pl\" class=\"img image-with-caption__image\"\/><br \/>\n        Wicepremier, szef MON W\u0142adys\u0142aw Kosiniak-Kamysz: wsp\u00f3\u0142praca z Turcj\u0105 jest nam bardzo potrzebna<br \/>\n       <br \/>Autor. Jakub Borowski, Defence24.pl<\/p>\n<p class=\"paragraph-module\">M\u00f3wi\u0105c o politycznym wymiarze wizyty podkre\u015bli\u0142, \u017ce \u201eTurcja ma drug\u0105 co do wielko\u015bci armi\u0119 w NATO, Polska trzeci\u0105, ta wsp\u00f3\u0142praca jest nam bardzo potrzebna w budowie nowej architektury bezpiecze\u0144stwa\u201d. Tematem rozm\u00f3w dow\u00f3dc\u00f3w ma by\u0107 zacie\u015bnianie wsp\u00f3\u0142pracy wojskowej. Szef MON ponownie wyrazi\u0142 podzi\u0119kowania za pomoc tureckiej armii w dzia\u0142ania po powodzi w Polsce.<\/p>\n","protected":false},"excerpt":{"rendered":"Jakub Borowski Od spotkania z \u017co\u0142nierzami PKW Turcja rozpocz\u0105\u0142 wizyt\u0119 w Turcji wicepremier, szef MON W\u0142adys\u0142aw Kosiniak-Kamysz. W&hellip;\n","protected":false},"author":2,"featured_media":151016,"comment_status":"","ping_status":"","sticky":false,"template":"","format":"standard","meta":{"footnotes":""},"categories":[12],"tags":[30460,32,33,36,37,27,34,35,28,31,160,25,768,30459,42,38,40,39,41,30458,29,30,26,161],"class_list":{"0":"post-151015","1":"post","2":"type-post","3":"status-publish","4":"format-standard","5":"has-post-thumbnail","7":"category-polska","8":"tag-bayraktar","9":"tag-breaking-news","10":"tag-breakingnews","11":"tag-featured-news","12":"tag-featurednews","13":"tag-headlines","14":"tag-latest-news","15":"tag-latestnews","16":"tag-naglowki","17":"tag-najwazniejsze-artykuly","18":"tag-nato","19":"tag-news","20":"tag-obronnosc","21":"tag-pkw-turcja","22":"tag-pl","23":"tag-poland","24":"tag-polish","25":"tag-polska","26":"tag-polski","27":"tag-sojusze","28":"tag-top-stories","29":"tag-topstories","30":"tag-wiadomosci","31":"tag-wojsko"},"share_on_mastodon":{"url":"https:\/\/pubeurope.com\/@pl\/115720394460556328","error":""},"_links":{"self":[{"href":"https:\/\/www.europesays.com\/pl\/wp-json\/wp\/v2\/posts\/151015","targetHints":{"allow":["GET"]}}],"collection":[{"href":"https:\/\/www.europesays.com\/pl\/wp-json\/wp\/v2\/posts"}],"about":[{"href":"https:\/\/www.europesays.com\/pl\/wp-json\/wp\/v2\/types\/post"}],"author":[{"embeddable":true,"href":"https:\/\/www.europesays.com\/pl\/wp-json\/wp\/v2\/users\/2"}],"replies":[{"embeddable":true,"href":"https:\/\/www.europesays.com\/pl\/wp-json\/wp\/v2\/comments?post=151015"}],"version-history":[{"count":0,"href":"https:\/\/www.europesays.com\/pl\/wp-json\/wp\/v2\/posts\/151015\/revisions"}],"wp:featuredmedia":[{"embeddable":true,"href":"https:\/\/www.europesays.com\/pl\/wp-json\/wp\/v2\/media\/151016"}],"wp:attachment":[{"href":"https:\/\/www.europesays.com\/pl\/wp-json\/wp\/v2\/media?parent=151015"}],"wp:term":[{"taxonomy":"category","embeddable":true,"href":"https:\/\/www.europesays.com\/pl\/wp-json\/wp\/v2\/categories?post=151015"},{"taxonomy":"post_tag","embeddable":true,"href":"https:\/\/www.europesays.com\/pl\/wp-json\/wp\/v2\/tags?post=151015"}],"curies":[{"name":"wp","href":"https:\/\/api.w.org\/{rel}","templated":true}]}}