{"id":151017,"date":"2025-12-14T22:57:13","date_gmt":"2025-12-14T22:57:13","guid":{"rendered":"https:\/\/www.europesays.com\/pl\/151017\/"},"modified":"2025-12-14T22:57:13","modified_gmt":"2025-12-14T22:57:13","slug":"co-za-historia-18-letni-polak-strzelil-gola-bayernowi","status":"publish","type":"post","link":"https:\/\/www.europesays.com\/pl\/151017\/","title":{"rendered":"Co za historia! 18-letni Polak strzeli\u0142 gola Bayernowi"},"content":{"rendered":"\n<p class=\"contentpart contentpart--default contentpart--text\" data-position=\"0\">W niedzielnym (14 grudnia) meczu 14. kolejki Bundesligi pomi\u0119dzy <a href=\"https:\/\/sportowefakty.wp.pl\/pilka-nozna\/bayern-monachium\" rel=\"nofollow noopener\" target=\"_blank\">Bayernem Monachium<\/a> a <a href=\"https:\/\/sportowefakty.wp.pl\/pilka-nozna\/1fsv-mainz-05\" rel=\"nofollow noopener\" target=\"_blank\">1.FSV Mainz 05<\/a> (2:2 &#8211;\u00a0<a href=\"https:\/\/sportowefakty.wp.pl\/pilka-nozna\/relacja-na-zywo\/169602\/bayern-monachium-1fsv-mainz-05-live\" rel=\"nofollow noopener\" target=\"blank\">RELACJA TUTAJ<\/a>), 18-letni <a href=\"https:\/\/sportowefakty.wp.pl\/pilka-nozna\/kacper-potulski\" rel=\"nofollow noopener\" target=\"_blank\">Kacper Potulski<\/a> strzeli\u0142 gola, doprowadzaj\u0105c do wyr\u00f3wnania (1:1) tu\u017c przed przerw\u0105.<\/p>\n<p class=\"contentpart contentpart--default contentpart--text\" data-position=\"1\">Polak w doliczonym czasie gry do pierwszych 45 minut spotkania zdo\u0142a\u0142 skierowa\u0107 pi\u0142k\u0119 g\u0142ow\u0105 do bramki strze\u017conej przez <a href=\"https:\/\/sportowefakty.wp.pl\/pilka-nozna\/manuel-neuer\" rel=\"nofollow noopener\" target=\"_blank\">Manuela Neuera<\/a>,\u00a0kt\u00f3ry jedynie odprowadzi\u0142 futbol\u00f3wk\u0119 wzrokiem.<\/p>\n<p> <img role=\"presentation\" src=\"https:\/\/std.wpcdn.pl\/images\/adv\/placeholder_wp.svg\" loading=\"lazy\" alt=\"\" decoding=\"async\"\/>  <\/p>\n<p class=\"contentpart contentpart--default contentpart--text\" data-position=\"2\">ZOBACZ WIDEO: #dziejesiewsporcie: Gol z po\u0142owy boiska. Mo\u017cna ogl\u0105da\u0107 i ogl\u0105da\u0107<\/p>\n<p class=\"contentpart contentpart--default contentpart--text\" data-position=\"4\">Gol pad\u0142 po do\u015brodkowaniu z rzutu wolnego, a asyst\u0119 zanotowa\u0142 William Boving. Mimo pocz\u0105tkowych w\u0105tpliwo\u015bci i sprawdzenia przez system VAR pod k\u0105tem pozycji spalonej, trafienie \u015brodkowego obro\u0144cy Mainz 05 zosta\u0142o uznane, co doprowadzi\u0142o do niespodziewanego remisu na Allianz Arenie.<\/p>\n<p class=\"contentpart contentpart--default contentpart--text\" data-position=\"5\">Dla reprezentanta Polski U-21 jest to pierwsza, historyczna bramka zdobyta na boiskach Bundesligi. Potulski zadebiutowa\u0142 w lidze niemieckiej 30 listopada tego roku w meczu z <a href=\"https:\/\/sportowefakty.wp.pl\/pilka-nozna\/sc-freiburg\" rel=\"nofollow noopener\" target=\"_blank\">SC Freiburg<\/a>\u00a0(0:4).<\/p>\n<p class=\"contentpart contentpart--default contentpart--text\" data-position=\"6\">&#8222;Kacper Potulski strzela Bayernowi.\u00a0Mainz nie p\u0119ka w Monachium, a gol Polaka daje w tej chwili remis ostatniej dru\u017cynie tabeli Bundesligi&#8221; &#8211; skomentowano na profilu Eleven Sports na X.<\/p>\n<p> <img role=\"presentation\" src=\"https:\/\/std.wpcdn.pl\/images\/adv\/placeholder_wp.svg\" loading=\"lazy\" alt=\"\" decoding=\"async\"\/>  <\/p>\n<p class=\"contentpart contentpart--default contentpart--text\" data-position=\"7\">Zobacz gola Potulskiego przeciwko Bayernowi.<\/p>\n","protected":false},"excerpt":{"rendered":"W niedzielnym (14 grudnia) meczu 14. kolejki Bundesligi pomi\u0119dzy Bayernem Monachium a 1.FSV Mainz 05 (2:2 &#8211;\u00a0RELACJA TUTAJ),&hellip;\n","protected":false},"author":2,"featured_media":151018,"comment_status":"","ping_status":"","sticky":false,"template":"","format":"standard","meta":{"footnotes":""},"categories":[5],"tags":[18600,931,935,32,33,933,36,37,27,9492,34,35,932,28,31,25,295,269,42,38,40,39,41,29,30,26],"class_list":{"0":"post-151017","1":"post","2":"type-post","3":"status-publish","4":"format-standard","5":"has-post-thumbnail","7":"category-naglowki","8":"tag-1-fsv-mainz-05","9":"tag-allianz-arena-w-monachium","10":"tag-bayern-monachium","11":"tag-breaking-news","12":"tag-breakingnews","13":"tag-bundesliga","14":"tag-featured-news","15":"tag-featurednews","16":"tag-headlines","17":"tag-kacper-potulski","18":"tag-latest-news","19":"tag-latestnews","20":"tag-monachium","21":"tag-naglowki","22":"tag-najwazniejsze-artykuly","23":"tag-news","24":"tag-niemcy","25":"tag-pilka-nozna","26":"tag-pl","27":"tag-poland","28":"tag-polish","29":"tag-polska","30":"tag-polski","31":"tag-top-stories","32":"tag-topstories","33":"tag-wiadomosci"},"share_on_mastodon":{"url":"https:\/\/pubeurope.com\/@pl\/115720398284817337","error":""},"_links":{"self":[{"href":"https:\/\/www.europesays.com\/pl\/wp-json\/wp\/v2\/posts\/151017","targetHints":{"allow":["GET"]}}],"collection":[{"href":"https:\/\/www.europesays.com\/pl\/wp-json\/wp\/v2\/posts"}],"about":[{"href":"https:\/\/www.europesays.com\/pl\/wp-json\/wp\/v2\/types\/post"}],"author":[{"embeddable":true,"href":"https:\/\/www.europesays.com\/pl\/wp-json\/wp\/v2\/users\/2"}],"replies":[{"embeddable":true,"href":"https:\/\/www.europesays.com\/pl\/wp-json\/wp\/v2\/comments?post=151017"}],"version-history":[{"count":0,"href":"https:\/\/www.europesays.com\/pl\/wp-json\/wp\/v2\/posts\/151017\/revisions"}],"wp:featuredmedia":[{"embeddable":true,"href":"https:\/\/www.europesays.com\/pl\/wp-json\/wp\/v2\/media\/151018"}],"wp:attachment":[{"href":"https:\/\/www.europesays.com\/pl\/wp-json\/wp\/v2\/media?parent=151017"}],"wp:term":[{"taxonomy":"category","embeddable":true,"href":"https:\/\/www.europesays.com\/pl\/wp-json\/wp\/v2\/categories?post=151017"},{"taxonomy":"post_tag","embeddable":true,"href":"https:\/\/www.europesays.com\/pl\/wp-json\/wp\/v2\/tags?post=151017"}],"curies":[{"name":"wp","href":"https:\/\/api.w.org\/{rel}","templated":true}]}}