{"id":151025,"date":"2025-12-14T23:03:11","date_gmt":"2025-12-14T23:03:11","guid":{"rendered":"https:\/\/www.europesays.com\/pl\/151025\/"},"modified":"2025-12-14T23:03:11","modified_gmt":"2025-12-14T23:03:11","slug":"chcemy-dac-ukrainie-migi-w-zamian-za-kompetencje-ws-dronow-i-rakiet","status":"publish","type":"post","link":"https:\/\/www.europesays.com\/pl\/151025\/","title":{"rendered":"chcemy da\u0107 Ukrainie MiGi w zamian za kompetencje ws. dron\u00f3w i rakiet"},"content":{"rendered":"<p>   <a href=\"https:\/\/defence24.pl\/strona-autora\/jakub-borowski\" target=\"_self\" class=\"article-author__wrap\" rel=\"nofollow noopener\"><img loading=\"lazy\" decoding=\"async\" src=\"https:\/\/www.europesays.com\/pl\/wp-content\/uploads\/2025\/09\/gjyhzjvpytrnwl3zjmlkdg7o1lkowrttcuzrywlm.bw9t.png\" alt=\"Jakub Borowski\"  width=\"100\" height=\"100\" author=\"Jakub Borowski\" caption=\"\" class=\"img article-author__avatar img-avatar\"\/><br \/>\n          Jakub Borowski<br \/>\n        <\/a><br \/>\n      14 grudnia 2025, 20:18<\/p>\n<p>\n      2 min.\n    <\/p>\n<p>Wizyta prezydenta Ukrainy Wo\u0142odymyra Ze\u0142enskiego mo\u017ce by\u0107 okazj\u0105, by sfinalizowa\u0107 spraw\u0119 przekazania pozosta\u0142ych w Polsce MiG-29 \u2013 uwa\u017ca wicepremier, szef MON W\u0142adys\u0142aw Kosiniak-Kamysz. Podkre\u015bli\u0142, \u017ce strona Polska chcia\u0142aby, by Ukraina podzieli\u0142a si\u0119 kompetencjami w dziedzinie dron\u00f3w i rakiet. Takie podej\u015bcie \u2013 oceni\u0142 \u2013 przyczyni\u0142oby si\u0119 do spo\u0142ecznego poparcia dla donacji.<\/p>\n<p>  <img decoding=\"async\" src=\"https:\/\/www.europesays.com\/pl\/wp-content\/uploads\/2025\/12\/VCCuBToQJLZe6Qf940mONruZxMqJpSInoTpD7eKs.chkz.jpg\" alt=\"Wicepremie, szef MON Wadys\u0142aw Kosiniak-Kamysz w rozmowie z dziennikarzami, PKW Turcja, baza Incirlik, w tle Bayraktar TB2\"  width=\"800\" height=\"450\" author=\"Jakub Borowski, Defence24.pl\" fetchpriority=\"high\" class=\"img image-with-caption__image\"\/><br \/>\n        Wicepremier, szef MON: nowe podej\u015bcie do donacji dla Ukrainy<br \/>\n       <br \/>Autor. Jakub Borowski, Defence24.pl<\/p>\n<p class=\"paragraph-module\">Wizyta Ze\u0142enskiego jest planowana na pi\u0105tek 19 grudnia. Przebywaj\u0105cy z wizyt\u0105 w Turcji szef MON, pytany, czy uda si\u0119 przy tej okazji zatwierdzi\u0107 spraw\u0119 przekazania my\u015bliwc\u00f3w i zdolno\u015bci uzyskiwanych w zamian od strony ukrai\u0144skiej powiedzia\u0142: \u201eJestem tym bardzo zainteresowany. Uwa\u017cam, \u017ce ta wymiana zdolno\u015bci, umiej\u0119tno\u015bci i pierwszy raz postawienie sprawy w ten spos\u00f3b: chcemy przekaza\u0107 sprz\u0119t, ale oczekujemy podzielenia si\u0119 umiej\u0119tno\u015bciami, jak zdolno\u015bci dronowe, rakietowe \u2013 by\u0142oby bardzo dobrym sygna\u0142em, my\u015bl\u0119, \u017ce tak\u017ce dla spo\u0142ecze\u0144stwa\u201d.<\/p>\n<p class=\"paragraph-module\">Zwr\u00f3ci\u0142 uwag\u0119, \u017ce \u201enie brakowa\u0142o w przesz\u0142o\u015bci donacji\u201d obejmuj\u0105cych tak\u017ce sprz\u0119t lotniczy \u2013 samoloty i \u015bmig\u0142owce. \u201eNasi poprzednicy dokonali tych donacji. \u017beby nie by\u0142o w\u0105tpliwo\u015bci \u2013 zrobili dobrze. Dzisiaj nie chc\u0105 o tym pami\u0119ta\u0107, ale uwa\u017cam, \u017ce to by\u0142a dobra decyzja. Niech nie ulegaj\u0105 antyukrai\u0144skim emocjom, one s\u0105 b\u0142\u0119dem. Zapominanie o dobrych dokonaniach z przesz\u0142o\u015bci by\u0142oby jak najbardziej niew\u0142a\u015bciwe\u201d \u00a0\u2013 podkre\u015bli\u0142 w rozmowie z dziennikarzami. Powt\u00f3rzy\u0142, \u017ce \u201esprawa polskiego bezpiecze\u0144stwa rozgrywa si\u0119 dzisiaj na granicy ukrai\u0144sko-rosyjskiej, tam, gdzie przebiega front\u201d.<\/p>\n<p class=\"paragraph-module\">\u201eMy b\u0119dziemy kontynuowa\u0107 polityk\u0119 wzmacniania polskiego bezpiecze\u0144stwa, a wzmacnianie polskiego bezpiecze\u0144stwa to odstraszanie naszych wrog\u00f3w. Przyjaciele s\u0105 na zachodzie, wrogowie s\u0105 na wschodzie. Ukraina \u00bbzu\u017cywa\u00ab naszych wrog\u00f3w, a nie zagra\u017ca Polsce\u201d \u2013 zaznaczy\u0142.<\/p>\n<p class=\"paragraph-module\">Dotychczas Polska przekaza\u0142a walcz\u0105cej Ukrainie od 10 do 14 MiG\u00f3w-29 z 23. Bazy Lotnictwa Taktycznego w Mi\u0144sku Mazowieckim, kt\u00f3ra jako pierwsza otrzyma\u0142a korea\u0144skie FA-50. W Polsce pozosta\u0142o jeszcze 14-18 my\u015bliwc\u00f3w MiG-29 \u2013 nie wszystkie s\u0105 sprawne \u2013 w 22. Bazie Lotnictwa Taktycznego w Malborku. Trwaj\u0105ce od miesi\u0119cy rozmowy dotycz\u0105 nie tylko przekazania samolot\u00f3w, ale i rekompensaty w postaci \u00a0sprz\u0119tu, a zw\u0142aszcza wsp\u00f3\u0142pracy przy nabywaniu nowych zdolno\u015bci w zakresie system\u00f3w uzbrojenia, wyposa\u017cenia i przemys\u0142u. Ostatnio prezydencki BBN zarzuca\u0142 MON, \u017ce nie informowa\u0142o prezydenta Karola Nawrockiego o sprawie; rz\u0105d odpowiada\u0142, powo\u0142uj\u0105c si\u0119 na protoko\u0142y o \u015bwiadk\u00f3w, \u017ce w posiedzeniach komitetu Rady Ministr\u00f3w zawsze bra\u0142 udzia\u0142 przedstawiciel BBN.<\/p>\n","protected":false},"excerpt":{"rendered":"Jakub Borowski 14 grudnia 2025, 20:18 2 min. Wizyta prezydenta Ukrainy Wo\u0142odymyra Ze\u0142enskiego mo\u017ce by\u0107 okazj\u0105, by sfinalizowa\u0107&hellip;\n","protected":false},"author":2,"featured_media":151026,"comment_status":"","ping_status":"","sticky":false,"template":"","format":"standard","meta":{"footnotes":""},"categories":[12],"tags":[32,33,36,37,27,34,35,28980,28,31,25,768,42,38,40,39,41,2258,29,30,415,2046,26],"class_list":{"0":"post-151025","1":"post","2":"type-post","3":"status-publish","4":"format-standard","5":"has-post-thumbnail","7":"category-polska","8":"tag-breaking-news","9":"tag-breakingnews","10":"tag-featured-news","11":"tag-featurednews","12":"tag-headlines","13":"tag-latest-news","14":"tag-latestnews","15":"tag-mig-29","16":"tag-naglowki","17":"tag-najwazniejsze-artykuly","18":"tag-news","19":"tag-obronnosc","20":"tag-pl","21":"tag-poland","22":"tag-polish","23":"tag-polska","24":"tag-polski","25":"tag-sprzet-wojskowy","26":"tag-top-stories","27":"tag-topstories","28":"tag-ukraina","29":"tag-uzbrojenie","30":"tag-wiadomosci"},"share_on_mastodon":{"url":"https:\/\/pubeurope.com\/@pl\/115720422000900979","error":""},"_links":{"self":[{"href":"https:\/\/www.europesays.com\/pl\/wp-json\/wp\/v2\/posts\/151025","targetHints":{"allow":["GET"]}}],"collection":[{"href":"https:\/\/www.europesays.com\/pl\/wp-json\/wp\/v2\/posts"}],"about":[{"href":"https:\/\/www.europesays.com\/pl\/wp-json\/wp\/v2\/types\/post"}],"author":[{"embeddable":true,"href":"https:\/\/www.europesays.com\/pl\/wp-json\/wp\/v2\/users\/2"}],"replies":[{"embeddable":true,"href":"https:\/\/www.europesays.com\/pl\/wp-json\/wp\/v2\/comments?post=151025"}],"version-history":[{"count":0,"href":"https:\/\/www.europesays.com\/pl\/wp-json\/wp\/v2\/posts\/151025\/revisions"}],"wp:featuredmedia":[{"embeddable":true,"href":"https:\/\/www.europesays.com\/pl\/wp-json\/wp\/v2\/media\/151026"}],"wp:attachment":[{"href":"https:\/\/www.europesays.com\/pl\/wp-json\/wp\/v2\/media?parent=151025"}],"wp:term":[{"taxonomy":"category","embeddable":true,"href":"https:\/\/www.europesays.com\/pl\/wp-json\/wp\/v2\/categories?post=151025"},{"taxonomy":"post_tag","embeddable":true,"href":"https:\/\/www.europesays.com\/pl\/wp-json\/wp\/v2\/tags?post=151025"}],"curies":[{"name":"wp","href":"https:\/\/api.w.org\/{rel}","templated":true}]}}