{"id":151029,"date":"2025-12-14T23:05:08","date_gmt":"2025-12-14T23:05:08","guid":{"rendered":"https:\/\/www.europesays.com\/pl\/151029\/"},"modified":"2025-12-14T23:05:08","modified_gmt":"2025-12-14T23:05:08","slug":"zniknal-z-zycia-publicznego-stalo-sie-jasne-jakie-ma-problemy","status":"publish","type":"post","link":"https:\/\/www.europesays.com\/pl\/151029\/","title":{"rendered":"Znikn\u0105\u0142 z \u017cycia publicznego. Sta\u0142o si\u0119 jasne, jakie ma problemy"},"content":{"rendered":"\n<p class=\"contentpart contentpart--default contentpart--text\" data-position=\"0\">Na pocz\u0105tku pa\u017adziernika 2025 roku okaza\u0142o si\u0119, \u017ce <a href=\"https:\/\/sportowefakty.wp.pl\/boks-zawodowy\/janusz-pindera\" rel=\"nofollow noopener\" target=\"_blank\">Janusz Pindera<\/a>\u00a0zmaga si\u0119 z problemami zdrowotnymi. &#8222;Walcz\u0119 mocno, wiesz jak jest &#8211; stara szko\u0142a si\u0119 \u0142atwo nie poddaje&#8221; &#8211; napisa\u0142 w\u00f3wczas Przemys\u0142aw Garczarczyk na platformie X, cytuj\u0105c swojego przyjaciela.<\/p>\n<p class=\"contentpart contentpart--default contentpart--text\" data-position=\"1\">Tymczasem w niedziel\u0119 (14 grudnia) legendarny komentator boksu zosta\u0142 laureatem Nagrody im. Bohdana Tomaszewskiego Grand Press. Nagrod\u0119 w jego imieniu odebra\u0142a c\u00f3rka Anna, przekazuj\u0105c wypowied\u017a od ojca, kt\u00f3r\u0105 udost\u0119pni\u0142 dziennikarz Micha\u0142 Koper.<\/p>\n<p> <img role=\"presentation\" src=\"https:\/\/std.wpcdn.pl\/images\/adv\/placeholder_wp.svg\" loading=\"lazy\" alt=\"\" decoding=\"async\"\/>  <\/p>\n<p class=\"contentpart contentpart--default contentpart--text\" data-position=\"2\">ZOBACZ WIDEO: Zawrza\u0142o po og\u0142oszeniu walki. Wrzosek komentuje ruch KSW i tonuje nastroje<\/p>\n<p class=\"contentpart contentpart--default contentpart--text\" data-position=\"4\">&#8211;\u00a0Tocz\u0119 obecnie walk\u0119 o powr\u00f3t do zdrowia po udarze. Wierz\u0119 jednak, \u017ce powr\u00f3c\u0119 do mojej najwi\u0119kszej pasji &#8211; komentowania wielkich walk bokserskich i \u017ce spe\u0142ni\u0119 moje najwi\u0119ksze dziennikarskie marzenie i b\u0119d\u0119 m\u00f3g\u0142 skomentowa\u0107 polski z\u0142oty medal w boksie na najbli\u017cszych Igrzyskach Olimpijskich &#8211; brzmia\u0142y s\u0142owa Pindery, zawarte w li\u015bcie.<\/p>\n<p class=\"contentpart contentpart--default contentpart--text\" data-position=\"5\">Na t\u0119 wypowied\u017a zareagowa\u0142 <a href=\"https:\/\/sportowefakty.wp.pl\/pilka-nozna\/mateusz-borek\" rel=\"nofollow noopener\" target=\"_blank\">Mateusz Borek<\/a>, kt\u00f3ry utrzymuje przyjacielskie relacje z legendarnym komentatorem. &#8222;Gratulacje Janusz Pindera. Wracaj do zdrowia Przyjacielu. Czekamy na Ciebie&#8221; &#8211; czytamy we wpisie na platformie X.<\/p>\n<p class=\"contentpart contentpart--default contentpart--text\" data-position=\"6\">Pindera jest bardzo rozpoznawaln\u0105 osob\u0105 w \u015bwiecie sport\u00f3w walki. W ko\u0144cu mia\u0142 okazj\u0119 komentowa\u0107 najwi\u0119ksze wydarzenia bokserskie dla wielu stacji, w tym Canal+, Polsat Sport, Eurosport, Orange Sport czy Viaplay.<\/p>\n<p> <img role=\"presentation\" src=\"https:\/\/std.wpcdn.pl\/images\/adv\/placeholder_wp.svg\" loading=\"lazy\" alt=\"\" decoding=\"async\"\/>  <\/p>\n<p class=\"contentpart contentpart--default contentpart--text\" data-position=\"7\">Od d\u0142u\u017cszego czasu, z uwagi na problemy zdrowotne, legendarny komentator pozostawa\u0142 nieaktywny zawodowo. Teraz jednak jego celem jest powr\u00f3t do pracy.<\/p>\n","protected":false},"excerpt":{"rendered":"Na pocz\u0105tku pa\u017adziernika 2025 roku okaza\u0142o si\u0119, \u017ce Janusz Pindera\u00a0zmaga si\u0119 z problemami zdrowotnymi. &#8222;Walcz\u0119 mocno, wiesz jak&hellip;\n","protected":false},"author":2,"featured_media":151030,"comment_status":"","ping_status":"","sticky":false,"template":"","format":"standard","meta":{"footnotes":""},"categories":[24],"tags":[2514,2512,30462,42,38,40,39,41,127,126,1256],"class_list":{"0":"post-151029","1":"post","2":"type-post","3":"status-publish","4":"format-standard","5":"has-post-thumbnail","7":"category-sport","8":"tag-boks","9":"tag-boks-zawodowy","10":"tag-janusz-pindera","11":"tag-pl","12":"tag-poland","13":"tag-polish","14":"tag-polska","15":"tag-polski","16":"tag-sport","17":"tag-sports","18":"tag-sporty-walki"},"share_on_mastodon":{"url":"https:\/\/pubeurope.com\/@pl\/115720429908239931","error":""},"_links":{"self":[{"href":"https:\/\/www.europesays.com\/pl\/wp-json\/wp\/v2\/posts\/151029","targetHints":{"allow":["GET"]}}],"collection":[{"href":"https:\/\/www.europesays.com\/pl\/wp-json\/wp\/v2\/posts"}],"about":[{"href":"https:\/\/www.europesays.com\/pl\/wp-json\/wp\/v2\/types\/post"}],"author":[{"embeddable":true,"href":"https:\/\/www.europesays.com\/pl\/wp-json\/wp\/v2\/users\/2"}],"replies":[{"embeddable":true,"href":"https:\/\/www.europesays.com\/pl\/wp-json\/wp\/v2\/comments?post=151029"}],"version-history":[{"count":0,"href":"https:\/\/www.europesays.com\/pl\/wp-json\/wp\/v2\/posts\/151029\/revisions"}],"wp:featuredmedia":[{"embeddable":true,"href":"https:\/\/www.europesays.com\/pl\/wp-json\/wp\/v2\/media\/151030"}],"wp:attachment":[{"href":"https:\/\/www.europesays.com\/pl\/wp-json\/wp\/v2\/media?parent=151029"}],"wp:term":[{"taxonomy":"category","embeddable":true,"href":"https:\/\/www.europesays.com\/pl\/wp-json\/wp\/v2\/categories?post=151029"},{"taxonomy":"post_tag","embeddable":true,"href":"https:\/\/www.europesays.com\/pl\/wp-json\/wp\/v2\/tags?post=151029"}],"curies":[{"name":"wp","href":"https:\/\/api.w.org\/{rel}","templated":true}]}}