{"id":151031,"date":"2025-12-14T23:06:17","date_gmt":"2025-12-14T23:06:17","guid":{"rendered":"https:\/\/www.europesays.com\/pl\/151031\/"},"modified":"2025-12-14T23:06:17","modified_gmt":"2025-12-14T23:06:17","slug":"ewa-blaszczyk-spedzi-swieta-bozego-narodzenia-z-corkami-tlum-ludzi","status":"publish","type":"post","link":"https:\/\/www.europesays.com\/pl\/151031\/","title":{"rendered":"Ewa B\u0142aszczyk sp\u0119dzi \u015bwi\u0119ta Bo\u017cego Narodzenia z c\u00f3rkami. &#8222;T\u0142um ludzi&#8221;"},"content":{"rendered":"<p class=\"Paragraph_desktopParagraph__U31Gm\">Tragedia z 2000 r. na zawsze zmieni\u0142a \u017cycie <a href=\"https:\/\/plejada.pl\/temat\/ewa-blaszczyk-aktorka-piosenkarka\/glfkc91\" id=\"e6536846-cd8d-433e-abe7-de406d233222\" rel=\"nofollow noopener\" target=\"_blank\">Ewy B\u0142aszczyk<\/a>. W\u00f3wczas jaj 16-letnia c\u00f3rka Ola wpad\u0142a w \u015bpi\u0105czk\u0119, z kt\u00f3rej do dzi\u015b si\u0119 nie wybudzi\u0142a. Aktorka nie podda\u0142a si\u0119 jednak rozpaczy \u2013 za\u0142o\u017cy\u0142a fundacj\u0119 &#8222;Akogo?&#8221; oraz klinik\u0119 &#8222;Budzik&#8221;, kt\u00f3re pomagaj\u0105 osobom w podobnej sytuacji. <\/p>\n<ul class=\"OchatFollowUps_wrapper__1ry7X\">\n<li class=\"OchatFollowUps_item__Dhyly OchatFollowUps_itemDesktop__R6aBv\">Ile os\u00f3b b\u0119dzie obecnych na \u015bwi\u0119tach Ewy B\u0142aszczyk?<\/li>\n<li class=\"OchatFollowUps_item__Dhyly OchatFollowUps_itemDesktop__R6aBv\">Jak Ewa B\u0142aszczyk wspomina swoje do\u015bwiadczenia zwi\u0105zane z c\u00f3rk\u0105?<\/li>\n<li class=\"OchatFollowUps_item__Dhyly OchatFollowUps_itemDesktop__R6aBv\">Jakie tradycje rodzinne piel\u0119gnuje Ewa B\u0142aszczyk podczas \u015bwi\u0105t?<\/li>\n<li class=\"OchatFollowUps_item__Dhyly OchatFollowUps_itemDesktop__R6aBv\">Czy w tegorocznych \u015bwi\u0119tach we\u017amie udzia\u0142 r\u00f3wnie\u017c druga c\u00f3rka Ewy B\u0142aszczyk?<\/li>\n<\/ul>\n<p>Ewa B\u0142aszczyk u\u015bmiecha si\u0119 na my\u015bl o \u015bwi\u0119tach. Nagle wyjawi\u0142a to o c\u00f3rce <\/p>\n<p class=\"Paragraph_desktopParagraph__U31Gm\">Mimo trudnych do\u015bwiadcze\u0144 Ewa B\u0142aszczyk stara si\u0119 piel\u0119gnowa\u0107 rodzinne tradycje i cieszy\u0107 si\u0119 wsp\u00f3lnie sp\u0119dzonym czasem.<\/p>\n<p class=\"Paragraph_desktopParagraph__U31Gm\">&#8222;T\u0142um ludzi, trzeba przynie\u015b\u0107 sto\u0142y z ogrodu i po\u0142\u0105czy\u0107, przytarga\u0107 choink\u0119. Jest nas zawsze ze 20 os\u00f3b, jak to w \u015bwi\u0119ta, a potem si\u0119 ju\u017c bardzo cieszymy, \u017ce jest po \u015bwi\u0119tach&#8221; \u2013 m\u00f3wi\u0142a aktorka w rozmowie z Joann\u0105 Racewicz dla Party, nie kryj\u0105c u\u015bmiechu. <\/p>\n<blockquote>\n<p class=\"Paragraph_desktopParagraph__U31Gm\">Dwana\u015bcie potraw to nie, ale \u017ceby by\u0142o ciep\u0142o, \u017ceby wszyscy byli. Zawsze jest fajna atmosfera. Pali si\u0119 w kominie i dobrze. Ola na w\u00f3zeczku z nami&#8230;<\/p>\n<\/blockquote>\n<p class=\"Paragraph_desktopParagraph__U31Gm\">&#8211; dodaje po chwili.<\/p>\n<p class=\"Paragraph_desktopParagraph__U31Gm\">\u015awi\u0119ta to dla Ewy B\u0142aszczyk przede wszystkim czas sp\u0119dzony z najbli\u017cszymi. W tym roku w gronie rodzinnym znajdzie si\u0119 tak\u017ce druga c\u00f3rka aktorki, Marianna. B\u0142aszczyk nie kryje, \u017ce chcia\u0142aby bardziej cieszy\u0107 si\u0119 jej sukcesami i dzieli\u0107 z ni\u0105 codzienne rado\u015bci.<\/p>\n<p class=\"Paragraph_desktopParagraph__U31Gm\">&#8222;Bardzo bym chcia\u0142a jeszcze tak jako\u015b popatrze\u0107 si\u0119 d\u0142u\u017cej na Mani \u017cycie, cieszy\u0107 si\u0119 z ni\u0105 czym\u015b. No i takie ci\u0105gle mam jakie\u015b otwarte pole na Ol\u0119&#8221; \u2013 wyzna\u0142a.<\/p>\n<p><img decoding=\"async\" class=\"Image_image__0tuHp Image_autoHeight__f2n87 \" height=\"587\" width=\"391\" src=\"https:\/\/www.europesays.com\/pl\/wp-content\/uploads\/2025\/12\/D_Nk9kpTURBXy8wNWFkNWYzMDlmZmE0YzQ0NWRiYzZiOWU5MmVhMTc4NS5qcGeSlQLNA6wAwsOVAgDNAkvCw94AA6EwAaExAaEzw.jpeg\" alt=\"Ewa B\u0142aszczyk (2021 r.)\" loading=\"lazy\" \/>Andras Szilagyi \/ MW Media<\/p>\n<p>Ewa B\u0142aszczyk (2021 r.)<\/p>\n<p class=\"Paragraph_desktopParagraph__U31Gm\">Dzi\u0119kujemy, \u017ce przeczyta\u0142a\u015b\/e\u015b nasz artyku\u0142 do ko\u0144ca. W serwisie Plejada.pl ka\u017cdego dnia piszemy o najwa\u017cniejszych wydarzeniach show-biznesowych. B\u0105d\u017a na bie\u017c\u0105co! <a rel=\"nofollow noopener\" href=\"https:\/\/profile.google.com\/cp\/Cg0vZy8xMWJ6X19wdHBx\" id=\"d418586f-8d2b-44aa-b604-190126a4eaa6\" target=\"_blank\">Obserwuj<\/a> Plejad\u0119 w Google. Odwied\u017a nas tak\u017ce na <a rel=\"nofollow noopener\" href=\"https:\/\/www.facebook.com\/plejadapl\" id=\"df39a143-4156-4b3b-9445-07b332697abf\" target=\"_blank\">Facebooku<\/a>, <a rel=\"nofollow noopener\" href=\"https:\/\/www.instagram.com\/plejadapl\/\" id=\"c584f2ca-8b87-49e5-9831-9fe9fbeeb8b6\" target=\"_blank\">Instagramie<\/a>, <a rel=\"nofollow noopener\" href=\"https:\/\/www.youtube.com\/c\/plejada\" id=\"6d776d5c-2393-4d03-968a-e70cb136033d\" target=\"_blank\">YouTubie<\/a> oraz <a rel=\"nofollow noopener\" href=\"https:\/\/www.tiktok.com\/@plejada_pl\" id=\"bb87522e-ecbc-4174-b2f9-ff2dcd7be257\" target=\"_blank\">TikToku<\/a>.<\/p>\n<p class=\"Paragraph_desktopParagraph__U31Gm\">Chcesz podzieli\u0107 si\u0119 ciekawym newsem lub zaproponowa\u0107 temat? Skontaktuj si\u0119 z nami, pisz\u0105c maila na adres: <a href=\"https:\/\/www.onet.pl\/styl-zycia\/plejada\/ewa-blaszczyk-spedzi-swieta-bozego-narodzenia-z-corkami-tlum-ludzi\/mailto:plejada@redakcjaonet.pl\" id=\"19cd95ec-f502-4fcf-9d9d-7c0cafd6f3d8\" rel=\"nofollow noopener\" target=\"_blank\">plejada@redakcjaon<\/a><a rel=\"nofollow noopener\" href=\"http:\/\/et.pl\" id=\"1f6f4a45-66eb-437b-ba9d-c7f0442a4579\" target=\"_blank\">et.pl<\/a>.<\/p>\n<p><script async src=\"\/\/www.instagram.com\/embed.js\"><\/script><script async src=\"\/\/www.tiktok.com\/embed.js\"><\/script><\/p>\n","protected":false},"excerpt":{"rendered":"Tragedia z 2000 r. na zawsze zmieni\u0142a \u017cycie Ewy B\u0142aszczyk. W\u00f3wczas jaj 16-letnia c\u00f3rka Ola wpad\u0142a w \u015bpi\u0105czk\u0119,&hellip;\n","protected":false},"author":2,"featured_media":151032,"comment_status":"","ping_status":"","sticky":false,"template":"","format":"standard","meta":{"footnotes":""},"categories":[22],"tags":[18916,122,3099,2479,67,53,25475,52,68,51,55,42,38,40,39,41,123,47,196,5806,65,50],"class_list":{"0":"post-151031","1":"post","2":"type-post","3":"status-publish","4":"format-standard","5":"has-post-thumbnail","7":"category-rozrywka","8":"tag-boze_narodzenie_swieta_bozego_narodzenia_wigilia","9":"tag-entertainment","10":"tag-ewa_blaszczyk","11":"tag-ewa_blaszczyk_aktorka_piosenkarka","12":"tag-intextvideo_splayer","13":"tag-new_header","14":"tag-new_layout_tst1","15":"tag-onet3","16":"tag-onet3d","17":"tag-onet3d_2i","18":"tag-phx","19":"tag-pl","20":"tag-poland","21":"tag-polish","22":"tag-polska","23":"tag-polski","24":"tag-rozrywka","25":"tag-screening_general","26":"tag-styl_zycia","27":"tag-swieta","28":"tag-update_me","29":"tag-v2021"},"share_on_mastodon":{"url":"https:\/\/pubeurope.com\/@pl\/115720433444602631","error":""},"_links":{"self":[{"href":"https:\/\/www.europesays.com\/pl\/wp-json\/wp\/v2\/posts\/151031","targetHints":{"allow":["GET"]}}],"collection":[{"href":"https:\/\/www.europesays.com\/pl\/wp-json\/wp\/v2\/posts"}],"about":[{"href":"https:\/\/www.europesays.com\/pl\/wp-json\/wp\/v2\/types\/post"}],"author":[{"embeddable":true,"href":"https:\/\/www.europesays.com\/pl\/wp-json\/wp\/v2\/users\/2"}],"replies":[{"embeddable":true,"href":"https:\/\/www.europesays.com\/pl\/wp-json\/wp\/v2\/comments?post=151031"}],"version-history":[{"count":0,"href":"https:\/\/www.europesays.com\/pl\/wp-json\/wp\/v2\/posts\/151031\/revisions"}],"wp:featuredmedia":[{"embeddable":true,"href":"https:\/\/www.europesays.com\/pl\/wp-json\/wp\/v2\/media\/151032"}],"wp:attachment":[{"href":"https:\/\/www.europesays.com\/pl\/wp-json\/wp\/v2\/media?parent=151031"}],"wp:term":[{"taxonomy":"category","embeddable":true,"href":"https:\/\/www.europesays.com\/pl\/wp-json\/wp\/v2\/categories?post=151031"},{"taxonomy":"post_tag","embeddable":true,"href":"https:\/\/www.europesays.com\/pl\/wp-json\/wp\/v2\/tags?post=151031"}],"curies":[{"name":"wp","href":"https:\/\/api.w.org\/{rel}","templated":true}]}}