{"id":151033,"date":"2025-12-14T23:08:16","date_gmt":"2025-12-14T23:08:16","guid":{"rendered":"https:\/\/www.europesays.com\/pl\/151033\/"},"modified":"2025-12-14T23:08:16","modified_gmt":"2025-12-14T23:08:16","slug":"ukryte-promocje-biedronki-wlasnie-wyszly-na-jaw-czesc-obowiazuje-tylko-15-grudnia","status":"publish","type":"post","link":"https:\/\/www.europesays.com\/pl\/151033\/","title":{"rendered":"Ukryte promocje Biedronki w\u0142a\u015bnie wysz\u0142y na jaw. Cz\u0119\u015b\u0107 obowi\u0105zuje tylko 15 grudnia"},"content":{"rendered":"<p>\t\t\t\t\tOd\u00a0poniedzia\u0142ku do soboty 15\u201320 grudnia w Biedronce obowi\u0105zuje pakiet promocji na najpopularniejsze produkty \u015bwi\u0105teczne -praliny, s\u0142odycze, ryby, w\u0119dliny i nabia\u0142.\u00a0Sie\u0107 wprowadza r\u00f3wnie\u017c osobne okazje dost\u0119pne\u00a0wy\u0142\u0105cznie w poniedzia\u0142ek 15.12, w tym mocne zni\u017cki na mas\u0142o i w\u0119dliny paczkowane.<\/p>\n<ul>&#13;<\/p>\n<li>Cz\u0119\u015b\u0107 rabat\u00f3w wymaga posiadania karty lub aplikacji\u00a0Moja Biedronka, a wiele z nich dzia\u0142a w formule 2+1 lub drugi produkt taniej.<\/li>\n<p>&#13;<\/p>\n<li>Promocje obejmuj\u0105 zar\u00f3wno produkty premium, jak praliny i czekoladki, jak i podstawowe surowce potrzebne do przygotowania \u015bwi\u0105tecznych potraw.<\/li>\n<p>&#13;<\/p>\n<li>Mocne jednodniowe rabaty z 15 grudnia wyr\u00f3\u017cniaj\u0105 si\u0119 skal\u0105 obni\u017cek.<\/li>\n<p>&#13;<\/p>\n<li>Dodatkowo sklepy Biedronka b\u0119d\u0105 otwarte tak\u017ce w niedziel\u0119 21 grudnia.<\/li>\n<p>&#13;\n<\/ul>\n<p>        <a href=\"https:\/\/www.portalspozywczy.pl\/handel\/wiadomosci\/lidl-szykuje-sie-na-oblezenie-od-15-grudnia-znow-bedzie-cyrk-od-samego-rana,283903.html\" class=\"read-more-box-img-cnt\" rel=\"nofollow noopener\" target=\"_blank\"><br \/>\n        \t                <img decoding=\"async\" loading=\"lazy\" src=\"https:\/\/www.europesays.com\/pl\/wp-content\/uploads\/2025\/12\/193117_r0_300.jpg\" alt=\"Lidl szykuje si\u0119 na obl\u0119\u017cenie od 15 grudnia. &quot;Zn\u00f3w b\u0119dzie cyrk od samego rana&quot;\" class=\"read-more-box-img\" width=\"150\" height=\"100\"\/><br \/>\n                    <\/a><\/p>\n<p>        <a href=\"https:\/\/www.portalspozywczy.pl\/handel\/wiadomosci\/z-kas-samoobslugowych-biedronki-znika-wazna-funkcja-siec-wyjasnia-dlaczego,283827.html\" class=\"read-more-box-img-cnt\" rel=\"nofollow noopener\" target=\"_blank\"><br \/>\n        \t                <img decoding=\"async\" loading=\"lazy\" src=\"https:\/\/www.europesays.com\/pl\/wp-content\/uploads\/2025\/12\/193042_r0_300.jpg\" alt=\"Z kas samoobs\u0142ugowych Biedronki znika wa\u017cna funkcja. Sie\u0107 wyja\u015bnia dlaczego\" class=\"read-more-box-img\" width=\"150\" height=\"100\"\/><br \/>\n                    <\/a><\/p>\n<p>        <a href=\"https:\/\/www.portalspozywczy.pl\/handel\/wiadomosci\/wygrali-z-wlascicielem-biedronki-sad-utrzymal-rekordowa-kare,283870.html\" class=\"read-more-box-img-cnt\" rel=\"nofollow noopener\" target=\"_blank\"><br \/>\n        \t                <img decoding=\"async\" loading=\"lazy\" src=\"https:\/\/www.europesays.com\/pl\/wp-content\/uploads\/2025\/12\/193086_r0_300.jpg\" alt=\"Wygrali z w\u0142a\u015bcicielem Biedronki. S\u0105d utrzyma\u0142 rekordow\u0105 kar\u0119\" class=\"read-more-box-img\" width=\"150\" height=\"100\"\/><br \/>\n                    <\/a><\/p>\n<p>Biedronka szaleje przez ca\u0142y tydzie\u0144 &#8211; do 20 grudnia<\/p>\n<p>W ramach promocji tygodniowych &#8211; do soboty 20 grudnia &#8211; klienci mog\u0105 skorzysta\u0107 m.in. z akcji\u00a02+1 gratis\u00a0na wszystkie praliny Raffaello i Ferrero Rocher. Oferta obejmuje ca\u0142y asortyment i pozwala na dowolne mieszanie wariant\u00f3w, a najta\u0144szy produkt jest gratis. Limit wynosi dziewi\u0119\u0107 sztuk dziennie, z czego trzy mo\u017cna odebra\u0107 bezp\u0142atnie.<\/p>\n<p>W podobnym klimacie utrzymane s\u0105 rabaty na inne kultowe \u015bwi\u0105teczne s\u0142odycze.\u00a0<\/p>\n<ul>&#13;<\/p>\n<li>Ptasie Mleczko E.Wedel\u00a0w opakowaniach 340 g dost\u0119pne jest z rabatem 60 proc. na drugi produkt, przy limicie czterech opakowa\u0144 dziennie.<\/li>\n<p>&#13;<\/p>\n<li>Merci Finest Selection\u00a0\u2013 zar\u00f3wno klasyczne, jak i \u015bwi\u0105teczne \u2013 kosztuj\u0105 15,99 z\u0142 za opakowanie, o ile klient kupi dwa. Limit dzienny wynosi cztery sztuki.<\/li>\n<p>&#13;<\/p>\n<li>Wszystkie praliny Rafaello i Ferrero Rocher s\u0105 dost\u0119pne w formule 2+1 gratis (mo\u017cna miesza\u0107 dowolnie, najta\u0144szy produkt gratis). Limit \u00a0&#8211; 9 sztuk, max 3 gratis, na kart\u0119 MB.<\/li>\n<p>&#13;\n<\/ul>\n<p>Du\u017co taniej mo\u017cna kupi\u0107 tak\u017ce ryby i \u015bledzie, kt\u00f3re dla wielu Polak\u00f3w s\u0105 obowi\u0105zkowym elementem \u015bwi\u0105tecznego sto\u0142u. Wszystkie\u00a0\u015bledzie Marinero\u00a0obj\u0119to promocj\u0105 &#8222;drugi produkt 50 proc. taniej&#8221;, a przy mro\u017conych, niepanierowanych rybach \u2013 takich jak dorsz atlantycki, mintaj, miruna czy morszczuk \u2013 drugi produkt jest 40 proc. ta\u0144szy. Obie promocje pozwalaj\u0105 na mieszanie dowolnych wariant\u00f3w.<\/p>\n<p>Do koszyka warto dorzuci\u0107 r\u00f3wnie\u017c oleje:<\/p>\n<ul>&#13;<\/p>\n<li>Oleje\u00a0Wyborne\u00a0(rzepakowy, s\u0142onecznikowy oraz rzepakowy z oliw\u0105) dost\u0119pne s\u0105 w formule\u00a01+1 gratis, z limitem czterech sztuk dziennie.<\/li>\n<p>&#13;<\/p>\n<li>W ni\u017cszej cenie mo\u017cna kupi\u0107 tak\u017ce dwulitrowy olej\u00a0Kujawski, kt\u00f3ry dzi\u0119ki karcie Moja Biedronka kosztuje 13,98 z\u0142.<\/li>\n<p>&#13;\n<\/ul>\n<p>        <a href=\"https:\/\/www.portalspozywczy.pl\/technologie\/wiadomosci\/50-gr-i-masa-problemow-obeszlismy-sklepy-i-pokazujemy-co-naprawde-dziala-a-co-nie,283823.html\" class=\"read-more-box-img-cnt\" rel=\"nofollow noopener\" target=\"_blank\"><br \/>\n        \t                <img decoding=\"async\" loading=\"lazy\" src=\"https:\/\/www.europesays.com\/pl\/wp-content\/uploads\/2025\/12\/193027_r0_300.jpg\" alt=\"50 gr i masa problem\u00f3w. Obeszli\u015bmy sklepy i pokazujemy co naprawd\u0119 dzia\u0142a, a co nie\" class=\"read-more-box-img\" width=\"150\" height=\"100\"\/><br \/>\n                    <\/a><\/p>\n<p>Biedronka szaleje przed \u015bwi\u0119tami<\/p>\n<p>Promocje obejmuj\u0105 tak\u017ce mi\u0119sa.\u00a0Udo z indyka z majerankiem\u00a0z serii Kraina Mi\u0119s przeceniono o 37 proc., a cena promocyjna wynosi 14,99 z\u0142 za kilogram.<\/p>\n<blockquote><p>&#13;<\/p>\n<p>Tygodniowa oferta dotyczy r\u00f3wnie\u017c wszystkich\u00a0w\u0119dlin w plastrach marki Biedronka, kt\u00f3re dost\u0119pne s\u0105 w promocji\u00a02+1 gratis\u00a0\u2013 mo\u017cna miesza\u0107 dowolne warianty, a dzienny limit to sze\u015b\u0107 opakowa\u0144 (z czego dwa gratis).<\/p>\n<p>&#13;\n<\/p><\/blockquote>\n<p>Tylko w poniedzia\u0142ek 15 grudnia<\/p>\n<p>Osobn\u0105 kategori\u0119 stanowi\u0105 promocje dost\u0119pne\u00a0wy\u0142\u0105cznie w poniedzia\u0142ek 15 grudnia. W tym dniu klienci mog\u0105 kupi\u0107\u00a0wszystkie mas\u0142a 200 g w akcji 3+3 gratis, co oznacza, \u017ce przy sze\u015bciu opakowaniach a\u017c trzy s\u0105 darmowe. Limit dzienny wynosi sze\u015b\u0107 sztuk na kart\u0119 Moja Biedronka.<\/p>\n<p>Tylko w poniedzia\u0142ek obowi\u0105zuje r\u00f3wnie\u017c oferta\u00a01+1 gratis na wszystkie paczkowane w\u0119dliny Kraina W\u0119dlin, a tak\u017ce ta sama formu\u0142a rabatu na\u00a0kie\u0142bas\u0119 \u017cywieck\u0105 Kraina W\u0119dlin 600 g.<\/p>\n<p>W poniedzia\u0142ek i wtorek 15-16 grudnia obowi\u0105zuj\u0105 (przez 2 dni) takie promocje:<\/p>\n<ul>&#13;<\/p>\n<li>Twar\u00f3g sernikowy Pr\u00e9sident &#8211; kilogramowe opakowanie kosztuje 6,99 z\u0142, czyli a\u017c 60 proc. taniej.<\/li>\n<p>&#13;<\/p>\n<li>Mleko UHT 3,2% Mlekovita :\u0141\u0105czka&#8221; przy zakupie sze\u015bciu sztuk kosztuje jedynie 1,49 z\u0142 za litr. To promocja tylko z aplikacj\u0105. Tu obowi\u0105zuje limit do 12 sztuk w ca\u0142ym okresie promocji.<\/li>\n<p>&#13;<\/p>\n<li>Schab wieprzowy bez ko\u015bci jest dost\u0119pny 34 proc. taniej &#8211; za 14,99 z\u0142\/kg. Oferta dost\u0119pna jest tylko w sklepach z lad\u0105 tradycyjn\u0105.<\/li>\n<p>&#13;<\/p>\n<li>Polskie ziemniaki mo\u017cna kupi\u0107 za 0,99 z\u0142\/kg, czyli 50 proc. taniej.<\/li>\n<p>&#13;\n<\/ul>\n","protected":false},"excerpt":{"rendered":"Od\u00a0poniedzia\u0142ku do soboty 15\u201320 grudnia w Biedronce obowi\u0105zuje pakiet promocji na najpopularniejsze produkty \u015bwi\u0105teczne -praliny, s\u0142odycze, ryby, w\u0119dliny&hellip;\n","protected":false},"author":2,"featured_media":151034,"comment_status":"","ping_status":"","sticky":false,"template":"","format":"standard","meta":{"footnotes":""},"categories":[16],"tags":[664,9977,9971,9983,9974,9980,9986,113,112,9969,9972,9981,9984,9975,9978,42,38,40,39,41,9970,9973,9982,9985,9976,9979],"class_list":{"0":"post-151033","1":"post","2":"type-post","3":"status-publish","4":"format-standard","5":"has-post-thumbnail","7":"category-biznes","8":"tag-typedefinedterm","9":"tag-44148-html","10":"tag-446-html","11":"tag-45172-html","12":"tag-65125-html","13":"tag-65240-html","14":"tag-7193-html","15":"tag-biznes","16":"tag-business","17":"tag-namebiedronka","18":"tag-nameceny-w-biedronce","19":"tag-namegazetka-biedronki","20":"tag-namegazetki-reklamowe","21":"tag-namemoja-biedronka","22":"tag-namepromocje-w-biedronce","23":"tag-pl","24":"tag-poland","25":"tag-polish","26":"tag-polska","27":"tag-polski","28":"tag-urlhttps-www-portalspozywczy-pl-tagi-biedronka","29":"tag-urlhttps-www-portalspozywczy-pl-tagi-ceny-w-biedronce","30":"tag-urlhttps-www-portalspozywczy-pl-tagi-gazetka-biedronki","31":"tag-urlhttps-www-portalspozywczy-pl-tagi-gazetki-reklamowe","32":"tag-urlhttps-www-portalspozywczy-pl-tagi-moja-biedronka","33":"tag-urlhttps-www-portalspozywczy-pl-tagi-promocje-w-biedronce"},"share_on_mastodon":{"url":"","error":"Validation failed: Text character limit of 500 exceeded"},"_links":{"self":[{"href":"https:\/\/www.europesays.com\/pl\/wp-json\/wp\/v2\/posts\/151033","targetHints":{"allow":["GET"]}}],"collection":[{"href":"https:\/\/www.europesays.com\/pl\/wp-json\/wp\/v2\/posts"}],"about":[{"href":"https:\/\/www.europesays.com\/pl\/wp-json\/wp\/v2\/types\/post"}],"author":[{"embeddable":true,"href":"https:\/\/www.europesays.com\/pl\/wp-json\/wp\/v2\/users\/2"}],"replies":[{"embeddable":true,"href":"https:\/\/www.europesays.com\/pl\/wp-json\/wp\/v2\/comments?post=151033"}],"version-history":[{"count":0,"href":"https:\/\/www.europesays.com\/pl\/wp-json\/wp\/v2\/posts\/151033\/revisions"}],"wp:featuredmedia":[{"embeddable":true,"href":"https:\/\/www.europesays.com\/pl\/wp-json\/wp\/v2\/media\/151034"}],"wp:attachment":[{"href":"https:\/\/www.europesays.com\/pl\/wp-json\/wp\/v2\/media?parent=151033"}],"wp:term":[{"taxonomy":"category","embeddable":true,"href":"https:\/\/www.europesays.com\/pl\/wp-json\/wp\/v2\/categories?post=151033"},{"taxonomy":"post_tag","embeddable":true,"href":"https:\/\/www.europesays.com\/pl\/wp-json\/wp\/v2\/tags?post=151033"}],"curies":[{"name":"wp","href":"https:\/\/api.w.org\/{rel}","templated":true}]}}