{"id":151043,"date":"2025-12-14T23:17:11","date_gmt":"2025-12-14T23:17:11","guid":{"rendered":"https:\/\/www.europesays.com\/pl\/151043\/"},"modified":"2025-12-14T23:17:11","modified_gmt":"2025-12-14T23:17:11","slug":"szczatki-obiektu-przypominajacego-drona-jest-komunikat-policji-onet","status":"publish","type":"post","link":"https:\/\/www.europesays.com\/pl\/151043\/","title":{"rendered":"&quot;Szcz\u0105tki obiektu przypominaj\u0105cego drona&quot;. Jest komunikat policji &#8211; Onet"},"content":{"rendered":"<ol>\n<li><a href=\"https:\/\/news.google.com\/rss\/articles\/CBMiwwFBVV95cUxPZnpiWWxoNG9idjBBTXRSV2FNYklxdnd5cXY0VS1HakYwd2tjR0R0VjRWbW5WQnNRZHlDdURFV21NZ0wtR29mb1RDNEpubExCRUFXdXE0ZVJ1WlI4enlEb1BDQy1Vb1JQR3RiX3htWFNNdi1HMEpGWHYtNV8zQnNBaUk4OU9YZExILTBFOFJ5M25iYWZEYkMtYmNFWFV2bTlPd3NfWEpNMHpmdUF0YUtXQlYwZFVMZUt4NjN6TnVDWkFZRDQ?oc=5\" target=\"_blank\" rel=\"nofollow noopener\">&#8222;Szcz\u0105tki obiektu przypominaj\u0105cego drona&#8221;. Jest komunikat policji<\/a>&nbsp;&nbsp;Onet<\/li>\n<li><a href=\"https:\/\/news.google.com\/rss\/articles\/CBMivAFBVV95cUxPWWFISS1xSlhsdlp0czF0VjhhMlhEdUVoSGVXVV9OSWJ6VV9WcWh1bHpScUZBMjY0VjlFeWVEdVg3LUY0LUQ4bFdrZ2tuemdhYVU2MFEtRkx5c0o0bnZqeHpmWWFPWTl5azRmYXowSThVWjhtb3pxQ0RxUHZzSm9zX3pjQ0ZFMVN6US0tYkQ1NERXVTYtcmRrZExnNkMxVURYQW9SNnJuQnZoSTlfd05Ebkl4cllGSEtjaEh2eg?oc=5\" target=\"_blank\" rel=\"nofollow noopener\">Lubelskie. Niepokoj\u0105ce odkrycie 60 km od granicy z Bia\u0142orusi\u0105. Trwa akcja s\u0142u\u017cb<\/a>&nbsp;&nbsp;Gazeta<\/li>\n<li><a href=\"https:\/\/news.google.com\/rss\/articles\/CBMiswFBVV95cUxPWWxObEJXRE1rTnpoUHlCNERKeDV6c1lkS3VVNXptSTdnOFhGRXh1M2hJX2lTejJlZTZIcllmYWZTcTdtMnRWT2EzcVdxVXRPRnFOYTZ0Vi0ybEYwcmdxZkRLMDllQ2o3aXBGOFY0TVlCUUpLYkJqSzVzdldBblR0TGFxcHZzc2dQYXd3QzZGN3RfaE9YcGFldnB6RGYydGZ2RDR5X0x5SzlkcnYxWTlFT2NDRQ?oc=5\" target=\"_blank\" rel=\"nofollow noopener\">Szcz\u0105tki &#8222;obiektu przypominaj\u0105cego drona&#8221;. Komunikat lubelskiej policji<\/a>&nbsp;&nbsp;Wydarzenia w INTERIA.PL<\/li>\n<li><a href=\"https:\/\/news.google.com\/rss\/articles\/CBMirgFBVV95cUxNZHE2aE9iMmNLSGpYU0VzU3l2akhFbXdnR1ZteWJOdmNESmNfclZuNzdSZjRaaXNpZnIyYW1LSmdOZ3N5bktsUUdBMExPQldIbUtwQTNOeVU5TFF3Z09DTEZ6SkhDZVlBLTgtWkFtaWRSRFhrTFJhLUZERVM1bUJMalMxWlN4bnhnVnJOMVlJeXlpb28wLVh5Q0NfTDlNM1dQR3lUSGoweWh3bG9DbWc?oc=5\" target=\"_blank\" rel=\"nofollow noopener\">Stop \u0142a\u0144cuchom! Marsz dla zwierz\u0105t w stolicy<\/a>&nbsp;&nbsp;OKO.press<\/li>\n<li><a href=\"https:\/\/news.google.com\/rss\/articles\/CBMioAFBVV95cUxNUXZQT19DT2gtRUFPb2ZMX1dCTmNqZVZaNlZhOWJBYm5rcTlpUE9kcTNGVnhTSG5ta3kxeEN4eGlSdXphczU1endTNUo2ODlPczcxcUhBQXhFMXJJdnJFbERCdlh4TEpqOHVXZnc1b1BPU09LZkNsbHZqYW5LWjZ6Sm9lYnJCR1RWRHZYMm1oQjhLRnQ0UHpCMTB0bDBraVFt?oc=5\" target=\"_blank\" rel=\"nofollow noopener\">\u200bOdkrycie na spacerze. Znaleziono szcz\u0105tki drona<\/a>&nbsp;&nbsp;RMF24<\/li>\n<\/ol>\n","protected":false},"excerpt":{"rendered":"&#8222;Szcz\u0105tki obiektu przypominaj\u0105cego drona&#8221;. Jest komunikat policji&nbsp;&nbsp;Onet Lubelskie. Niepokoj\u0105ce odkrycie 60 km od granicy z Bia\u0142orusi\u0105. Trwa akcja&hellip;\n","protected":false},"author":2,"featured_media":65131,"comment_status":"","ping_status":"","sticky":false,"template":"","format":"standard","meta":{"footnotes":""},"categories":[12],"tags":[32,33,165,36,37,27,67,34,35,28,31,53,25,52,68,51,55,42,38,251,40,39,41,391,47,29,30,65,50,26],"class_list":{"0":"post-151043","1":"post","2":"type-post","3":"status-publish","4":"format-standard","5":"has-post-thumbnail","7":"category-polska","8":"tag-breaking-news","9":"tag-breakingnews","10":"tag-drony_dron","11":"tag-featured-news","12":"tag-featurednews","13":"tag-headlines","14":"tag-intextvideo_splayer","15":"tag-latest-news","16":"tag-latestnews","17":"tag-naglowki","18":"tag-najwazniejsze-artykuly","19":"tag-new_header","20":"tag-news","21":"tag-onet3","22":"tag-onet3d","23":"tag-onet3d_2i","24":"tag-phx","25":"tag-pl","26":"tag-poland","27":"tag-policja_policjanci_policjant_policjantka_policjantki","28":"tag-polish","29":"tag-polska","30":"tag-polski","31":"tag-rosyjskie_drony_nad_polska_nocna_operacja_wojska","32":"tag-screening_general","33":"tag-top-stories","34":"tag-topstories","35":"tag-update_me","36":"tag-v2021","37":"tag-wiadomosci"},"share_on_mastodon":{"url":"","error":"Validation failed: Text character limit of 500 exceeded"},"_links":{"self":[{"href":"https:\/\/www.europesays.com\/pl\/wp-json\/wp\/v2\/posts\/151043","targetHints":{"allow":["GET"]}}],"collection":[{"href":"https:\/\/www.europesays.com\/pl\/wp-json\/wp\/v2\/posts"}],"about":[{"href":"https:\/\/www.europesays.com\/pl\/wp-json\/wp\/v2\/types\/post"}],"author":[{"embeddable":true,"href":"https:\/\/www.europesays.com\/pl\/wp-json\/wp\/v2\/users\/2"}],"replies":[{"embeddable":true,"href":"https:\/\/www.europesays.com\/pl\/wp-json\/wp\/v2\/comments?post=151043"}],"version-history":[{"count":0,"href":"https:\/\/www.europesays.com\/pl\/wp-json\/wp\/v2\/posts\/151043\/revisions"}],"wp:featuredmedia":[{"embeddable":true,"href":"https:\/\/www.europesays.com\/pl\/wp-json\/wp\/v2\/media\/65131"}],"wp:attachment":[{"href":"https:\/\/www.europesays.com\/pl\/wp-json\/wp\/v2\/media?parent=151043"}],"wp:term":[{"taxonomy":"category","embeddable":true,"href":"https:\/\/www.europesays.com\/pl\/wp-json\/wp\/v2\/categories?post=151043"},{"taxonomy":"post_tag","embeddable":true,"href":"https:\/\/www.europesays.com\/pl\/wp-json\/wp\/v2\/tags?post=151043"}],"curies":[{"name":"wp","href":"https:\/\/api.w.org\/{rel}","templated":true}]}}