{"id":151046,"date":"2025-12-14T23:19:06","date_gmt":"2025-12-14T23:19:06","guid":{"rendered":"https:\/\/www.europesays.com\/pl\/151046\/"},"modified":"2025-12-14T23:19:06","modified_gmt":"2025-12-14T23:19:06","slug":"rywalki-zaskoczyly-joanna-wolosz-nie-obronila-tytulu-przeglad-sportowy-onet","status":"publish","type":"post","link":"https:\/\/www.europesays.com\/pl\/151046\/","title":{"rendered":"Rywalki zaskoczy\u0142y! Joanna Wo\u0142osz nie obroni\u0142a tytu\u0142u &#8211; Przegl\u0105d Sportowy Onet"},"content":{"rendered":"<ol>\n<li><a href=\"https:\/\/news.google.com\/rss\/articles\/CBMipgFBVV95cUxNdmUwczJibEEwZlNJaWVDUDlHNEdGN2FiSmRsTTFUdTRUcFN0V05hYUhQUjVwajdCQS05NUViM0ZFY3VySlF2MU92WlB5Yjc2MGxMdVIxUGpxYWRCNHdHT2tYZzhIUld4eDJkaUUzTTF0SXhITTlfX1RsazMzbGFsM0xidUQwa1JNRlRfMHdWSUZGRUV4TVhzZzN6dURyWm9YTWFabzN3?oc=5\" target=\"_blank\" rel=\"nofollow noopener\">Rywalki zaskoczy\u0142y! Joanna Wo\u0142osz nie obroni\u0142a tytu\u0142u<\/a>&nbsp;&nbsp;Przegl\u0105d Sportowy Onet<\/li>\n<li><a href=\"https:\/\/news.google.com\/rss\/articles\/CBMipwFBVV95cUxQbENBc24wWFZYWDN6Z3JnZW9WZVoxelFCTzl4M0ZYSndTclBfU3hKVHh0S3RCNWNoVW5XbVhMYVR6VnZPVEdPYmVra0JqbGlXNjdMV3lzSHp6dE5ZcVdtR1Itcy13aGl4VWlCcVBvOERMSGVtTmhDSm5rZFJnSG05UDhpcFhpZU1seGFtWHpDckdXbFBPUVNVNk1XX2V1a3dMUEFaeWFCNA?oc=5\" target=\"_blank\" rel=\"nofollow noopener\">Joanna Wo\u0142osz ze srebrem KM\u015a 2025, Maja Ognjenovi\u0107 z tytu\u0142em MVP<\/a>&nbsp;&nbsp;SportoweFakty<\/li>\n<li><a href=\"https:\/\/news.google.com\/rss\/articles\/CBMiswFBVV95cUxQcUdqcV9wMUlVQTVfZkhadVZEdnNraHJYZEpKcFEwRENiRE5CT2xHNjFjX2lCTjF4SXJ5ZHBsSEE2OXFIbVQtTnk2WS1pVllUNTBRb09wQTltTHEwNFhmeGlzY2x6QTRNRnY5TDFDNGdLc3QwUkROM1JrUWduMmhOclBtTzJBX0c2amR3VXpKZjNzbkljUWJKT2xSaWRsU29jcEc4Q0ppZTd4d3FWT3FpeWJ3RQ?oc=5\" target=\"_blank\" rel=\"nofollow noopener\">Polska siatkarka z kolejnym medalem M\u015a. \u015arubuje pi\u0119kny wynik, a to nie koniec<\/a>&nbsp;&nbsp;Sport w INTERIA.PL<\/li>\n<li><a href=\"https:\/\/news.google.com\/rss\/articles\/CBMiVkFVX3lxTE9PYWlVMzdCUUpYRmFZNUNqV2RudDJTSlFvSXQ2bWtvMTJBbDR3T2pDeEl0NldpTm1MUjRiUUxvOWdZMmxhc1cwczNYOW0tdHA3OGZCejBn?oc=5\" target=\"_blank\" rel=\"nofollow noopener\">KM\u015a: Savino Del Bene Scandicci ze z\u0142otym medalem<\/a>&nbsp;&nbsp;PZPS<\/li>\n<li><a href=\"https:\/\/news.google.com\/rss\/articles\/CBMihAFBVV95cUxPQUdoeDJOYl9LMmZERTJqUTBDN01oeEo0ZU95S1BZVFlqdGpEaklJNlNvSVhoSTlNeDNNY3A4ZUdiX1Q0WVk5YmJuYllvLXRCb1hpeVNiTTNQRmZMTmVyS3RpTjJEWjl6Mk9YT0JPUWgxY0JISno2aFlYYVptdUJnOWl2MjM?oc=5\" target=\"_blank\" rel=\"nofollow noopener\">Joanna Wo\u0142osz nie da\u0142a szans Kanarkom. Europejskie el clasico w finale<\/a>&nbsp;&nbsp;Strefa Siatk\u00f3wki<\/li>\n<\/ol>\n","protected":false},"excerpt":{"rendered":"Rywalki zaskoczy\u0142y! Joanna Wo\u0142osz nie obroni\u0142a tytu\u0142u&nbsp;&nbsp;Przegl\u0105d Sportowy Onet Joanna Wo\u0142osz ze srebrem KM\u015a 2025, Maja Ognjenovi\u0107 z&hellip;\n","protected":false},"author":2,"featured_media":151047,"comment_status":"","ping_status":"","sticky":false,"template":"","format":"standard","meta":{"footnotes":""},"categories":[24],"tags":[67,30466,30463,30465,30464,42,38,40,39,41,30467,136,28861,128,47,131,127,135,126],"class_list":{"0":"post-151046","1":"post","2":"type-post","3":"status-publish","4":"format-standard","5":"has-post-thumbnail","7":"category-sport","8":"tag-intextvideo_splayer","9":"tag-joanna_wolosz","10":"tag-klubowe_mistrzostwa_swiata","11":"tag-klubowe_mistrzostwa_swiata_siatkarek","12":"tag-klubowe_mistrzostwa_swiata_siatkowka","13":"tag-pl","14":"tag-poland","15":"tag-polish","16":"tag-polska","17":"tag-polski","18":"tag-prosecco_doc_a-_carraro_imoco_conegliano","19":"tag-ps_detal_new","20":"tag-ps_omp_tst0","21":"tag-psv2","22":"tag-screening_general","23":"tag-siatkowka","24":"tag-sport","25":"tag-sport_sport","26":"tag-sports"},"share_on_mastodon":{"url":"https:\/\/pubeurope.com\/@pl\/115720484421037600","error":""},"_links":{"self":[{"href":"https:\/\/www.europesays.com\/pl\/wp-json\/wp\/v2\/posts\/151046","targetHints":{"allow":["GET"]}}],"collection":[{"href":"https:\/\/www.europesays.com\/pl\/wp-json\/wp\/v2\/posts"}],"about":[{"href":"https:\/\/www.europesays.com\/pl\/wp-json\/wp\/v2\/types\/post"}],"author":[{"embeddable":true,"href":"https:\/\/www.europesays.com\/pl\/wp-json\/wp\/v2\/users\/2"}],"replies":[{"embeddable":true,"href":"https:\/\/www.europesays.com\/pl\/wp-json\/wp\/v2\/comments?post=151046"}],"version-history":[{"count":0,"href":"https:\/\/www.europesays.com\/pl\/wp-json\/wp\/v2\/posts\/151046\/revisions"}],"wp:featuredmedia":[{"embeddable":true,"href":"https:\/\/www.europesays.com\/pl\/wp-json\/wp\/v2\/media\/151047"}],"wp:attachment":[{"href":"https:\/\/www.europesays.com\/pl\/wp-json\/wp\/v2\/media?parent=151046"}],"wp:term":[{"taxonomy":"category","embeddable":true,"href":"https:\/\/www.europesays.com\/pl\/wp-json\/wp\/v2\/categories?post=151046"},{"taxonomy":"post_tag","embeddable":true,"href":"https:\/\/www.europesays.com\/pl\/wp-json\/wp\/v2\/tags?post=151046"}],"curies":[{"name":"wp","href":"https:\/\/api.w.org\/{rel}","templated":true}]}}