{"id":151048,"date":"2025-12-14T23:22:14","date_gmt":"2025-12-14T23:22:14","guid":{"rendered":"https:\/\/www.europesays.com\/pl\/151048\/"},"modified":"2025-12-14T23:22:14","modified_gmt":"2025-12-14T23:22:14","slug":"samsung-konczy-produkcje-dyskow-sata-kolejny-skok-cen-ssd-nadchodzi","status":"publish","type":"post","link":"https:\/\/www.europesays.com\/pl\/151048\/","title":{"rendered":"Samsung ko\u0144czy produkcj\u0119 dysk\u00f3w SATA. Kolejny skok cen SSD nadchodzi"},"content":{"rendered":"<p style=\"text-align:justify\">Samsung podobno przygotowuje si\u0119 do zako\u0144czenia produkcji dysk\u00f3w SSD SATA, a wed\u0142ug znanych leaker\u00f3w sprz\u0119towych mo\u017ce to mie\u0107 powa\u017cniejsze konsekwencje cenowe ni\u017c niedawna decyzja Microna o zako\u0144czeniu linii pami\u0119ci RAM Crucial. Wiele niezale\u017cnych \u017ar\u00f3de\u0142 z dystrybucji i handlu detalicznego potwierdza d\u0142ugoterminowe wycofanie si\u0119 Samsunga z tego segmentu.<\/p>\n<p style=\"text-align:justify\">Cho\u0107 dyski SATA mog\u0105 wydawa\u0107 si\u0119 przestarza\u0142e dla entuzjast\u00f3w, wci\u0105\u017c stanowi\u0105 istotn\u0105 cz\u0119\u015b\u0107 rynku detalicznego. Oko\u0142o 20 procent najlepiej sprzedaj\u0105cych si\u0119 dysk\u00f3w SSD na Amazonie to nadal modele SATA, a produkty Samsunga stanowi\u0105 zauwa\u017caln\u0105 cz\u0119\u015b\u0107 tej listy. Wycofanie takiej ilo\u015bci produkt\u00f3w z rynku mo\u017ce ograniczy\u0107 poda\u017c i podnie\u015b\u0107 ceny zar\u00f3wno dysk\u00f3w SATA, jak i NVMe.<\/p>\n<blockquote><p>&#13;<\/p>\n<p style=\"text-align:justify\">Cho\u0107 ceny dysk\u00f3w SSD mog\u0105 ostatecznie spa\u015b\u0107, era tanich dysk\u00f3w SATA prawdopodobnie ju\u017c nie wr\u00f3ci<\/p>\n<p>&#13;\n<\/p><\/blockquote>\n<p style=\"text-align:justify\">Kluczowa r\u00f3\u017cnica w por\u00f3wnaniu do sytuacji z Micronem polega na tym, \u017ce Samsung planuje ca\u0142kowicie zako\u0144czy\u0107 produkcj\u0119 dysk\u00f3w SATA po wype\u0142nieniu istniej\u0105cych kontrakt\u00f3w, zamiast dalej dostarcza\u0107 te same ko\u015bci NAND pod innymi markami konsumenckimi. To oznacza rzeczywiste zmniejszenie poda\u017cy, a nie tylko zmian\u0119 brandingu.<\/p>\n<p>Dyski SSD podro\u017cej\u0105 przez decyzj\u0119 Samsunga<\/p>\n<p style=\"text-align:justify\">Perspektywa trudniejszego dost\u0119pu do dysk\u00f3w SATA mo\u017ce wywo\u0142a\u0107 panik\u0119 zakupow\u0105 w\u015br\u00f3d firm i integrator\u00f3w system\u00f3w, kt\u00f3rzy nadal polegaj\u0105 na tym interfejsie. To z kolei mo\u017ce jeszcze bardziej podbi\u0107 ceny w kr\u00f3tkim terminie (<a href=\"https:\/\/ithardware.pl\/aktualnosci\/samsung_pamieci_ram_wzrost_cen_o_60_procent-46642.html\" target=\"_blank\" rel=\"nofollow noopener\">ceny RAM ju\u017c posz\u0142y w g\u00f3r\u0119<\/a>).<\/p>\n<p style=\"text-align:justify\">Veteran bran\u017cy pami\u0119ci, Dave Eggleston, przewidzia\u0142 niedawno, \u017ce dyski SSD NAND mog\u0105 by\u0107 nast\u0119pnym komponentem PC, kt\u00f3ry do\u015bwiadczy wzrostu cen. Prognozy bran\u017cowe sugeruj\u0105, \u017ce presja cenowa ust\u0105pi dopiero oko\u0142o 2027 roku, gdy producenci zn\u00f3w skupi\u0105 si\u0119 na sprz\u0119cie konsumenckim. Cho\u0107 ceny dysk\u00f3w SSD mog\u0105 ostatecznie spa\u015b\u0107, era tanich dysk\u00f3w SATA prawdopodobnie ju\u017c nie wr\u00f3ci &#8211; szczeg\u00f3lnie od Samsunga.<\/p>\n<p class=\"m-0\">Spodoba\u0142o Ci si\u0119? Podziel si\u0119 ze znajomymi!<\/p>\n","protected":false},"excerpt":{"rendered":"Samsung podobno przygotowuje si\u0119 do zako\u0144czenia produkcji dysk\u00f3w SSD SATA, a wed\u0142ug znanych leaker\u00f3w sprz\u0119towych mo\u017ce to mie\u0107&hellip;\n","protected":false},"author":2,"featured_media":151049,"comment_status":"","ping_status":"","sticky":false,"template":"","format":"standard","meta":{"footnotes":""},"categories":[16],"tags":[113,112,30468,42,38,40,39,41],"class_list":{"0":"post-151048","1":"post","2":"type-post","3":"status-publish","4":"format-standard","5":"has-post-thumbnail","7":"category-biznes","8":"tag-biznes","9":"tag-business","10":"tag-dyski-ssd","11":"tag-pl","12":"tag-poland","13":"tag-polish","14":"tag-polska","15":"tag-polski"},"share_on_mastodon":{"url":"https:\/\/pubeurope.com\/@pl\/115720496275247783","error":""},"_links":{"self":[{"href":"https:\/\/www.europesays.com\/pl\/wp-json\/wp\/v2\/posts\/151048","targetHints":{"allow":["GET"]}}],"collection":[{"href":"https:\/\/www.europesays.com\/pl\/wp-json\/wp\/v2\/posts"}],"about":[{"href":"https:\/\/www.europesays.com\/pl\/wp-json\/wp\/v2\/types\/post"}],"author":[{"embeddable":true,"href":"https:\/\/www.europesays.com\/pl\/wp-json\/wp\/v2\/users\/2"}],"replies":[{"embeddable":true,"href":"https:\/\/www.europesays.com\/pl\/wp-json\/wp\/v2\/comments?post=151048"}],"version-history":[{"count":0,"href":"https:\/\/www.europesays.com\/pl\/wp-json\/wp\/v2\/posts\/151048\/revisions"}],"wp:featuredmedia":[{"embeddable":true,"href":"https:\/\/www.europesays.com\/pl\/wp-json\/wp\/v2\/media\/151049"}],"wp:attachment":[{"href":"https:\/\/www.europesays.com\/pl\/wp-json\/wp\/v2\/media?parent=151048"}],"wp:term":[{"taxonomy":"category","embeddable":true,"href":"https:\/\/www.europesays.com\/pl\/wp-json\/wp\/v2\/categories?post=151048"},{"taxonomy":"post_tag","embeddable":true,"href":"https:\/\/www.europesays.com\/pl\/wp-json\/wp\/v2\/tags?post=151048"}],"curies":[{"name":"wp","href":"https:\/\/api.w.org\/{rel}","templated":true}]}}