{"id":151089,"date":"2025-12-15T00:11:11","date_gmt":"2025-12-15T00:11:11","guid":{"rendered":"https:\/\/www.europesays.com\/pl\/151089\/"},"modified":"2025-12-15T00:11:11","modified_gmt":"2025-12-15T00:11:11","slug":"leo-express-wbija-szpile-konkurencji","status":"publish","type":"post","link":"https:\/\/www.europesays.com\/pl\/151089\/","title":{"rendered":"Leo Express wbija szpil\u0119 konkurencji"},"content":{"rendered":"<p>W kontek\u015bcie zamieszania zwi\u0105zanego z nowym rozk\u0142adem jazdy i odwo\u0142anymi po\u0142\u0105czeniami jednego z prywatnych przewo\u017anik\u00f3w, Leo Express potwierdza wej\u015bcie na kluczow\u0105 tras\u0119 krajow\u0105 w Polsce. Czeski operator zapowiada, \u017ce od 1 marca 2026 roku zgodnie z planem uruchomi po\u0142\u0105czenia kolejowe mi\u0119dzy Krakowem a Warszaw\u0105, a w kolejnych latach zamierza dalej rozwija\u0107 ofert\u0119 na polskim rynku.<\/p>\n<blockquote>\n<p>Chcieliby\u015bmy uspokoi\u0107 pasa\u017cer\u00f3w oraz opini\u0119 publiczn\u0105 i poinformowa\u0107, \u017ce Leo Express zgodnie z planem uruchomi po\u0142\u0105czenia mi\u0119dzy Krakowem a Warszaw\u0105 od 1 marca 2026 roku \u2013 m\u00f3wi Emil Sedla\u0159\u00edk, rzecznik prasowy Leo Express.<\/p>\n<\/blockquote>\n<p>Niezawodno\u015b\u0107 jako element strategii<\/p>\n<p>W komunikacie sp\u00f3\u0142ki wyra\u017anie wybrzmiewa nacisk na stabilno\u015b\u0107 operacyjn\u0105 i jako\u015b\u0107 us\u0142ug, co w obecnej sytuacji rynkowej mo\u017ce by\u0107 odczytywane jako czytelny sygna\u0142 skierowany do konkurencji. Leo Express podkre\u015bla, \u017ce nale\u017cy do najbardziej niezawodnych przewo\u017anik\u00f3w w Europie \u015arodkowej, a standardy techniczne taboru maj\u0105 by\u0107 utrzymywane niezale\u017cnie od pory roku.<\/p>\n<blockquote>\n<p>U nas nie zdarzaj\u0105 si\u0119 sytuacje, w kt\u00f3rych nie dzia\u0142a ogrzewanie ani klimatyzacja. Zapewniamy na to ca\u0142oroczn\u0105 gwarancj\u0119, a w przeciwnym przypadku zwracamy pasa\u017cerom 100 procent ceny biletu \u2013 podkre\u015bla Sedla\u0159\u00edk.<\/p>\n<\/blockquote>\n<p>Premium z pocz\u0119stunkiem i tanie bilety<\/p>\n<p>Na trasie Krak\u00f3w\u2013Warszawa Leo Express planuje zaoferowa\u0107 pe\u0142ne spektrum klas podr\u00f3\u017cy.<\/p>\n<blockquote>\n<p>W zakresie komfortu podr\u00f3\u017cy zaoferujemy nasz\u0105 najlepsz\u0105 klas\u0119 Premium z pocz\u0119stunkiem w cenie oraz w pe\u0142ni regulowanymi fotelami. Jednocze\u015bnie dost\u0119pne b\u0119d\u0105 r\u00f3wnie\u017c najbardziej przyst\u0119pne cenowo bilety w klasie Economy ju\u017c od 9 z\u0142otych \u2013 podkre\u015bla rzecznik prasowy Leo Express.\u00a0<\/p>\n<\/blockquote>\n<p>Konsekwencja zamiast korekt<\/p>\n<p>Zapowiedzi Leo Express pojawiaj\u0105 si\u0119 w momencie, gdy rynek dalekobie\u017cnych przewoz\u00f3w kolejowych w Polsce mierzy si\u0119 z konkurencj\u0105, ale r\u00f3wnie\u017c z wyzwaniami organizacyjnymi i wizerunkowymi. W tym kontek\u015bcie czeski przewo\u017anik stawia na konsekwencj\u0119 w realizacji zapowiedzi oraz przewidywalno\u015b\u0107 oferty, kt\u00f3re maj\u0105 sta\u0107 si\u0119 jego g\u0142\u00f3wn\u0105 przewag\u0105 konkurencyjn\u0105.<\/p>\n<p>Codziennie do Pragi<\/p>\n<p>R\u00f3wnolegle do plan\u00f3w uruchomienia po\u0142\u0105cze\u0144 krajowych Leo Express konsekwentnie rozwija tak\u017ce ofert\u0119 mi\u0119dzynarodow\u0105. Od niedzieli, 14 grudnia 2025 roku przewo\u017anik uruchomi codzienne po\u0142\u0105czenie kolejowe mi\u0119dzy Krakowem a Prag\u0105. W weekendy oferta zostanie dodatkowo wzmocniona drug\u0105 par\u0105 kurs\u00f3w.<\/p>\n","protected":false},"excerpt":{"rendered":"W kontek\u015bcie zamieszania zwi\u0105zanego z nowym rozk\u0142adem jazdy i odwo\u0142anymi po\u0142\u0105czeniami jednego z prywatnych przewo\u017anik\u00f3w, Leo Express potwierdza&hellip;\n","protected":false},"author":2,"featured_media":151090,"comment_status":"","ping_status":"","sticky":false,"template":"","format":"standard","meta":{"footnotes":""},"categories":[16],"tags":[113,112,1304,12634,42,38,40,39,41,435],"class_list":{"0":"post-151089","1":"post","2":"type-post","3":"status-publish","4":"format-standard","5":"has-post-thumbnail","7":"category-biznes","8":"tag-biznes","9":"tag-business","10":"tag-krakow","11":"tag-leo-express","12":"tag-pl","13":"tag-poland","14":"tag-polish","15":"tag-polska","16":"tag-polski","17":"tag-warszawa"},"share_on_mastodon":{"url":"https:\/\/pubeurope.com\/@pl\/115720688953542798","error":""},"_links":{"self":[{"href":"https:\/\/www.europesays.com\/pl\/wp-json\/wp\/v2\/posts\/151089","targetHints":{"allow":["GET"]}}],"collection":[{"href":"https:\/\/www.europesays.com\/pl\/wp-json\/wp\/v2\/posts"}],"about":[{"href":"https:\/\/www.europesays.com\/pl\/wp-json\/wp\/v2\/types\/post"}],"author":[{"embeddable":true,"href":"https:\/\/www.europesays.com\/pl\/wp-json\/wp\/v2\/users\/2"}],"replies":[{"embeddable":true,"href":"https:\/\/www.europesays.com\/pl\/wp-json\/wp\/v2\/comments?post=151089"}],"version-history":[{"count":0,"href":"https:\/\/www.europesays.com\/pl\/wp-json\/wp\/v2\/posts\/151089\/revisions"}],"wp:featuredmedia":[{"embeddable":true,"href":"https:\/\/www.europesays.com\/pl\/wp-json\/wp\/v2\/media\/151090"}],"wp:attachment":[{"href":"https:\/\/www.europesays.com\/pl\/wp-json\/wp\/v2\/media?parent=151089"}],"wp:term":[{"taxonomy":"category","embeddable":true,"href":"https:\/\/www.europesays.com\/pl\/wp-json\/wp\/v2\/categories?post=151089"},{"taxonomy":"post_tag","embeddable":true,"href":"https:\/\/www.europesays.com\/pl\/wp-json\/wp\/v2\/tags?post=151089"}],"curies":[{"name":"wp","href":"https:\/\/api.w.org\/{rel}","templated":true}]}}