{"id":151095,"date":"2025-12-15T00:18:14","date_gmt":"2025-12-15T00:18:14","guid":{"rendered":"https:\/\/www.europesays.com\/pl\/151095\/"},"modified":"2025-12-15T00:18:14","modified_gmt":"2025-12-15T00:18:14","slug":"lidl-szykuje-sie-na-oblezenie-od-15-grudnia-znow-bedzie-cyrk-od-samego-rana","status":"publish","type":"post","link":"https:\/\/www.europesays.com\/pl\/151095\/","title":{"rendered":"Lidl szykuje si\u0119 na obl\u0119\u017cenie od 15 grudnia. &#8222;Zn\u00f3w b\u0119dzie cyrk od samego rana&#8221;"},"content":{"rendered":"<p>\t\t\t\t\tOd\u00a0poniedzia\u0142ku 15 grudnia do \u015brody 17 grudnia\u00a0(lub do wyczerpania zapas\u00f3w) Lidl\u00a0przygotowa\u0142 du\u017ce obni\u017cki na produkty najcz\u0119\u015bciej kupowane przed \u015bwi\u0119tami: mi\u0119so, nabia\u0142, mas\u0142o, cukier, olej, s\u0142odycze oraz cytrusy.<\/p>\n<ul>&#13;<\/p>\n<li>Kilkadziesi\u0105t produkt\u00f3w obj\u0119to zni\u017ckami od kilkudziesi\u0119ciu do nawet kilkudziesi\u0119ciu procent, a wi\u0119kszo\u015b\u0107 promocji dzia\u0142a w oparciu o aplikacj\u0119 Lidl Plus.<\/li>\n<p>&#13;<\/p>\n<li>Z punktu widzenia klient\u00f3w szczeg\u00f3lnie korzystne wydaj\u0105 si\u0119 oferty 1+1 gratis, 2+2 gratis czy obni\u017cki na du\u017ce opakowania produkt\u00f3w nabia\u0142owych i mi\u0119snych.<\/li>\n<p>&#13;<\/p>\n<li>W gazetce pojawiaj\u0105 si\u0119 r\u00f3wnie\u017c limity na poszczeg\u00f3lne produkty.<\/li>\n<p>&#13;<\/p>\n<li>Dodatkowo sklep informuje, \u017ce b\u0119dzie\u00a0otwarty w niedziel\u0119 21 grudnia, co ma u\u0142atwi\u0107 zakupy w gor\u0105cym okresie przed Bo\u017cym Narodzeniem.<\/li>\n<p>&#13;\n<\/ul>\n<p>        <a href=\"https:\/\/www.portalspozywczy.pl\/handel\/wiadomosci\/ukryte-promocje-biedronki-wlasnie-wyszly-na-jaw-czesc-obowiazuje-tylko-15-grudnia,283904.html\" class=\"read-more-box-img-cnt\" rel=\"nofollow noopener\" target=\"_blank\"><br \/>\n        \t                <img decoding=\"async\" loading=\"lazy\" src=\"https:\/\/www.europesays.com\/pl\/wp-content\/uploads\/2025\/12\/193119_r0_300.jpg\" alt=\"Ukryte promocje Biedronki w\u0142a\u015bnie wysz\u0142y na jaw. Cz\u0119\u015b\u0107 obowi\u0105zuje tylko 15 grudnia\" class=\"read-more-box-img\" width=\"150\" height=\"100\"\/><br \/>\n                    <\/a><\/p>\n<p>        <a href=\"https:\/\/www.portalspozywczy.pl\/handel\/wiadomosci\/lidl-znow-to-zrobil-900-zl-taniej-od-poniedzialku-15-grudnia,283905.html\" class=\"read-more-box-img-cnt\" rel=\"nofollow noopener\" target=\"_blank\"><br \/>\n        \t                <img decoding=\"async\" loading=\"lazy\" src=\"https:\/\/www.europesays.com\/pl\/wp-content\/uploads\/2025\/12\/193121_r0_300.jpg\" alt=\"Lidl zn\u00f3w to zrobi\u0142. 900 z\u0142 taniej od poniedzia\u0142ku 15 grudnia\" class=\"read-more-box-img\" width=\"150\" height=\"100\"\/><br \/>\n                    <\/a><\/p>\n<p>        <a href=\"https:\/\/www.portalspozywczy.pl\/technologie\/wiadomosci\/50-gr-i-masa-problemow-obeszlismy-sklepy-i-pokazujemy-co-naprawde-dziala-a-co-nie,283823.html\" class=\"read-more-box-img-cnt\" rel=\"nofollow noopener\" target=\"_blank\"><br \/>\n        \t                <img decoding=\"async\" loading=\"lazy\" src=\"https:\/\/www.europesays.com\/pl\/wp-content\/uploads\/2025\/12\/193027_r0_300.jpg\" alt=\"50 gr i masa problem\u00f3w. Obeszli\u015bmy sklepy i pokazujemy co naprawd\u0119 dzia\u0142a, a co nie\" class=\"read-more-box-img\" width=\"150\" height=\"100\"\/><br \/>\n                    <\/a><\/p>\n<p>Lidl szaleje od 15 grudnia<\/p>\n<p>Jednym z najmocniejszych akcent\u00f3w akcji jest promocja na cukier &#8211; produkt kluczowy w okresie wypiek\u00f3w. Po aktywacji kuponu Lidla Plus mo\u017cna skorzysta\u0107 z oferty\u00a05+5 gratis, zachowuj\u0105c cen\u0119\u00a02,69 z\u0142\u00a0za kilogram i limit\u00a010 darmowych opakowa\u0144. Podobnie dzia\u0142a promocja na olej rzepakowy Vita D\u2019or, kt\u00f3ry dost\u0119pny jest w formule\u00a01+1 gratis, a tak\u017ce na Nutell\u0119 350 g, r\u00f3wnie\u017c obj\u0119t\u0105 akcj\u0105 &#8222;jeden kupujesz, drugi dostajesz gratis&#8221;, przy limicie dw\u00f3ch darmowych sztuk.<\/p>\n<blockquote><p>&#13;<\/p>\n<p>Z okazji skorzystaj\u0105 te\u017c mi\u0142o\u015bnicy czekolad &#8211; du\u017ce tabliczki Milki (250\u2013300 g) mo\u017cna kupi\u0107 w promocji\u00a01+1 za grosz, a herbaty Lord Nelson dost\u0119pne s\u0105 z rabatem\u00a070 proc. na drugi, ta\u0144szy produkt.<\/p>\n<p>&#13;\n<\/p><\/blockquote>\n<p>Silne obni\u017cki dotycz\u0105 tak\u017ce nabia\u0142u i produkt\u00f3w potrzebnych do \u015bwi\u0105tecznego pieczenia.<\/p>\n<ul>&#13;<\/p>\n<li>Mas\u0142o z Polskiej Mleczarni (82%) mo\u017cna kupi\u0107 za\u00a02,99 z\u0142, je\u015bli do koszyka trafi\u0105 trzy sztuki \u2014 to a\u017c\u00a060 proc. taniej\u00a0od ceny regularnej, przy limicie trzech opakowa\u0144 na kupon.<\/li>\n<p>&#13;<\/p>\n<li>W promocji dost\u0119pny jest r\u00f3wnie\u017c ser Carski w plastrach, obj\u0119ty akcj\u0105\u00a02+2 gratis.<\/li>\n<p>&#13;<\/p>\n<li>Margaryna Kasia jest ta\u0144sza o\u00a064 proc.\u00a0przy zakupie czterech sztuk.<\/li>\n<p>&#13;<\/p>\n<li>Twar\u00f3g sernikowy 1 kg Pilos dost\u0119pny jest w formule\u00a01+1 gratis.<\/li>\n<p>&#13;<\/p>\n<li>W przypadku mleka UHT Pilos 3,2% zni\u017cka si\u0119ga\u00a062 proc., o ile klient kupi sze\u015b\u0107 opakowa\u0144 (1,49 z\u0142 za karton 1l).<\/li>\n<p>&#13;\n<\/ul>\n<p>Promocyjna ofensywa dotyczy r\u00f3wnie\u017c mi\u0119sa i produkt\u00f3w rybnych. Polski \u015bwie\u017cy karp w p\u0142acie ze sk\u00f3r\u0105\u00a0zosta\u0142 przeceniony o\u00a047 proc., do ceny\u00a02,89 z\u0142 za 100 g. Jeszcze wi\u0119ksza obni\u017cka czeka klient\u00f3w kupuj\u0105cych schab wieprzowy bez ko\u015bci z serii Rze\u017anik: kilogram kosztuje teraz\u00a07,99 z\u0142, czyli\u00a052 proc. mniej\u00a0od ceny regularnej. Promocja jest limitowana -mo\u017cna kupi\u0107 maksymalnie\u00a03 kg na kupon.<\/p>\n<p>        <a href=\"https:\/\/www.portalspozywczy.pl\/handel\/wiadomosci\/wygrali-z-wlascicielem-biedronki-sad-utrzymal-rekordowa-kare,283870.html\" class=\"read-more-box-img-cnt\" rel=\"nofollow noopener\" target=\"_blank\"><br \/>\n        \t                <img decoding=\"async\" loading=\"lazy\" src=\"https:\/\/www.europesays.com\/pl\/wp-content\/uploads\/2025\/12\/193086_r0_300.jpg\" alt=\"Wygrali z w\u0142a\u015bcicielem Biedronki. S\u0105d utrzyma\u0142 rekordow\u0105 kar\u0119\" class=\"read-more-box-img\" width=\"150\" height=\"100\"\/><br \/>\n                    <\/a><\/p>\n<p>Na to s\u0105 teraz promocje w Lidlu<\/p>\n<p>Bardzo atrakcyjnie prezentuje si\u0119 r\u00f3wnie\u017c oferta na cytrusy.\u00a0Pomara\u0144cze deserowe\u00a0w cenie promocyjnej\u00a02,99 z\u0142\/kg\u00a0s\u0105 ta\u0144sze o\u00a057 proc., natomiast\u00a0mandarynki\u00a0kosztuj\u0105 tyle samo, ale ich obni\u017cka si\u0119ga a\u017c\u00a070 proc.. W przypadku mandarynek obowi\u0105zuje limit\u00a02 kg\u00a0na kupon, a zni\u017cka, podobnie jak w wielu innych promocjach, wymaga aktywacji kuponu w aplikacji Lidl Plus.<\/p>\n","protected":false},"excerpt":{"rendered":"Od\u00a0poniedzia\u0142ku 15 grudnia do \u015brody 17 grudnia\u00a0(lub do wyczerpania zapas\u00f3w) Lidl\u00a0przygotowa\u0142 du\u017ce obni\u017cki na produkty najcz\u0119\u015bciej kupowane przed&hellip;\n","protected":false},"author":2,"featured_media":151096,"comment_status":"","ping_status":"","sticky":false,"template":"","format":"standard","meta":{"footnotes":""},"categories":[16],"tags":[664,16965,17285,17288,19751,19745,9986,113,112,19749,17283,9984,16963,19743,17286,42,38,40,39,41,19750,17284,9985,16964,19744,17287],"class_list":{"0":"post-151095","1":"post","2":"type-post","3":"status-publish","4":"format-standard","5":"has-post-thumbnail","7":"category-biznes","8":"tag-typedefinedterm","9":"tag-447-html","10":"tag-64778-html","11":"tag-65180-html","12":"tag-65218-html","13":"tag-68387-html","14":"tag-7193-html","15":"tag-biznes","16":"tag-business","17":"tag-nameceny-w-lidlu","18":"tag-namegazetka-lidla","19":"tag-namegazetki-reklamowe","20":"tag-namelidl","21":"tag-namelidl-plus","22":"tag-namepromocje-w-lidlu","23":"tag-pl","24":"tag-poland","25":"tag-polish","26":"tag-polska","27":"tag-polski","28":"tag-urlhttps-www-portalspozywczy-pl-tagi-ceny-w-lidlu","29":"tag-urlhttps-www-portalspozywczy-pl-tagi-gazetka-lidla","30":"tag-urlhttps-www-portalspozywczy-pl-tagi-gazetki-reklamowe","31":"tag-urlhttps-www-portalspozywczy-pl-tagi-lidl","32":"tag-urlhttps-www-portalspozywczy-pl-tagi-lidl-plus","33":"tag-urlhttps-www-portalspozywczy-pl-tagi-promocje-w-lidlu"},"share_on_mastodon":{"url":"","error":"Validation failed: Text character limit of 500 exceeded"},"_links":{"self":[{"href":"https:\/\/www.europesays.com\/pl\/wp-json\/wp\/v2\/posts\/151095","targetHints":{"allow":["GET"]}}],"collection":[{"href":"https:\/\/www.europesays.com\/pl\/wp-json\/wp\/v2\/posts"}],"about":[{"href":"https:\/\/www.europesays.com\/pl\/wp-json\/wp\/v2\/types\/post"}],"author":[{"embeddable":true,"href":"https:\/\/www.europesays.com\/pl\/wp-json\/wp\/v2\/users\/2"}],"replies":[{"embeddable":true,"href":"https:\/\/www.europesays.com\/pl\/wp-json\/wp\/v2\/comments?post=151095"}],"version-history":[{"count":0,"href":"https:\/\/www.europesays.com\/pl\/wp-json\/wp\/v2\/posts\/151095\/revisions"}],"wp:featuredmedia":[{"embeddable":true,"href":"https:\/\/www.europesays.com\/pl\/wp-json\/wp\/v2\/media\/151096"}],"wp:attachment":[{"href":"https:\/\/www.europesays.com\/pl\/wp-json\/wp\/v2\/media?parent=151095"}],"wp:term":[{"taxonomy":"category","embeddable":true,"href":"https:\/\/www.europesays.com\/pl\/wp-json\/wp\/v2\/categories?post=151095"},{"taxonomy":"post_tag","embeddable":true,"href":"https:\/\/www.europesays.com\/pl\/wp-json\/wp\/v2\/tags?post=151095"}],"curies":[{"name":"wp","href":"https:\/\/api.w.org\/{rel}","templated":true}]}}