{"id":151135,"date":"2025-12-15T00:54:09","date_gmt":"2025-12-15T00:54:09","guid":{"rendered":"https:\/\/www.europesays.com\/pl\/151135\/"},"modified":"2025-12-15T00:54:09","modified_gmt":"2025-12-15T00:54:09","slug":"dolna-bawaria-sluzby-udaremnily-planowany-zamach-na-jarmark-bozonarodzeniowy","status":"publish","type":"post","link":"https:\/\/www.europesays.com\/pl\/151135\/","title":{"rendered":"Dolna Bawaria: s\u0142u\u017cby udaremni\u0142y planowany zamach na jarmark bo\u017conarodzeniowy"},"content":{"rendered":"<p>Islamistyczne pod\u0142o\u017ce <\/p>\n<p class=\"Paragraph_desktopParagraph__U31Gm\">Wed\u0142ug informacji przekazanych przez organy \u015bcigania, zatrzymano 56-letniego Egipcjanina, 37-letniego Syryjczyka oraz trzech Maroka\u0144czyk\u00f3w w wieku 22, 28 i 30 lat. Egipcjanin, b\u0119d\u0105cy islamskim kaznodziej\u0105, mia\u0142 wed\u0142ug aktualnego stanu wiedzy w lokalnym meczecie nawo\u0142ywa\u0107 do &#8222;zabicia lub zranienia jak najwi\u0119kszej liczby os\u00f3b&#8221; przy u\u017cyciu pojazdu w okresie \u015bwi\u0105t Bo\u017cego Narodzenia. Wed\u0142ug tych informacji Maroka\u0144czycy byli gotowi przeprowadzi\u0107 zamach. Syryjczyk mia\u0142 wspiera\u0107 obu w ich zamiarach. \u015aledczy zak\u0142adaj\u0105, \u017ce motywem zbrodni by\u0142y pobudki islamistyczne.<\/p>\n<ul class=\"OchatFollowUps_wrapper__1ry7X\">\n<li class=\"OchatFollowUps_item__Dhyly OchatFollowUps_itemDesktop__R6aBv\">Gdzie planowano zamach?<\/li>\n<li class=\"OchatFollowUps_item__Dhyly OchatFollowUps_itemDesktop__R6aBv\">Ilu m\u0119\u017cczyzn zosta\u0142o zatrzymanych?<\/li>\n<li class=\"OchatFollowUps_item__Dhyly OchatFollowUps_itemDesktop__R6aBv\">Jakie narodowo\u015bci mieli zatrzymani?<\/li>\n<li class=\"OchatFollowUps_item__Dhyly OchatFollowUps_itemDesktop__R6aBv\">Kto prowadzi\u0142 \u015bledztwo w tej sprawie?<\/li>\n<\/ul>\n<p class=\"Paragraph_desktopParagraph__U31Gm\">Czterech podejrzanych przebywa obecnie w areszcie \u015bledczym, pi\u0105ty zosta\u0142 zatrzymany w ramach &#8222;aresztu prewencyjnego&#8221; na mocy postanowienia s\u0105du. Aresztowania, kt\u00f3re mia\u0142y miejsce ju\u017c w pi\u0105tek 12 grudnia, poprzedzi\u0142o intensywne \u015bledztwo. Prowadzi\u0142o je Bawarskie Centralne Biuro ds. Zwalczania Ekstremizmu i Terroryzmu. &#8222;\u017badna zagraniczna s\u0142u\u017cba wywiadowcza nie by\u0142a zaanga\u017cowana w t\u0119 spraw\u0119&#8221; \u2014 o\u015bwiadczy\u0142a prokuratura generalna i policja.<\/p>\n<p class=\"Paragraph_desktopParagraph__U31Gm\">Minister spraw wewn\u0119trznych Bawarii Joachim Herrmann pochwali\u0142 s\u0142u\u017cby bezpiecze\u0144stwa kraju zwi\u0105zkowego za &#8222;doskona\u0142\u0105 wsp\u00f3\u0142prac\u0119&#8221;. Jego zdaniem \u015bwiadczy to w imponuj\u0105cy spos\u00f3b o &#8222;dobrych zdolno\u015bciach reagowania i skuteczno\u015bci&#8221;. Okaza\u0142o si\u0119, \u017ce &#8222;jeste\u015bmy w stanie chroni\u0107 naszych obywateli!&#8221;. Teraz nale\u017cy wyja\u015bni\u0107 okoliczno\u015bci sprawy \u2014 doda\u0142 polityk z partii CSU.<\/p>\n<p>Czujne s\u0142u\u017cby bezpiecze\u0144stwa <\/p>\n<p class=\"Paragraph_desktopParagraph__U31Gm\">Jarmarki bo\u017conarodzeniowe w Niemczech od d\u0142u\u017cszego czasu s\u0105 przedmiotem szczeg\u00f3lnej uwagi s\u0142u\u017cb bezpiecze\u0144stwa, r\u00f3wnie\u017c ze wzgl\u0119du na wcze\u015bniejsze zamachy. W grudniu 2016 r. zradykalizowany islamista wjecha\u0142 ci\u0119\u017car\u00f3wk\u0105 w t\u0142um ludzi na berli\u0144skim Breitscheidplatz. W wyniku zamachu zgin\u0119\u0142o \u0142\u0105cznie 13 os\u00f3b.<\/p>\n<p class=\"Paragraph_desktopParagraph__U31Gm\">W grudniu ubieg\u0142ego roku kierowca samochodu celowo wjecha\u0142 w t\u0142um na jarmarku bo\u017conarodzeniowym w Magdeburgu, zabijaj\u0105c sze\u015b\u0107 os\u00f3b i rani\u0105c ponad 300 innych. Obecnie w S\u0105dzie Krajowym w Magdeburgu toczy si\u0119 proces przeciwko przyznaj\u0105cemu si\u0119 do winy sprawcy z Arabii Saudyjskiej, kt\u00f3ry mieszka w Niemczech od 2006 r.<\/p>\n<p class=\"Paragraph_desktopParagraph__U31Gm\">(DW\/jar)<\/p>\n","protected":false},"excerpt":{"rendered":"Islamistyczne pod\u0142o\u017ce Wed\u0142ug informacji przekazanych przez organy \u015bcigania, zatrzymano 56-letniego Egipcjanina, 37-letniego Syryjczyka oraz trzech Maroka\u0144czyk\u00f3w w wieku&hellip;\n","protected":false},"author":2,"featured_media":151136,"comment_status":"","ping_status":"","sticky":false,"template":"","format":"standard","meta":{"footnotes":""},"categories":[14],"tags":[32,33,311,27,6821,34,35,28,31,53,25,52,68,51,55,40,41,47,80,29,30,50,26,82,83,84],"class_list":{"0":"post-151135","1":"post","2":"type-post","3":"status-publish","4":"format-standard","5":"has-post-thumbnail","7":"category-swiat","8":"tag-breaking-news","9":"tag-breakingnews","10":"tag-deutsche_welle","11":"tag-headlines","12":"tag-job","13":"tag-latest-news","14":"tag-latestnews","15":"tag-naglowki","16":"tag-najwazniejsze-artykuly","17":"tag-new_header","18":"tag-news","19":"tag-onet3","20":"tag-onet3d","21":"tag-onet3d_2i","22":"tag-phx","23":"tag-polish","24":"tag-polski","25":"tag-screening_general","26":"tag-swiat","27":"tag-top-stories","28":"tag-topstories","29":"tag-v2021","30":"tag-wiadomosci","31":"tag-world","32":"tag-world-news","33":"tag-worldnews"},"share_on_mastodon":{"url":"https:\/\/pubeurope.com\/@pl\/115720858099459115","error":""},"_links":{"self":[{"href":"https:\/\/www.europesays.com\/pl\/wp-json\/wp\/v2\/posts\/151135","targetHints":{"allow":["GET"]}}],"collection":[{"href":"https:\/\/www.europesays.com\/pl\/wp-json\/wp\/v2\/posts"}],"about":[{"href":"https:\/\/www.europesays.com\/pl\/wp-json\/wp\/v2\/types\/post"}],"author":[{"embeddable":true,"href":"https:\/\/www.europesays.com\/pl\/wp-json\/wp\/v2\/users\/2"}],"replies":[{"embeddable":true,"href":"https:\/\/www.europesays.com\/pl\/wp-json\/wp\/v2\/comments?post=151135"}],"version-history":[{"count":0,"href":"https:\/\/www.europesays.com\/pl\/wp-json\/wp\/v2\/posts\/151135\/revisions"}],"wp:featuredmedia":[{"embeddable":true,"href":"https:\/\/www.europesays.com\/pl\/wp-json\/wp\/v2\/media\/151136"}],"wp:attachment":[{"href":"https:\/\/www.europesays.com\/pl\/wp-json\/wp\/v2\/media?parent=151135"}],"wp:term":[{"taxonomy":"category","embeddable":true,"href":"https:\/\/www.europesays.com\/pl\/wp-json\/wp\/v2\/categories?post=151135"},{"taxonomy":"post_tag","embeddable":true,"href":"https:\/\/www.europesays.com\/pl\/wp-json\/wp\/v2\/tags?post=151135"}],"curies":[{"name":"wp","href":"https:\/\/api.w.org\/{rel}","templated":true}]}}