{"id":151145,"date":"2025-12-15T01:01:09","date_gmt":"2025-12-15T01:01:09","guid":{"rendered":"https:\/\/www.europesays.com\/pl\/151145\/"},"modified":"2025-12-15T01:01:09","modified_gmt":"2025-12-15T01:01:09","slug":"opozycjonista-wspomina-bialoruskie-wiezienie-wskazuje-dlaczego-nie-byl-bity-onet","status":"publish","type":"post","link":"https:\/\/www.europesays.com\/pl\/151145\/","title":{"rendered":"Opozycjonista wspomina bia\u0142oruskie wi\u0119zienie. Wskazuje, dlaczego nie by\u0142 bity &#8211; Onet"},"content":{"rendered":"<ol>\n<li><a href=\"https:\/\/news.google.com\/rss\/articles\/CBMi2AFBVV95cUxONmhZSUZuZDE0MVhYRktmbUI5aEZVb1phbjFCcE1kOHo2NXZJZWZPLVFQRERzQWZWVEhQMzVySi1aVnMtUV9abkdjcGE2cFdmZFR2SlRBWFF6QjFVRThXbWZUeUpjNWZRZ081NWNnV05Wa3NRZFdvY0lCRzl1TmtpaGJjMC04QVB5cVhkeFN1WVR6dXBHTXJUWkZUbTgzOFh2TlhkSmVfc3dHM3BXcW9aei1kU2RGa2VDZVBlQVJkQ1k5V2hIOHdsMjJaTVNPcTFpUjRYTHRFc04?oc=5\" target=\"_blank\" rel=\"nofollow noopener\">Opozycjonista wspomina bia\u0142oruskie wi\u0119zienie. Wskazuje, dlaczego nie by\u0142 bity<\/a>&nbsp;&nbsp;Onet<\/li>\n<li><a href=\"https:\/\/news.google.com\/rss\/articles\/CBMipgFBVV95cUxOMmVFUmF4WDdYcVRiV0FXUGMxQ0lRQTNFMmt0VFBMUzhGTy1ZMlRiNlBqRXoyVDlSVlNFWWdjNTZEdUdBV0U1TkM4MDA0dF9CZmxNcG1LZElGVURoZmUtdWdoVm5wTjdKY1pueThhWFJCd0FFZW5IUnBET1hRdDNfRlYwSGJCWFEtWHhuVjRkdFZNajhuZV9ZRG41UjY5NGdDUklmWWdn?oc=5\" target=\"_blank\" rel=\"nofollow noopener\">USA zdecydowa\u0142y: zniesienie sankcji. Ekspert t\u0142umaczy, co to oznacza<\/a>&nbsp;&nbsp;Money.pl<\/li>\n<li><a href=\"https:\/\/news.google.com\/rss\/articles\/CBMiQ0FVX3lxTE1nVmZhX0dUa3M2d0tyWEpzSExHYkFKS0JuZDUzOXJtM09jdE9aWl9kVTVlY0M0dXl4cy16WEsyRTg3X2c?oc=5\" target=\"_blank\" rel=\"nofollow noopener\">Ale\u015b Bialacki: Pokojowa Nagroda Nobla chroni\u0142a mnie przed biciem<\/a>&nbsp;&nbsp;Stooq<\/li>\n<li><a href=\"https:\/\/news.google.com\/rss\/articles\/CBMiugFBVV95cUxQQkV3bmw0M1F1NmhsamRaVnBTdWJnY0pmRm9HX2ZoMC1LWnBaaDExY3JQMWdwS3RITHRHdXp3Mk8wQnl1S0ZOS1lwanh6dV9zOGFEdk5aZzhoV2RxQmVZa0JXT1l4S0N3bjhhbVVpWGpQdlpjZ2poc09fYkZWWktOSVF3b0MwbWFXbFcwM3hmX0c3RE1WcnhNaFZzRmRuZDhfcUl6VTgzUWhZaUhVb2hNcXlSbmd3WmZyUmc?oc=5\" target=\"_blank\" rel=\"nofollow noopener\">Wyja\u015bniaj\u0105 &#8222;nieoczekiwany ruch&#8221; Bia\u0142orusi. Zaskoczeni nawet Ukrai\u0144cy. Ze\u0142enski odpowiada<\/a>&nbsp;&nbsp;Wydarzenia w INTERIA.PL<\/li>\n<li><a href=\"https:\/\/news.google.com\/rss\/articles\/CBMiuwFBVV95cUxQUkxDc1lXa1lPWTZYQkNVUzdCUkx3MmJfeWFFT2VCREVIcWs0Uk54ZWtUMU9QNDFYUUdlelZaY0FkUUMza0t2Q2RrR1AyQXdOMl9QY181bUFsbXVISDdySFk0MEdZVXVLM1ZtMlY4cVNGMEJaUW9BSW9vbHZKT1N3T0hDQUhCTjd6dlpVaDRERkpUZ2dUM18wVXRZQURNRjZ2ME44Q3R5eS1JaG5OYTRLc3kzdFBfUTJCRFlR?oc=5\" target=\"_blank\" rel=\"nofollow noopener\">To on prowadzi tajne rozmowy z \u0141ukaszenk\u0105 w imieniu Trumpa. Kim jest John Coale<\/a>&nbsp;&nbsp;Onet Wiadomo\u015bci<\/li>\n<\/ol>\n","protected":false},"excerpt":{"rendered":"Opozycjonista wspomina bia\u0142oruskie wi\u0119zienie. Wskazuje, dlaczego nie by\u0142 bity&nbsp;&nbsp;Onet USA zdecydowa\u0142y: zniesienie sankcji. Ekspert t\u0142umaczy, co to oznacza&nbsp;&nbsp;Money.pl&hellip;\n","protected":false},"author":2,"featured_media":151146,"comment_status":"","ping_status":"","sticky":false,"template":"","format":"standard","meta":{"footnotes":""},"categories":[14],"tags":[29945,864,32,33,27,34,35,715,28,31,53,25,52,68,51,55,40,41,47,80,29,30,65,50,26,9498,82,83,84],"class_list":{"0":"post-151145","1":"post","2":"type-post","3":"status-publish","4":"format-standard","5":"has-post-thumbnail","7":"category-swiat","8":"tag-ales_bialacki","9":"tag-bialorus_bialorusin_bialorusinka_bialorusini","10":"tag-breaking-news","11":"tag-breakingnews","12":"tag-headlines","13":"tag-latest-news","14":"tag-latestnews","15":"tag-litwa_kraj","16":"tag-naglowki","17":"tag-najwazniejsze-artykuly","18":"tag-new_header","19":"tag-news","20":"tag-onet3","21":"tag-onet3d","22":"tag-onet3d_2i","23":"tag-phx","24":"tag-polish","25":"tag-polski","26":"tag-screening_general","27":"tag-swiat","28":"tag-top-stories","29":"tag-topstories","30":"tag-update_me","31":"tag-v2021","32":"tag-wiadomosci","33":"tag-wilno","34":"tag-world","35":"tag-world-news","36":"tag-worldnews"},"share_on_mastodon":{"url":"https:\/\/pubeurope.com\/@pl\/115720885617442879","error":""},"_links":{"self":[{"href":"https:\/\/www.europesays.com\/pl\/wp-json\/wp\/v2\/posts\/151145","targetHints":{"allow":["GET"]}}],"collection":[{"href":"https:\/\/www.europesays.com\/pl\/wp-json\/wp\/v2\/posts"}],"about":[{"href":"https:\/\/www.europesays.com\/pl\/wp-json\/wp\/v2\/types\/post"}],"author":[{"embeddable":true,"href":"https:\/\/www.europesays.com\/pl\/wp-json\/wp\/v2\/users\/2"}],"replies":[{"embeddable":true,"href":"https:\/\/www.europesays.com\/pl\/wp-json\/wp\/v2\/comments?post=151145"}],"version-history":[{"count":0,"href":"https:\/\/www.europesays.com\/pl\/wp-json\/wp\/v2\/posts\/151145\/revisions"}],"wp:featuredmedia":[{"embeddable":true,"href":"https:\/\/www.europesays.com\/pl\/wp-json\/wp\/v2\/media\/151146"}],"wp:attachment":[{"href":"https:\/\/www.europesays.com\/pl\/wp-json\/wp\/v2\/media?parent=151145"}],"wp:term":[{"taxonomy":"category","embeddable":true,"href":"https:\/\/www.europesays.com\/pl\/wp-json\/wp\/v2\/categories?post=151145"},{"taxonomy":"post_tag","embeddable":true,"href":"https:\/\/www.europesays.com\/pl\/wp-json\/wp\/v2\/tags?post=151145"}],"curies":[{"name":"wp","href":"https:\/\/api.w.org\/{rel}","templated":true}]}}