{"id":151151,"date":"2025-12-15T01:04:11","date_gmt":"2025-12-15T01:04:11","guid":{"rendered":"https:\/\/www.europesays.com\/pl\/151151\/"},"modified":"2025-12-15T01:04:11","modified_gmt":"2025-12-15T01:04:11","slug":"byl-w-cieniu-gwiazd-wlokniarza-bez-niego-nie-byloby-pieciu-medali","status":"publish","type":"post","link":"https:\/\/www.europesays.com\/pl\/151151\/","title":{"rendered":"By\u0142 w cieniu gwiazd W\u0142\u00f3kniarza. Bez niego nie by\u0142oby pi\u0119ciu medali"},"content":{"rendered":"\n<p class=\"contentpart contentpart--default contentpart--text\" data-position=\"0\"><a href=\"https:\/\/sportowefakty.wp.pl\/zuzel\/czeslaw-goszczynski\" rel=\"nofollow noopener\" target=\"_blank\">Czes\u0142aw Goszczy\u0144ski<\/a>\u00a0urodzi\u0142 si\u0119 27 lutego 1946 roku. Licencj\u0119 \u017cu\u017clow\u0105 kategorii &#8222;\u017b&#8221; uzyska\u0142 w 1970 roku, a ju\u017c w nast\u0119pnym sezonie zadebiutowa\u0142 w rozgrywkach ligowych, reprezentuj\u0105c barwy W\u0142\u00f3kniarza Cz\u0119stochowa. W klubie z Lwem na plastronie startowa\u0142 nieprzerwanie do 1980 roku, si\u0119gaj\u0105c w tym okresie po pi\u0119\u0107 medali Dru\u017cynowych Mistrzostw Polski, w tym z\u0142oty w 1974 roku.<\/p>\n<p class=\"contentpart contentpart--default contentpart--text\" data-position=\"1\">Dwukrotnie wyst\u0105pi\u0142 w fina\u0142ach M\u0142odzie\u017cowych Indywidualnych Mistrzostw Polski oraz Srebrnego Kasku, a tak\u017ce raz awansowa\u0142 do fina\u0142u Z\u0142otego Kasku. By\u0142 r\u00f3wnie\u017c reprezentantem Polski na arenie mi\u0119dzynarodowej. Jego najwi\u0119kszym osi\u0105gni\u0119ciem okaza\u0142 si\u0119 srebrny medal Mistrzostw Polski Par Klubowych, zdobyty w 1977 roku wsp\u00f3lnie z Andrzejem Jurczy\u0144skim.<\/p>\n<p> <img role=\"presentation\" src=\"https:\/\/std.wpcdn.pl\/images\/adv\/placeholder_wp.svg\" loading=\"lazy\" alt=\"\" decoding=\"async\"\/>  <\/p>\n<p class=\"contentpart contentpart--default contentpart--text\" data-position=\"2\">ZOBACZ WIDEO: Chomski t\u0142umaczy brak Palucha i Janowskiego w kadrze<\/p>\n<p class=\"contentpart contentpart--default contentpart--text\" data-position=\"4\">Sezon ten by\u0142 dla Goszczy\u0144skiego wyj\u0105tkowo udany &#8211; w lidze wywalczy\u0142 a\u017c 151 punkt\u00f3w, co prze\u0142o\u017cy\u0142o si\u0119 na \u015bredni\u0105 biegopunktow\u0105 2,04 i drugie miejsce w klasyfikacji dru\u017cynowej W\u0142\u00f3kniarza. W trakcie kariery dwukrotnie stawa\u0142 tak\u017ce na podium Memoria\u0142u im. Bronis\u0142awa Idzikowskiego i Marka Czernego.<\/p>\n<p class=\"contentpart contentpart--default contentpart--text\" data-position=\"5\">Po zako\u0144czeniu kariery sportowej Czes\u0142aw Goszczy\u0144ski wyjecha\u0142 do Stan\u00f3w Zjednoczonych, jednak po kilku latach wr\u00f3ci\u0142 do kraju. Przez d\u0142ugi czas stroni\u0142 jednak od stadionu W\u0142\u00f3kniarza w Cz\u0119stochowie. Dopiero za namow\u0105 c\u00f3rki Ewy, na pocz\u0105tku XXI wieku, ponownie zwi\u0105za\u0142 si\u0119 z \u017cu\u017clem, wst\u0119puj\u0105c do Speedway Fan Clubu Cz\u0119stochowa, z kt\u00f3rym je\u017adzi\u0142 na mecze wyjazdowe swojej by\u0142ej dru\u017cyny.<\/p>\n<p class=\"contentpart contentpart--default contentpart--text\" data-position=\"6\">W 2008 roku wszed\u0142 w sk\u0142ad zarz\u0105du U\u015aKS Speedway, a rok p\u00f3\u017aniej zosta\u0142 cz\u0142onkiem komisji rewizyjnej stowarzyszenia CKM W\u0142\u00f3kniarz. Od marca 2009 roku prowadzi\u0142 r\u00f3wnie\u017c treningi m\u0142odych adept\u00f3w mini\u017cu\u017cla w Cz\u0119stochowie. W ostatnich latach regularnie pojawia\u0142 si\u0119 na stadionie W\u0142\u00f3kniarza, cz\u0119sto sp\u0119dzaj\u0105c czas w klubowej kawiarni, gdzie godzinami dyskutowa\u0142 z przyjaci\u00f3\u0142mi o \u017cu\u017clu.<\/p>\n<p> <img role=\"presentation\" src=\"https:\/\/std.wpcdn.pl\/images\/adv\/placeholder_wp.svg\" loading=\"lazy\" alt=\"\" decoding=\"async\"\/>  <\/p>\n<p class=\"contentpart contentpart--default contentpart--text\" data-position=\"7\">Pod koniec 2009 roku stan zdrowia Goszczy\u0144skiego nagle si\u0119 pogorszy\u0142. Na pocz\u0105tku grudnia trafi\u0142 do szpitala, jednak mimo du\u017cej woli walki nie zdo\u0142a\u0142 pokona\u0107 ci\u0119\u017ckiej choroby. Zmar\u0142 16 grudnia 2009 roku, maj\u0105c 63 lata.<\/p>\n<p class=\"contentpart contentpart--default contentpart--text\" data-position=\"8\">Jego odej\u015bcie by\u0142o ogromnym ciosem dla \u017cu\u017clowego \u015brodowiska w Cz\u0119stochowie. Goszczy\u0144ski zapisa\u0142 si\u0119 w historii jako jeden z czo\u0142owych zawodnik\u00f3w W\u0142\u00f3kniarza w latach 70., a tak\u017ce jako osoba silnie zaanga\u017cowana w \u017cycie klubu po zako\u0144czeniu kariery sportowej.<\/p>\n<p class=\"contentpart contentpart--default contentpart--text\" data-position=\"9\">Pogrzeb Czes\u0142awa Goszczy\u0144skiego odby\u0142 si\u0119 19 grudnia 2009 roku. W ostatniej drodze towarzyszyli mu nie tylko najbli\u017csi, lecz tak\u017ce byli i obecni zawodnicy W\u0142\u00f3kniarza, dzia\u0142acze, kibice oraz m\u0142odzi adepci mini\u017cu\u017cla, kt\u00f3rych trenowa\u0142.<\/p>\n<p class=\"contentpart contentpart--default contentpart--text\" data-position=\"10\">Podczas nabo\u017ce\u0144stwa Andrzej Jurczy\u0144ski, wieloletni przyjaciel Goszczy\u0144skiego, ustawi\u0142 przy urnie puchar za drugie miejsce w Turnieju Wielkanocnym w niemieckim Pocking, zdobyty w 1977 roku, symbolicznie \u017cegnaj\u0105c w ten spos\u00f3b swojego koleg\u0119.<\/p>\n<p> <img role=\"presentation\" src=\"https:\/\/std.wpcdn.pl\/images\/adv\/placeholder_wp.svg\" loading=\"lazy\" alt=\"\" decoding=\"async\"\/>  <\/p>\n<p class=\"contentpart contentpart--default contentpart--text\" data-position=\"11\">Ho\u0142d zmar\u0142emu odda\u0142o r\u00f3wnie\u017c wielu przedstawicieli \u015brodowiska \u017cu\u017clowego. M\u0142odzi zawodnicy pojawili si\u0119 na pogrzebie w plastronach, kibice z\u0142o\u017cyli na grobie szalik W\u0142\u00f3kniarza, a dzia\u0142acze po raz ostatni uruchomili motocykl \u017cu\u017clowy, oddaj\u0105c w ten spos\u00f3b cze\u015b\u0107 Czes\u0142awowi Goszczy\u0144skiemu.<\/p>\n","protected":false},"excerpt":{"rendered":"Czes\u0142aw Goszczy\u0144ski\u00a0urodzi\u0142 si\u0119 27 lutego 1946 roku. Licencj\u0119 \u017cu\u017clow\u0105 kategorii &#8222;\u017b&#8221; uzyska\u0142 w 1970 roku, a ju\u017c w&hellip;\n","protected":false},"author":2,"featured_media":151152,"comment_status":"","ping_status":"","sticky":false,"template":"","format":"standard","meta":{"footnotes":""},"categories":[24],"tags":[30476,19432,42,38,40,39,41,127,126,174],"class_list":{"0":"post-151151","1":"post","2":"type-post","3":"status-publish","4":"format-standard","5":"has-post-thumbnail","7":"category-sport","8":"tag-czeslaw-goszczynski","9":"tag-historia-zuzla","10":"tag-pl","11":"tag-poland","12":"tag-polish","13":"tag-polska","14":"tag-polski","15":"tag-sport","16":"tag-sports","17":"tag-zuzel"},"share_on_mastodon":{"url":"https:\/\/pubeurope.com\/@pl\/115720897785973047","error":""},"_links":{"self":[{"href":"https:\/\/www.europesays.com\/pl\/wp-json\/wp\/v2\/posts\/151151","targetHints":{"allow":["GET"]}}],"collection":[{"href":"https:\/\/www.europesays.com\/pl\/wp-json\/wp\/v2\/posts"}],"about":[{"href":"https:\/\/www.europesays.com\/pl\/wp-json\/wp\/v2\/types\/post"}],"author":[{"embeddable":true,"href":"https:\/\/www.europesays.com\/pl\/wp-json\/wp\/v2\/users\/2"}],"replies":[{"embeddable":true,"href":"https:\/\/www.europesays.com\/pl\/wp-json\/wp\/v2\/comments?post=151151"}],"version-history":[{"count":0,"href":"https:\/\/www.europesays.com\/pl\/wp-json\/wp\/v2\/posts\/151151\/revisions"}],"wp:featuredmedia":[{"embeddable":true,"href":"https:\/\/www.europesays.com\/pl\/wp-json\/wp\/v2\/media\/151152"}],"wp:attachment":[{"href":"https:\/\/www.europesays.com\/pl\/wp-json\/wp\/v2\/media?parent=151151"}],"wp:term":[{"taxonomy":"category","embeddable":true,"href":"https:\/\/www.europesays.com\/pl\/wp-json\/wp\/v2\/categories?post=151151"},{"taxonomy":"post_tag","embeddable":true,"href":"https:\/\/www.europesays.com\/pl\/wp-json\/wp\/v2\/tags?post=151151"}],"curies":[{"name":"wp","href":"https:\/\/api.w.org\/{rel}","templated":true}]}}