{"id":151153,"date":"2025-12-15T01:05:14","date_gmt":"2025-12-15T01:05:14","guid":{"rendered":"https:\/\/www.europesays.com\/pl\/151153\/"},"modified":"2025-12-15T01:05:14","modified_gmt":"2025-12-15T01:05:14","slug":"tam-krecili-odcinki-do-rancza-soltys-jeruzala-mowi-wprost-jest-mi-ciezko","status":"publish","type":"post","link":"https:\/\/www.europesays.com\/pl\/151153\/","title":{"rendered":"Tam kr\u0119cili odcinki do &#8222;Rancza&#8221;. So\u0142tys Jeruzala m\u00f3wi wprost: jest mi ci\u0119\u017cko"},"content":{"rendered":"<p class=\"ods-c-paragraph \">Od niedawna fani &#8222;<a href=\"https:\/\/plejada.pl\/temat\/ranczo-serial\/rf950fk\" id=\"5400ae88-af6f-4797-917d-de94834058e6\" rel=\"nofollow noopener\" target=\"_blank\">Rancza<\/a>&#8221; \u015bwi\u0119tuj\u0105, poniewa\u017c pewne jest, \u017ce zobaczymy nowe odcinki serialu. Producent Maciej Strzembosz wraz z prezesem TVP Tomaszem Sygutem potwierdzili kilka dni temu, \u017ce doczekamy si\u0119 kontynuacji hitu. Re\u017cyser <a href=\"https:\/\/plejada.pl\/newsy\/wojciech-adamczyk-o-nowych-odcinkach-rancza-nie-sadze-zeby-ktos-odmowil\/1sqd21d\" id=\"44997561-88df-4118-9147-1e6173ec4ef1\" rel=\"nofollow noopener\" target=\"_blank\">Wojciech Adamczyk w rozmowie z Plejad\u0105<\/a> ujawni\u0142 szczeg\u00f3\u0142y przygotowa\u0144. <\/p>\n<blockquote class=\"ods-o-quota\">\n<p class=\"ods-o-quota__paragraph\">To tajemnica negocjacyjna naszego fantastycznego producenta, Macieja Strzembosza. Kilka dni temu zadzwoni\u0142 do mnie po wyj\u015bciu z gmachu Telewizji Polskiej i powiedzia\u0142: &#8222;robimy Ranczo&#8221;. Uda\u0142o mu si\u0119 to i chwa\u0142a mu za to. Od tego momentu zaczynamy rozkr\u0119ca\u0107 przygotowania. Sprawdzamy terminy, a zaraz po nowym roku wszystko ruszy: ca\u0142y okres przygotowawczy. Kiedy b\u0119d\u0105 zdj\u0119cia? Prawdopodobnie wtedy, kiedy b\u0119dzie cieplej. Obstawia\u0142bym czerwiec, lipiec, sierpie\u0144<\/p>\n<\/blockquote>\n<p class=\"ods-c-paragraph \">\u2013 m\u00f3wi nam re\u017cyser.<\/p>\n<p>Dalszy ci\u0105g artyku\u0142u pod materia\u0142em wideo<\/p>\n<p> Kiedy maj\u0105 si\u0119 rozpocz\u0105\u0107 zdj\u0119cia do nowych odcink\u00f3w Rancza? <\/p>\n<p> Jakie trudno\u015bci napotykaj\u0105 mieszka\u0144cy Jeruzala podczas nagra\u0144? <\/p>\n<p> Co s\u0105dz\u0105 mieszka\u0144cy Jeruzala o powrocie Rancza? <\/p>\n<p> Ile odcink\u00f3w ma mie\u0107 nowa seria Rancza? <\/p>\n<p>  Tam kr\u0119cili odcinki do &#8222;Rancza&#8221;. So\u0142tys Jeruzala m\u00f3wi wprost: jest mi ci\u0119\u017cko<\/p>\n<p class=\"ods-c-paragraph \">Wie\u015b\u0107 o powrocie serialu nie umkn\u0119\u0142a rzecz jasna mieszka\u0144com Jeruzala, kt\u00f3ry w produkcji TVP imituje s\u0142ynne Wilkowyje. Dorota Muracka, so\u0142tys wsi, kt\u00f3ra podczas zlot\u00f3w fan\u00f3w serialu przyci\u0105ga tysi\u0105ce os\u00f3b, zdradzi\u0142a swoje odczucia na temat kr\u0119cenia nowych odcink\u00f3w serii. <\/p>\n<blockquote class=\"ods-o-quota\">\n<p class=\"ods-o-quota__paragraph\">Dla nas to Jeruzal, dla wszystkich Wilkowyje. Mi z sukcesem &#8222;Rancza&#8221; bywa ci\u0119\u017cko, ale jako so\u0142tys Jeruzala ciesz\u0119 si\u0119, \u017ce jest pomys\u0142 na kolejne odcinki serialu<\/p>\n<\/blockquote>\n<p class=\"ods-c-paragraph \">\u2014 t\u0142umaczy w rozmowie z o2.pl.<\/p>\n<p><img decoding=\"async\" src=\"https:\/\/www.europesays.com\/pl\/wp-content\/uploads\/2025\/12\/UJhk9lCaHR0cHM6Ly9vY2RuLmV1L3B1bHNjbXMvTURBXy83YmNkZjgzMDcwNDY4MzRhY2RmYWJhZTA3YjRhZTVhYy5qcGVnkpUDA.jpeg\" height=\"529\" width=\"940\" alt=\"Zlot fan\u00f3w &quot;Rancza&quot; w Jeruzalu (2025)\" loading=\"lazy\" class=\"ods-c-image__img ods-c-image__img--viewport-width\"\/><\/p>\n<p>Zlot fan\u00f3w &#8222;Rancza&#8221; w Jeruzalu (2025)\u017br\u00f3d\u0142o: Plejada \/ Karol Lewandowski<\/p>\n<p class=\"ods-c-paragraph \">Nie brakowa\u0142o te\u017c trudnych wspomnie\u0144: <\/p>\n<blockquote class=\"ods-o-quota\">\n<p class=\"ods-o-quota__paragraph\">Z jednej strony by\u0142o fajnie, bo przyje\u017cd\u017cali aktorzy, jakie\u015b gwiazdy. Z drugiej strony by\u0142y mega utrudnienia podczas nagra\u0144 \u2014 brak przejazdu. W Jeruzalu jest pi\u0119\u0107 uliczek wyjazdowych w r\u00f3\u017cne inne miejscowo\u015bci, gdzie mo\u017cna dalej dojecha\u0107. Przejazd by\u0142 strasznie utrudniony. Trzeba by\u0142o czeka\u0107 20, a nawet 30 minut, poniewa\u017c trwa\u0142y zdj\u0119cia do &#8222;Rancza&#8221;<\/p>\n<\/blockquote>\n<p class=\"ods-c-paragraph \">\u2013 dodaje Dorota Muracka.<\/p>\n<p><img decoding=\"async\" src=\"https:\/\/www.europesays.com\/pl\/wp-content\/uploads\/2025\/12\/7Ykk9lCaHR0cHM6Ly9vY2RuLmV1L3B1bHNjbXMvTURBXy9lOTVkMzdhZWRhNzkxNDYzMzY5ZTBkNzU0NTMxYzkxYi5qcGVnkZUCz.jpeg\" height=\"529\" width=\"940\" alt=\"Zlot fan\u00f3w &quot;Rancza&quot; w Jeruzalu\" loading=\"lazy\" class=\"ods-c-image__img ods-c-image__img--viewport-width\"\/><\/p>\n<p>Zlot fan\u00f3w &#8222;Rancza&#8221; w Jeruzalu\u017br\u00f3d\u0142o: Plejada \/ Karol Lewandowski<\/p>\n<p class=\"ods-c-paragraph \">Sukces produkcji wi\u0105za\u0142 si\u0119 r\u00f3wnie\u017c z ogromnym zainteresowaniem turyst\u00f3w:<\/p>\n<blockquote class=\"ods-o-quota\">\n<p class=\"ods-o-quota__paragraph\">Mi z tym sukcesem czasami jest ci\u0119\u017cko, bo dostaj\u0119 telefony od r\u00f3\u017cnych biur wycieczkowych, chc\u0105 si\u0119 ze mn\u0105 spotka\u0107, porozmawia\u0107. No teraz w og\u00f3le od wakacji wydzwaniaj\u0105 z Telewizji Polskiej, ale te\u017c fani. Przer\u00f3\u017cne rzeczy si\u0119 dziej\u0105. Padaj\u0105 r\u00f3\u017cne pomys\u0142y. Du\u017co jest takich spraw organizacyjnych<\/p>\n<\/blockquote>\n<p class=\"ods-c-paragraph \"> \u2013 m\u00f3wi so\u0142tys.<\/p>\n<p><img decoding=\"async\" src=\"https:\/\/www.europesays.com\/pl\/wp-content\/uploads\/2025\/12\/3uyk9lBaHR0cHM6Ly9vY2RuLmV1L3B1bHNjbXMvTURBXy9jODJjNDkwMzUxYmEzNjQyNzA3NjNhZjI5MzFmOTQ0Ni5qcGeRlQLNB.jpeg\" height=\"626\" width=\"940\" alt=\"Piotr Pr\u0119gowski, Bogdan Kalus, Sylwester Maciejewski i Franciszek Pieczka w serialu &quot;Ranczo&quot;\" loading=\"lazy\" class=\"ods-c-image__img ods-c-image__img--viewport-width\"\/><\/p>\n<p>Piotr Pr\u0119gowski, Bogdan Kalus, Sylwester Maciejewski i Franciszek Pieczka w serialu &#8222;Ranczo&#8221;Krzysztof Wellman \/ PAP<\/p>\n<p> Rz\u0105dzi fikcyjnymi Wilkowyjami i wyznaje: jedni narzekaj\u0105, \u017ce &#8222;zn\u00f3w si\u0119 zacznie&#8221;, a drudzy s\u0105 bardzo ciekawi   <\/p>\n<p class=\"ods-c-paragraph \">Samorz\u0105dowczyni podkre\u015bla nast\u0119pnie, \u017ce mieszka\u0144cy Jeruzala reaguj\u0105 r\u00f3\u017cnie: <\/p>\n<blockquote class=\"ods-o-quota\">\n<p class=\"ods-o-quota__paragraph\">Niekt\u00f3rzy m\u00f3wi\u0105 &#8222;fajnie&#8221;, bo brali ludzi do nagra\u0144 jako statyst\u00f3w. Nawet nasz Daniel Zawiska, syn Solejuk\u00f3w, uczestniczy\u0142 w tym i ma kontakt. Jedni narzekaj\u0105, \u017ce &#8222;zn\u00f3w si\u0119 zacznie&#8221;, a drudzy s\u0105 bardzo ciekawi, co b\u0119dzie w tej kolejnej, ostatniej serii odcink\u00f3w<\/p>\n<\/blockquote>\n<p><img decoding=\"async\" src=\"https:\/\/www.europesays.com\/pl\/wp-content\/uploads\/2025\/12\/nkek9lBaHR0cHM6Ly9vY2RuLmV1L3B1bHNjbXMvTURBXy9iNDg0M2YxODg3MzVlYjQwM2FlZDUzYzY5ZWIyM2MyMy5qcGeRlQLNB.jpeg\" height=\"529\" width=\"940\" alt=\"Jeruzal\" loading=\"lazy\" class=\"ods-c-image__img ods-c-image__img--viewport-width\"\/><\/p>\n<p>Jeruzal\u017br\u00f3d\u0142o: Plejada \/ Karol Lewandowski<\/p>\n<p class=\"ods-c-paragraph \">Sercem Jeruzala pozostaje plac z kultowym sklepem &#8222;U Krysi&#8221; oraz parafia \u015bw. Wojciecha, gdzie fani od lat fotografuj\u0105 si\u0119 przy s\u0142ynnej \u0142aweczce i kupuj\u0105 serialowego &#8222;Mamrota&#8221;.<\/p>\n<blockquote class=\"ods-o-quota\">\n<p class=\"ods-o-quota__paragraph\">Ca\u0142y czas przyje\u017cd\u017caj\u0105 fani. Nawet o p\u00f3\u0142nocy na internetowych kamerkach wida\u0107 stoj\u0105ce samochody. M\u0142odzie\u017c, starsze osoby, dzieci \u2013 wszyscy robi\u0105 sobie zdj\u0119cia. Niezale\u017cnie od pory roku i pogody. Czy to po\u0142udnie, czy deszcz, czy zimno, czy wieje \u2013 tury\u015bci s\u0105 ca\u0142y czas<\/p>\n<\/blockquote>\n<p class=\"ods-c-paragraph \">\u2014 zapewnia pani so\u0142tys Muracka.<\/p>\n<p class=\"ods-c-paragraph \">Nowa, sze\u015bcioodcinkowa seria &#8222;Rancza&#8221; ma premier\u0119 zaplanowan\u0105 na 2026 rok, a zdj\u0119cia rozpoczn\u0105 si\u0119 w letnich miesi\u0105cach. Fani serialu z pewno\u015bci\u0105 mog\u0105 liczy\u0107 na powr\u00f3t do \u015bwiata Wilkowyj, kt\u00f3ry od lat bawi i wzrusza widz\u00f3w w ca\u0142ej Polsce.<\/p>\n<p><img decoding=\"async\" src=\"https:\/\/www.europesays.com\/pl\/wp-content\/uploads\/2025\/12\/WuEk9lBaHR0cHM6Ly9vY2RuLmV1L3B1bHNjbXMvTURBXy9iODYwYTJhY2Y4MGFlMjU5ZDlhNjc1ZDcwYzRlMzM4Zi5qcGeRlQLNB.jpeg\" height=\"627\" width=\"940\" alt=\"Aktorzy serialu &quot;Ranczo&quot; (2025)\" loading=\"lazy\" class=\"ods-c-image__img ods-c-image__img--viewport-width\"\/><\/p>\n<p>Aktorzy serialu &#8222;Ranczo&#8221; (2025)Pawe\u0142 Wrzecion \/ AKPA<\/p>\n<p> <img decoding=\"async\" src=\"https:\/\/www.europesays.com\/pl\/wp-content\/uploads\/2025\/12\/78Ok9lBaHR0cHM6Ly9vY2RuLmV1L3B1bHNjbXMvTURBXy8wMDMwNDgwMWNkYmJhZTcyOWE4Y2UzMWQxYzUzYTQ5YS5qcGeRlQLNB.jpeg\" height=\"635\" width=\"940\" alt=\"Cezary \u017bak i Artur Barci\u015b na planie serialu &quot;Ranczo&quot;\" loading=\"lazy\" class=\"ods-c-image__img ods-c-image__img--viewport-width\"\/><\/p>\n<p>Cezary \u017bak i Artur Barci\u015b na planie serialu &#8222;Ranczo&#8221;Ireneusz Sobieszczuk \/ PAP<\/p>\n<p class=\"ods-c-paragraph \">Dzi\u0119kujemy, \u017ce przeczyta\u0142a\u015b\/e\u015b nasz artyku\u0142 do ko\u0144ca. W serwisie Plejada.pl ka\u017cdego dnia piszemy o najwa\u017cniejszych wydarzeniach show-biznesowych. B\u0105d\u017a na bie\u017c\u0105co! <a rel=\"nofollow noopener\" href=\"https:\/\/profile.google.com\/cp\/Cg0vZy8xMWJ6X19wdHBx\" id=\"6ea9989a-5aef-43ea-b0b0-a43e526b07f6\" target=\"_blank\">Obserwuj<\/a> Plejad\u0119 w Google. Odwied\u017a nas tak\u017ce na <a rel=\"nofollow noopener\" href=\"https:\/\/www.facebook.com\/plejadapl\" id=\"ffa5cca0-9f50-486e-8111-d67314cea0d9\" target=\"_blank\">Facebooku<\/a>, <a rel=\"nofollow noopener\" href=\"https:\/\/www.instagram.com\/plejadapl\/\" id=\"54dbc3f7-6022-4306-b711-43cbee747dec\" target=\"_blank\">Instagramie<\/a>, <a rel=\"nofollow noopener\" href=\"https:\/\/www.youtube.com\/c\/plejada\" id=\"218303d7-f4f2-446a-b5dc-aacb78c02dbe\" target=\"_blank\">YouTubie<\/a> oraz <a rel=\"nofollow noopener\" href=\"https:\/\/www.tiktok.com\/@plejada_pl\" id=\"29dfca26-ecf3-4bef-aa30-677ffdf48251\" target=\"_blank\">TikToku<\/a>.<\/p>\n<p class=\"ods-c-paragraph \">Chcesz podzieli\u0107 si\u0119 ciekawym newsem lub zaproponowa\u0107 temat? Skontaktuj si\u0119 z nami, pisz\u0105c maila na adres: <a rel=\"nofollow noopener\" href=\"https:\/\/plejada.pl\/newsy\/tam-krecili-odcinki-do-rancza-soltys-jeruzala-mowi-wprost-jest-mi-ciezko\/mailto:plejada@redakcjaonet.pl\" id=\"f483ebd2-4869-4ac3-8040-70271c6920c9\" target=\"_blank\">plejada@redakcjaon<\/a><a href=\"https:\/\/et.pl\" id=\"6ce80c16-8349-43e3-9c30-ad7270f90a74\" rel=\"nofollow noopener\" target=\"_blank\">et.pl<\/a>.<\/p>\n<p><script async src=\"\/\/www.instagram.com\/embed.js\"><\/script><script async src=\"\/\/www.tiktok.com\/embed.js\"><\/script><\/p>\n","protected":false},"excerpt":{"rendered":"Od niedawna fani &#8222;Rancza&#8221; \u015bwi\u0119tuj\u0105, poniewa\u017c pewne jest, \u017ce zobaczymy nowe odcinki serialu. Producent Maciej Strzembosz wraz z&hellip;\n","protected":false},"author":2,"featured_media":151154,"comment_status":"","ping_status":"","sticky":false,"template":"","format":"standard","meta":{"footnotes":""},"categories":[22],"tags":[122,29085,28732,48,125,46,42,38,40,39,41,20710,25865,123,47,28681,17235],"class_list":{"0":"post-151153","1":"post","2":"type-post","3":"status-publish","4":"format-standard","5":"has-post-thumbnail","7":"category-rozrywka","8":"tag-entertainment","9":"tag-jeruzal","10":"tag-maciej_strzembosz","11":"tag-nat_styl","12":"tag-newsy","13":"tag-omp","14":"tag-pl","15":"tag-poland","16":"tag-polish","17":"tag-polska","18":"tag-polski","19":"tag-ranczo_serial","20":"tag-rebrand_ai_tst0","21":"tag-rozrywka","22":"tag-screening_general","23":"tag-soltys","24":"tag-wojciech_adamczyk"},"share_on_mastodon":{"url":"https:\/\/pubeurope.com\/@pl\/115720901439345843","error":""},"_links":{"self":[{"href":"https:\/\/www.europesays.com\/pl\/wp-json\/wp\/v2\/posts\/151153","targetHints":{"allow":["GET"]}}],"collection":[{"href":"https:\/\/www.europesays.com\/pl\/wp-json\/wp\/v2\/posts"}],"about":[{"href":"https:\/\/www.europesays.com\/pl\/wp-json\/wp\/v2\/types\/post"}],"author":[{"embeddable":true,"href":"https:\/\/www.europesays.com\/pl\/wp-json\/wp\/v2\/users\/2"}],"replies":[{"embeddable":true,"href":"https:\/\/www.europesays.com\/pl\/wp-json\/wp\/v2\/comments?post=151153"}],"version-history":[{"count":0,"href":"https:\/\/www.europesays.com\/pl\/wp-json\/wp\/v2\/posts\/151153\/revisions"}],"wp:featuredmedia":[{"embeddable":true,"href":"https:\/\/www.europesays.com\/pl\/wp-json\/wp\/v2\/media\/151154"}],"wp:attachment":[{"href":"https:\/\/www.europesays.com\/pl\/wp-json\/wp\/v2\/media?parent=151153"}],"wp:term":[{"taxonomy":"category","embeddable":true,"href":"https:\/\/www.europesays.com\/pl\/wp-json\/wp\/v2\/categories?post=151153"},{"taxonomy":"post_tag","embeddable":true,"href":"https:\/\/www.europesays.com\/pl\/wp-json\/wp\/v2\/tags?post=151153"}],"curies":[{"name":"wp","href":"https:\/\/api.w.org\/{rel}","templated":true}]}}