{"id":151155,"date":"2025-12-15T01:08:09","date_gmt":"2025-12-15T01:08:09","guid":{"rendered":"https:\/\/www.europesays.com\/pl\/151155\/"},"modified":"2025-12-15T01:08:09","modified_gmt":"2025-12-15T01:08:09","slug":"radoslaw-sikorski-kloci-sie-z-szefem-msz-wegier-orban-zasluzyl-na-order-lenina","status":"publish","type":"post","link":"https:\/\/www.europesays.com\/pl\/151155\/","title":{"rendered":"Rados\u0142aw Sikorski k\u0142\u00f3ci si\u0119 z szefem MSZ W\u0119gier. &#8222;Orban zas\u0142u\u017cy\u0142 na order Lenina&#8221;"},"content":{"rendered":"\n<p>&#13;<br \/>\nPa\u0144stwa cz\u0142onkowskie podj\u0119\u0142y w\u00a0pi\u0105tek decyzj\u0119 o\u00a0zamro\u017ceniu na\u00a0sta\u0142e rosyjskich aktyw\u00f3w zdeponowanych na\u00a0terenie Unii Europejskiej. Przeciwko rozporz\u0105dzeniu by\u0142y dwa kraje \u2013\u00a0W\u0119gry i\u00a0S\u0142owacja. &#13;\n<\/p>\n<p>&#13;<br \/>\n&#8222;Omijaj\u0105c W\u0119gry i\u00a0gwa\u0142c\u0105c europejskie prawo w\u00a0bia\u0142y dzie\u0144, Brukselczycy podejmuj\u0105 kroki maj\u0105ce na\u00a0celu przej\u0119cie zamro\u017conych rosyjskich aktyw\u00f3w \u2013\u00a0wypowiedzenie wojny. Jednocze\u015bnie \u017c\u0105daj\u0105 od\u00a0pa\u0144stw cz\u0142onkowskich dodatkowych 135 miliard\u00f3w euro na\u00a0podsycanie konfliktu. W\u0119gry nie\u00a0b\u0119d\u0105 uczestniczy\u0107 w\u00a0tym pokr\u0119tnym brukselskim spisku&#8221; \u2013\u00a0napisa\u0142 premier Orban na\u00a0portalu X. Doda\u0142: &#8222;Potrzebujemy POKOJU, a\u00a0nie eskalacji!&#8221;. &#13;\n<\/p>\n<p>&#13;<br \/>\nTe s\u0142owa nie\u00a0spodoba\u0142y si\u0119 ministrowi Rados\u0142awowi Sikorskiemu. &#8222;Viktor zas\u0142u\u017cy\u0142 na\u00a0Order Lenina&#8221; \u2013\u00a0twierdzi\u0142. Wpis polityka spotka\u0142 si\u0119 z\u00a0szybk\u0105 reakcj\u0105 szefa MSZ W\u0119gier. &#8222;Rozumiemy, \u017ce\u00a0naprawd\u0119 chcecie wojny Rosja kontra Europa! Nie\u00a0damy si\u0119 w\u00a0to wci\u0105gn\u0105\u0107!!&#8221; \u2013 oburza si\u0119 P\u00e9ter Szijj\u00e1rt\u00f3.  &#13;\n<\/p>\n<p>&#13;<br \/>\nSikorski nie\u00a0zostawi\u0142 tego bez odpowiedzi: &#8222;Je\u015bli Rosja zn\u00f3w nie\u00a0zaatakuje, nie\u00a0b\u0119dzie takiej wojny, ale\u00a0rozumiemy, \u017ce\u00a0tym razem b\u0119dziecie po\u00a0jej stronie&#8221;. &#13;\n<\/p>\n<p>Orban grzmi: To\u00a0ewidentnie niezgodne z\u00a0prawem<\/p>\n<p>&#13;<br \/>\nBardzo mocny wpis premier W\u0119gier opublikowa\u0142 w\u00a0pi\u0105tek rano, jeszcze przed decyzj\u0105 UE ws. aktyw\u00f3w Rosji. Podkre\u015bli\u0142, \u017ce\u00a0jego kraj jest przeciwny odchodzeniu od\u00a0zasady jednomy\u015blno\u015bci i\u00a0oskar\u017cy\u0142 unijnych decydent\u00f3w o\u00a0\u0142amanie prawa. &#8222;Dzi\u015b Brukselczycy przekraczaj\u0105 Rubikon. W\u00a0po\u0142udnie odb\u0119dzie si\u0119 g\u0142osowanie, kt\u00f3re wyrz\u0105dzi Unii nieodwracalne szkody&#8221; \u2013\u00a0ocenia Viktor Orban. &#13;\n<\/p>\n<p>&#13;<br \/>\n&#8222;Przedmiotem g\u0142osowania s\u0105 zamro\u017cone rosyjskie aktywa, w\u00a0sprawie kt\u00f3rych pa\u0144stwa cz\u0142onkowskie UE g\u0142osowa\u0142y dotychczas co\u00a06 miesi\u0119cy i\u00a0podejmowa\u0142y jednomy\u015bln\u0105 decyzj\u0119. Dzisiejsz\u0105 procedur\u0105 Brukselczycy jednym poci\u0105gni\u0119ciem pi\u00f3ra znosz\u0105 wym\u00f3g jednomy\u015blno\u015bci, co\u00a0jest ewidentnie niezgodne z\u00a0prawem&#8221; \u2013\u00a0wskaza\u0142. &#13;\n<\/p>\n<p>&#13;<br \/>\n&#8222;Dzisiejsza decyzja oznacza koniec praworz\u0105dno\u015bci w\u00a0Unii Europejskiej, a\u00a0europejscy przyw\u00f3dcy stawiaj\u0105 si\u0119 ponad regu\u0142ami. Zamiast dba\u0107 o\u00a0przestrzeganie traktat\u00f3w UE, Komisja Europejska systematycznie gwa\u0142ci prawo europejskie. Robi to, aby\u00a0kontynuowa\u0107 wojn\u0119 na\u00a0Ukrainie, wojn\u0119, kt\u00f3rej ewidentnie nie\u00a0da si\u0119 wygra\u0107. Wszystko to\u00a0dzieje si\u0119 w\u00a0bia\u0142y dzie\u0144, nieca\u0142y tydzie\u0144 przed posiedzeniem Rady Europejskiej, najwa\u017cniejszego organu decyzyjnego Unii, skupiaj\u0105cego szef\u00f3w pa\u0144stw i\u00a0rz\u0105d\u00f3w. W\u00a0ten spos\u00f3b rz\u0105dy prawa w\u00a0Unii Europejskiej ust\u0119puj\u0105 miejsca rz\u0105dom biurokrat\u00f3w. Innymi s\u0142owy, nasta\u0142a brukselska dyktatura&#8221; \u2013\u00a0oburza\u0142 si\u0119 premier Orban. Na\u00a0koniec zapewni\u0142: &#8222;W\u0119gry protestuj\u0105 przeciwko tej decyzji i\u00a0zrobi\u0105 wszystko, co\u00a0w\u00a0ich mocy, aby\u00a0przywr\u00f3ci\u0107 porz\u0105dek prawny&#8221;. &#13;\n<\/p>\n<p>&#13;<br \/>\nCzytaj te\u017c:<br \/><a href=\"https:\/\/dorzeczy.pl\/kraj\/819920\/zelenski-przyjedzie-do-polski-prezydent-ukrainy-ujawnil-date.html\" rel=\"follow nofollow noopener\" data-schema=\"DORZECZY\" data-image=\"https:\/\/img.dorzeczy.pl\/_thumb\/46\/f5\/b2580e8f345ce1dae4edf08579e1.jpeg\" target=\"_blank\">Prze\u0142om w\u00a0relacjach z\u00a0Ukrain\u0105? Ze\u0142enski ujawni\u0142, kiedy planuje wizyt\u0119 w\u00a0Polsce<\/a>&#13;<\/p>\n","protected":false},"excerpt":{"rendered":"&#13; Pa\u0144stwa cz\u0142onkowskie podj\u0119\u0142y w\u00a0pi\u0105tek decyzj\u0119 o\u00a0zamro\u017ceniu na\u00a0sta\u0142e rosyjskich aktyw\u00f3w zdeponowanych na\u00a0terenie Unii Europejskiej. Przeciwko rozporz\u0105dzeniu by\u0142y dwa&hellip;\n","protected":false},"author":2,"featured_media":151156,"comment_status":"","ping_status":"","sticky":false,"template":"","format":"standard","meta":{"footnotes":""},"categories":[14],"tags":[32,33,98,27,49,34,35,28,31,25,7799,40,41,1316,80,6635,29,30,2670,26,30477,82,83,84],"class_list":{"0":"post-151155","1":"post","2":"type-post","3":"status-publish","4":"format-standard","5":"has-post-thumbnail","7":"category-swiat","8":"tag-breaking-news","9":"tag-breakingnews","10":"tag-dorzeczy","11":"tag-headlines","12":"tag-kraj","13":"tag-latest-news","14":"tag-latestnews","15":"tag-naglowki","16":"tag-najwazniejsze-artykuly","17":"tag-news","18":"tag-orban","19":"tag-polish","20":"tag-polski","21":"tag-sikorski","22":"tag-swiat","23":"tag-szijjarto","24":"tag-top-stories","25":"tag-topstories","26":"tag-wegry","27":"tag-wiadomosci","28":"tag-wojna-v","29":"tag-world","30":"tag-world-news","31":"tag-worldnews"},"share_on_mastodon":{"url":"https:\/\/pubeurope.com\/@pl\/115720913164275052","error":""},"_links":{"self":[{"href":"https:\/\/www.europesays.com\/pl\/wp-json\/wp\/v2\/posts\/151155","targetHints":{"allow":["GET"]}}],"collection":[{"href":"https:\/\/www.europesays.com\/pl\/wp-json\/wp\/v2\/posts"}],"about":[{"href":"https:\/\/www.europesays.com\/pl\/wp-json\/wp\/v2\/types\/post"}],"author":[{"embeddable":true,"href":"https:\/\/www.europesays.com\/pl\/wp-json\/wp\/v2\/users\/2"}],"replies":[{"embeddable":true,"href":"https:\/\/www.europesays.com\/pl\/wp-json\/wp\/v2\/comments?post=151155"}],"version-history":[{"count":0,"href":"https:\/\/www.europesays.com\/pl\/wp-json\/wp\/v2\/posts\/151155\/revisions"}],"wp:featuredmedia":[{"embeddable":true,"href":"https:\/\/www.europesays.com\/pl\/wp-json\/wp\/v2\/media\/151156"}],"wp:attachment":[{"href":"https:\/\/www.europesays.com\/pl\/wp-json\/wp\/v2\/media?parent=151155"}],"wp:term":[{"taxonomy":"category","embeddable":true,"href":"https:\/\/www.europesays.com\/pl\/wp-json\/wp\/v2\/categories?post=151155"},{"taxonomy":"post_tag","embeddable":true,"href":"https:\/\/www.europesays.com\/pl\/wp-json\/wp\/v2\/tags?post=151155"}],"curies":[{"name":"wp","href":"https:\/\/api.w.org\/{rel}","templated":true}]}}