{"id":151161,"date":"2025-12-15T01:11:13","date_gmt":"2025-12-15T01:11:13","guid":{"rendered":"https:\/\/www.europesays.com\/pl\/151161\/"},"modified":"2025-12-15T01:11:13","modified_gmt":"2025-12-15T01:11:13","slug":"glosno-o-rozwodzie-rybusa-polak-przerwal-milczenie-jasniej-sie-nie-da","status":"publish","type":"post","link":"https:\/\/www.europesays.com\/pl\/151161\/","title":{"rendered":"G\u0142o\u015bno o rozwodzie Rybusa, Polak przerwa\u0142 milczenie. Ja\u015bniej si\u0119 nie da"},"content":{"rendered":"<p class=\"typography ids-typeset-body ids-typeset-body--preset-large link paragraph ids-paragraph ids-paragraph--default\"><a href=\"https:\/\/sport.interia.pl\/pilka-nozna\/profil-maciej-rybus,sppi,715\" rel=\"nofollow noopener\" target=\"_blank\">Maciej Rybus<\/a> to by\u0142y reprezentant Polski, kt\u00f3ry ma na swoim koncie 66 mecz\u00f3w w kadrze narodowej. Ponadto gra\u0142 m.in. w <a href=\"https:\/\/sport.interia.pl\/pilka-nozna\/druzyna-legia-warszawa,spti,3287\" rel=\"nofollow noopener\" target=\"_blank\">Legii Warszawa<\/a>, a tak\u017ce w czo\u0142owych rosyjskich klubach. To w\u0142a\u015bnie wyjazd do Rosji okaza\u0142 si\u0119 dla niego momentem prze\u0142omowym nie tylko sportowo, ale i prywatnie, bo tam pozna\u0142 mi\u0142o\u015b\u0107 swojego \u017cycia. Rybus zwi\u0105za\u0142 si\u0119 z Lan\u0105 Bajmatow\u0105, pochodz\u0105c\u0105 z Osetii, a w marcu 2018 roku para wzi\u0119\u0142a \u015blub. Doczekali si\u0119 dw\u00f3ch syn\u00f3w &#8211; Roberta i Adriana &#8211; kt\u00f3rzy szybko stali si\u0119 centrum \u015bwiata pi\u0142karza. Ich rodzinne \u017cycie przez d\u0142ugi czas pozostawa\u0142o poza medialnym zgie\u0142kiem, jednak sytuacja zmieni\u0142a si\u0119 wraz z wybuchem wojny w Ukrainie.<\/p>\n<p class=\"typography ids-typeset-body ids-typeset-body--preset-large link paragraph ids-paragraph ids-paragraph--default\">Gdy wielu zagranicznych pi\u0142karzy zdecydowa\u0142o si\u0119 opu\u015bci\u0107 Rosj\u0119, Maciej Rybus pozosta\u0142 na miejscu. Ta decyzja mia\u0142a powa\u017cne konsekwencje &#8211; zamkn\u0119\u0142a mu drog\u0119 do dalszych wyst\u0119p\u00f3w w reprezentacji Polski i spotka\u0142a si\u0119 z ostr\u0105 krytyk\u0105 cz\u0119\u015bci kibic\u00f3w. Sam zawodnik podkre\u015bla\u0142 jednak, \u017ce kierowa\u0142 si\u0119 wzgl\u0119dami rodzinnymi.<\/p>\n<p>Maciej Rybus pochwali\u0142 si\u0119 zdj\u0119ciem z synami<\/p>\n<p class=\"typography ids-typeset-body ids-typeset-body--preset-large link paragraph ids-paragraph ids-paragraph--default\">Z czasem na jaw zacz\u0119\u0142y wychodzi\u0107 informacje o problemach w jego ma\u0142\u017ce\u0144stwie. Pod koniec listopada i na pocz\u0105tku grudnia rosyjskie media poinformowa\u0142y o post\u0119powaniu rozwodowym Rybusa i Bajmatowej. Kilka dni temu rosyjski <a href=\"https:\/\/sport.interia.pl\/sportowe-zycie\/news-a-jednak-to-nie-byly-tylko-plotki-o-malzenstwie-rybusa-nades,nId,22462249\" target=\"_blank\" rel=\"nofollow noopener\">s\u0105d formalnie zako\u0144czy\u0142 ich zwi\u0105zek<\/a>, uwzgl\u0119dniaj\u0105c pozew Lany o rozw\u00f3d i podzia\u0142 maj\u0105tku. Pi\u0142karz d\u0142ugo nie komentowa\u0142 tych doniesie\u0144 publicznie.<\/p>\n<p class=\"typography ids-typeset-body ids-typeset-body--preset-large link paragraph ids-paragraph ids-paragraph--default\">Kilka dni temu Fakt doni\u00f3s\u0142, \u017ce Rybus mimo rozstania nie zamierza opuszcza\u0107 Rosji. Jak podkre\u015bla\u0142,\u00a0jego priorytetem jest sta\u0142y kontakt z synami i mo\u017cliwo\u015b\u0107 aktywnego uczestniczenia w ich \u017cyciu. To w\u0142a\u015bnie dzieci mia\u0142y by\u0107 g\u0142\u00f3wnym powodem, dla kt\u00f3rego nie planuje przeprowadzki do Polski po rozwodzie.<\/p>\n<p class=\"typography ids-typeset-body ids-typeset-body--preset-large link paragraph ids-paragraph ids-paragraph--default\">Kilkana\u015bcie dni po decyzji s\u0105du pi\u0142karz opublikowa\u0142 na Instagramie wymowny wpis &#8211; pierwszy od niemal czterech miesi\u0119cy. Na zdj\u0119ciu wida\u0107 go w towarzystwie syn\u00f3w podczas wizyty w jednym z teatr\u00f3w w Moskwie, gdzie wsp\u00f3lnie obejrzeli interaktywne magiczne show &#8222;Czar Zimy&#8221;. Fotografia ta jasno pokaza\u0142a, \u017ce mimo burzliwych wydarze\u0144 w \u017cyciu prywatnym, wi\u0119\u017a Rybusa z dzie\u0107mi pozostaje dla niego najwa\u017cniejsza.<\/p>\n<p><img decoding=\"async\" class=\"ids-image-holder__img\" loading=\"lazy\" alt=\"M\u0119\u017cczyzna pozuje z dw\u00f3jk\u0105 dzieci na tle dekoracyjnej \u015bcianki z napisem i gwiazdkowym motywem, ca\u0142o\u015b\u0107 ustawiona na czerwonym dywanie.\" title=\"Maciej Rybus sp\u0119dza czas z synami\" width=\"1080\" height=\"1648\" src=\"https:\/\/www.europesays.com\/pl\/wp-content\/uploads\/2025\/12\/000M2O3E6HV1G7PW-C125-F4.webp.webp\"\/><\/p>\n<p>Maciej Rybus sp\u0119dza czas z synamiInstagram\/m.rybus_31materia\u0142 zewn\u0119trzny<\/p>\n<p>100 dni do XXV Zimowych Igrzysk Olimpijskich Mediolan-Cortina 2026. WIDEOANDREA BERNARDI \/ AFPTV \/ AFPAFP<\/p>\n<p><img decoding=\"async\" class=\"ids-image-holder__img\" loading=\"lazy\" alt=\"Maciej Rybus\" title=\"Maciej Rybus\" width=\"1748\" height=\"1240\" src=\"https:\/\/www.europesays.com\/pl\/wp-content\/uploads\/2025\/12\/000JU4YC8BTB05O1-C323-F4.webp.webp\"\/><\/p>\n<p>Maciej RybusMIKE KIREEV \/ NurPhoto \/ NurPhoto via AFPAFP<\/p>\n<p><img decoding=\"async\" class=\"ids-image-holder__img\" loading=\"lazy\" alt=\"Maciej Rybus\" title=\"Maciej Rybus\" width=\"3600\" height=\"2400\" src=\"https:\/\/www.europesays.com\/pl\/wp-content\/uploads\/2025\/12\/000KG07JRCF37RA6-C323-F4.webp.webp\"\/><\/p>\n<p>Maciej RybusMike Kireev\/NurPhotoAFP<\/p>\n<p><img decoding=\"async\" class=\"ids-image-holder__img\" loading=\"lazy\" alt=\"Maciej Rybus\" title=\"Maciej Rybus\" width=\"6259\" height=\"4169\" src=\"https:\/\/www.europesays.com\/pl\/wp-content\/uploads\/2025\/12\/000J2S4MMY04LMBQ-C323-F4.webp.webp\"\/><\/p>\n<p>Maciej RybusMIKE KIREEV \/ NurPhoto \/ NurPhoto via AFPAFP<\/p>\n<p><a class=\"ids-undecorated-link source ids-page-info--source__link\" href=\"https:\/\/www.interia.pl\" rel=\"nofollow noopener\" target=\"_blank\"><img decoding=\"async\" class=\"ids-image-holder__img\" loading=\"lazy\" alt=\"\" title=\"\" height=\"24px\" src=\"https:\/\/www.europesays.com\/pl\/wp-content\/uploads\/2025\/12\/1765749733_358_0009A60QQ5I2TYF7-C202-F4.webp.webp\"\/><\/a><\/p>\n<p>Masz sugestie, uwagi albo widzisz b\u0142\u0105d? Napisz do nas<\/p>\n","protected":false},"excerpt":{"rendered":"Maciej Rybus to by\u0142y reprezentant Polski, kt\u00f3ry ma na swoim koncie 66 mecz\u00f3w w kadrze narodowej. Ponadto gra\u0142&hellip;\n","protected":false},"author":2,"featured_media":151162,"comment_status":"","ping_status":"","sticky":false,"template":"","format":"standard","meta":{"footnotes":""},"categories":[24],"tags":[42,38,40,39,41,127,126],"class_list":{"0":"post-151161","1":"post","2":"type-post","3":"status-publish","4":"format-standard","5":"has-post-thumbnail","7":"category-sport","8":"tag-pl","9":"tag-poland","10":"tag-polish","11":"tag-polska","12":"tag-polski","13":"tag-sport","14":"tag-sports"},"share_on_mastodon":{"url":"https:\/\/pubeurope.com\/@pl\/115720925037122910","error":""},"_links":{"self":[{"href":"https:\/\/www.europesays.com\/pl\/wp-json\/wp\/v2\/posts\/151161","targetHints":{"allow":["GET"]}}],"collection":[{"href":"https:\/\/www.europesays.com\/pl\/wp-json\/wp\/v2\/posts"}],"about":[{"href":"https:\/\/www.europesays.com\/pl\/wp-json\/wp\/v2\/types\/post"}],"author":[{"embeddable":true,"href":"https:\/\/www.europesays.com\/pl\/wp-json\/wp\/v2\/users\/2"}],"replies":[{"embeddable":true,"href":"https:\/\/www.europesays.com\/pl\/wp-json\/wp\/v2\/comments?post=151161"}],"version-history":[{"count":0,"href":"https:\/\/www.europesays.com\/pl\/wp-json\/wp\/v2\/posts\/151161\/revisions"}],"wp:featuredmedia":[{"embeddable":true,"href":"https:\/\/www.europesays.com\/pl\/wp-json\/wp\/v2\/media\/151162"}],"wp:attachment":[{"href":"https:\/\/www.europesays.com\/pl\/wp-json\/wp\/v2\/media?parent=151161"}],"wp:term":[{"taxonomy":"category","embeddable":true,"href":"https:\/\/www.europesays.com\/pl\/wp-json\/wp\/v2\/categories?post=151161"},{"taxonomy":"post_tag","embeddable":true,"href":"https:\/\/www.europesays.com\/pl\/wp-json\/wp\/v2\/tags?post=151161"}],"curies":[{"name":"wp","href":"https:\/\/api.w.org\/{rel}","templated":true}]}}