{"id":151171,"date":"2025-12-15T01:17:13","date_gmt":"2025-12-15T01:17:13","guid":{"rendered":"https:\/\/www.europesays.com\/pl\/151171\/"},"modified":"2025-12-15T01:17:13","modified_gmt":"2025-12-15T01:17:13","slug":"peter-szijjarto-odpowiada-radoslawowi-sikorskiemu-nie-damy-sie-w-to-wciagnac","status":"publish","type":"post","link":"https:\/\/www.europesays.com\/pl\/151171\/","title":{"rendered":"Peter Szijjarto odpowiada Rados\u0142awowi Sikorskiemu. &#8222;Nie damy si\u0119 w to wci\u0105gn\u0105\u0107&#8221;"},"content":{"rendered":"<p class=\"ods-c-paragraph \">&#8222;Rozumiemy, \u017ce naprawd\u0119 chcesz wojny Rosji z Europ\u0105. Nie damy si\u0119 wci\u0105gn\u0105\u0107 w twoj\u0105 wojn\u0119&#8221; \u2014 napisa\u0142 Szijjarto, odpowiadaj\u0105c na wpis szefa polskiego MSZ.<\/p>\n<p> Co powiedzia\u0142 minister Szijjarto na temat Rados\u0142awa Sikorskiego? <\/p>\n<p> Jak zareagowa\u0142 Sikorski na odpowied\u017a Szijjarto? <\/p>\n<p> Jak\u0105 ocen\u0119 wystawi\u0142 Orban decyzji UE o zamro\u017ceniu rosyjskich aktyw\u00f3w? <\/p>\n<p> Czym jest 'deklaracja wojny&#8217; wed\u0142ug Orbana? <\/p>\n<p class=\"ods-c-paragraph \">Na wpis Szijjarto od razu zareagowa\u0142 sam Sikorski. &#8222;O ile Rosja nie dokona kolejnej inwazji, taka wojna nie b\u0119dzie mia\u0142a miejsca, ale rozumiemy, \u017ce tym razem stan\u0119liby\u015bcie po jej stronie&#8221; \u2014 odpisa\u0142 szef polskiego MSZ.<\/p>\n<p class=\"ods-c-paragraph \">Wcze\u015bniej Sikorski zamie\u015bci\u0142 post z nagraniem przedstawiaj\u0105cym wypowied\u017a w\u0119gierskiego premiera, kt\u00f3ry okre\u015bli\u0142 mianem &#8222;deklaracji wojny&#8221; pi\u0105tkow\u0105 decyzj\u0119 UE o zamro\u017ceniu na sta\u0142e rosyjskich aktyw\u00f3w, zdeponowanych na terytorium UE. &#8222;Viktor zas\u0142u\u017cy\u0142 na sw\u00f3j Order Lenina&#8221; \u2014 <a href=\"https:\/\/wiadomosci.onet.pl\/swiat\/zasluzyl-sobie-na-order-lenina-sikorski-komentuje-glosne-slowa-orbana\/sn7fgn5\" id=\"17b3a2c5-294d-4573-bc9d-ee32558d55fb\" rel=\"nofollow noopener\" target=\"_blank\">napisa\u0142 szef polskiej dyplomacji<\/a>.<\/p>\n<p>    Viktor Orban o zamro\u017ceniu rosyjskich aktyw\u00f3w. &#8222;To deklaracja wojny&#8221;<\/p>\n<p class=\"ods-c-paragraph \">Podczas sobotniego tzw. <a href=\"https:\/\/wiadomosci.onet.pl\/swiat\/viktor-orban-znow-grzmi-w-sprawie-rosyjskich-aktywow-deklaracja-wojny\/kx305jd\" id=\"d02e5432-1510-4076-8782-7e7342b86617\" rel=\"nofollow noopener\" target=\"_blank\">antywojennego wiecu w Mohaczu, czyli jednego z serii spotka\u0144 z wyborcami przed zaplanowanymi na kwiecie\u0144 przysz\u0142ego roku wyborami parlamentarnymi<\/a>, Orban oceni\u0142, \u017ce &#8222;przejmowanie setek miliard\u00f3w innego pa\u0144stwa nigdy w historii nie przesz\u0142o bez odpowiedzi; to deklaracja wojny&#8221;.<\/p>\n<p class=\"ods-c-paragraph \">Pi\u0105tkowe porozumienie UE zmienia spos\u00f3b decydowania o rosyjskich aktywach, usuwaj\u0105c konieczno\u015b\u0107 podejmowania decyzji w tej kwestii co p\u00f3\u0142 roku, za zgod\u0105 wszystkich stolic.<\/p>\n<p class=\"ods-c-paragraph \">Rz\u0105d w Budapeszcie oceni\u0142, \u017ce zmiana podejmowania decyzji w sprawie rosyjskich aktyw\u00f3w jest &#8222;ko\u0144cem praworz\u0105dno\u015bci w Unii Europejskiej&#8221;. \u2014 W ten spos\u00f3b rz\u0105dy prawa w Unii Europejskiej ust\u0119puj\u0105 miejsca rz\u0105dom biurokrat\u00f3w. Innymi s\u0142owy, nasta\u0142a brukselska dyktatura \u2014 oceni\u0142 w pi\u0105tek Orban.<\/p>\n","protected":false},"excerpt":{"rendered":"&#8222;Rozumiemy, \u017ce naprawd\u0119 chcesz wojny Rosji z Europ\u0105. Nie damy si\u0119 wci\u0105gn\u0105\u0107 w twoj\u0105 wojn\u0119&#8221; \u2014 napisa\u0142 Szijjarto,&hellip;\n","protected":false},"author":2,"featured_media":151172,"comment_status":"","ping_status":"","sticky":false,"template":"","format":"standard","meta":{"footnotes":""},"categories":[5],"tags":[32,33,36,37,27,34,35,1162,28,31,48,25,46,7223,42,38,40,39,41,1118,87,47,80,29,30,415,2669,2670,26],"class_list":{"0":"post-151171","1":"post","2":"type-post","3":"status-publish","4":"format-standard","5":"has-post-thumbnail","7":"category-naglowki","8":"tag-breaking-news","9":"tag-breakingnews","10":"tag-featured-news","11":"tag-featurednews","12":"tag-headlines","13":"tag-latest-news","14":"tag-latestnews","15":"tag-msz","16":"tag-naglowki","17":"tag-najwazniejsze-artykuly","18":"tag-nat_styl","19":"tag-news","20":"tag-omp","21":"tag-peter_szijjarto","22":"tag-pl","23":"tag-poland","24":"tag-polish","25":"tag-polska","26":"tag-polski","27":"tag-radoslaw_sikorski","28":"tag-rosja","29":"tag-screening_general","30":"tag-swiat","31":"tag-top-stories","32":"tag-topstories","33":"tag-ukraina","34":"tag-viktor_orban","35":"tag-wegry","36":"tag-wiadomosci"},"share_on_mastodon":{"url":"https:\/\/pubeurope.com\/@pl\/115720948900721161","error":""},"_links":{"self":[{"href":"https:\/\/www.europesays.com\/pl\/wp-json\/wp\/v2\/posts\/151171","targetHints":{"allow":["GET"]}}],"collection":[{"href":"https:\/\/www.europesays.com\/pl\/wp-json\/wp\/v2\/posts"}],"about":[{"href":"https:\/\/www.europesays.com\/pl\/wp-json\/wp\/v2\/types\/post"}],"author":[{"embeddable":true,"href":"https:\/\/www.europesays.com\/pl\/wp-json\/wp\/v2\/users\/2"}],"replies":[{"embeddable":true,"href":"https:\/\/www.europesays.com\/pl\/wp-json\/wp\/v2\/comments?post=151171"}],"version-history":[{"count":0,"href":"https:\/\/www.europesays.com\/pl\/wp-json\/wp\/v2\/posts\/151171\/revisions"}],"wp:featuredmedia":[{"embeddable":true,"href":"https:\/\/www.europesays.com\/pl\/wp-json\/wp\/v2\/media\/151172"}],"wp:attachment":[{"href":"https:\/\/www.europesays.com\/pl\/wp-json\/wp\/v2\/media?parent=151171"}],"wp:term":[{"taxonomy":"category","embeddable":true,"href":"https:\/\/www.europesays.com\/pl\/wp-json\/wp\/v2\/categories?post=151171"},{"taxonomy":"post_tag","embeddable":true,"href":"https:\/\/www.europesays.com\/pl\/wp-json\/wp\/v2\/tags?post=151171"}],"curies":[{"name":"wp","href":"https:\/\/api.w.org\/{rel}","templated":true}]}}