{"id":151173,"date":"2025-12-15T01:18:08","date_gmt":"2025-12-15T01:18:08","guid":{"rendered":"https:\/\/www.europesays.com\/pl\/151173\/"},"modified":"2025-12-15T01:18:08","modified_gmt":"2025-12-15T01:18:08","slug":"oto-co-zrobil-mbappe-po-powrocie-do-skladu-realu","status":"publish","type":"post","link":"https:\/\/www.europesays.com\/pl\/151173\/","title":{"rendered":"Oto co zrobi\u0142 Mbappe po powrocie do sk\u0142adu Realu"},"content":{"rendered":"<p class=\"art_paragraph\">Real Madryt znalaz\u0142 si\u0119 w do\u0142ku. Do ligowego meczu z Deportivo Alaves przyst\u0119powa\u0142 po zdobyciu czterech punkt\u00f3w w czterech meczach, a bezpo\u015brednio po dw\u00f3ch pora\u017ckach (z Celt\u0105 Vigo w La Lidze oraz <a href=\"https:\/\/www.sport.pl\/manchester-city#anchorLink\" rel=\"nofollow noopener\" target=\"_blank\">Manchesterem City<\/a> w Lidze Mistrz\u00f3w). Du\u017cym wzmocnieniem mia\u0142 by\u0107 powr\u00f3t do podstawowego sk\u0142adu Kyliana Mbappe, kt\u00f3ry przez kontuzj\u0119 opu\u015bci\u0142 starcie z Anglikami.\u00a0<\/p>\n<p>\n    Zobacz wideo To oni s\u0105 winni kompromitacji Legii? &#8222;Klubowi by\u0142oby \u0142atwiej bez tej osoby&#8221;\n  <\/p>\n<p> Real Madryt &#8222;odzyska\u0142&#8221; Kyliana Mbappe. I od razu gra\u0142o si\u0119 \u0142atwiej<\/p>\n<p class=\"art_paragraph\">Francuz ju\u017c na samym pocz\u0105tku zosta\u0142 poturbowany przez rywali, lecz to go nie zniech\u0119ci\u0142o. W czwartej minucie uderzy\u0142, jednak zosta\u0142 zablokowany i sko\u0144czy\u0142o si\u0119 tylko rzutem ro\u017cnym. Nied\u0142ugo p\u00f3\u017aniej spr\u00f3bowa\u0142 ponownie, tym razem nad poprzeczk\u0105. Potem przysz\u0142a kolej na Rodrygo, ale i on spud\u0142owa\u0142.<\/p>\n<p class=\"art_paragraph\">Prze\u0142amanie madrytczyk\u00f3w nast\u0105pi\u0142o w 24. minucie. W\u00f3wczas Jude <a href=\"https:\/\/www.sport.pl\/jude-bellingham#anchorLink\" rel=\"nofollow noopener\" target=\"_blank\">Bellingham<\/a> poda\u0142 do Mbappe, kt\u00f3ry pokona\u0142 niema\u0142y dystans, zbieg\u0142 z lewego skrzyd\u0142a do \u015brodka i mniej wi\u0119cej z linii pola karnego odda\u0142 strza\u0142 na wag\u0119 gola.<\/p>\n<p class=\"art_paragraph\">Zaraz potem Real fetowa\u0142 kolejn\u0105 bramk\u0119. Tym razem po rzucie ro\u017cnym pi\u0142ka trafi\u0142a do Bellinghama, kt\u00f3ry opanowa\u0142 j\u0105 i kopn\u0105\u0142 pod poprzeczk\u0119. Jednak przy przyj\u0119ciu pomaga\u0142 sobie r\u0119k\u0105, przez co s\u0119dzia odgwizda\u0142 rzut wolny dla Alaves. Wydawa\u0142o si\u0119, \u017ce do ko\u0144ca pierwszej po\u0142owy nic wielkiego si\u0119 nie wydarzy, a\u017c tu\u017c przed ostatnim gwizdkiem Thibaut Courtois \u015bwietnie obroni\u0142 strza\u0142 Pablo Ibaneza z bliska.<\/p>\n<p class=\"art_paragraph\">W 53. minucie wykaza\u0142 si\u0119 z kolei bramkarz Alaves\u00a0Antonio Sivera, kt\u00f3ry najpierw obroni\u0142 pr\u00f3b\u0119 Mbappe, a nast\u0119pnie popisa\u0142 si\u0119 jeszcze efektowniejsz\u0105 parad\u0105 po mierzonym strzale Viniciusa Juniora. Jaki\u015b czas p\u00f3\u017aniej chcia\u0142 go postraszy\u0107 Federico Valverde, ale z dalszej odleg\u0142o\u015bci spud\u0142owa\u0142.<\/p>\n<p> Real Madryt otrzyma\u0142 niespodziewany cios od Deportivo Alaves. Sprawnie si\u0119 pozbierali<\/p>\n<p class=\"art_paragraph\">Kwadrans p\u00f3\u017aniej Real m\u00f3g\u0142 by\u0107 w szoku. Wprowadzony chwil\u0119 wcze\u015bniej Carlos Vicente zgrabnie opanowa\u0142 d\u0142ugie podanie od Antonio Blanco i znalaz\u0142 si\u0119 przed Courtois. Pokona\u0142 go i cho\u0107 pocz\u0105tkowo s\u0119dziowie zasygnalizowali spalonego, to po wideoweryfikacji decyzja zosta\u0142a zmieniona.<\/p>\n<p class=\"art_paragraph\">Nied\u0142ugo p\u00f3\u017aniej Vicente do bramki m\u00f3g\u0142 do\u0142o\u017cy\u0107 asyst\u0119, jednak Toni Martinez, kt\u00f3remu wyra\u017anie, na <a href=\"https:\/\/wiadomosci.gazeta.pl\/granica#anchorLink\" rel=\"nofollow noopener\" target=\"_blank\">granicy<\/a> z\u0142amania przepis\u00f3w, przeszkodzi\u0142 Raul Asencio, spud\u0142owa\u0142. Ten lepszy moment gry Alaves jakby nastraszy\u0142 go\u015bci.<\/p>\n<p class=\"art_paragraph\">Sprawd\u017a te\u017c:\u00a0<a href=\"https:\/\/www.sport.pl\/pilka\/7,65082,32470252,tyle-fc-barcelona-ma-punktow-przewagi-nad-realem-madryt-oto.html\" class=\"art_link\" rel=\"dofollow noopener\" target=\"_blank\">Tyle FC Barcelona ma punkt\u00f3w przewagi nad Realem Madryt. Oto tabela<\/a><\/p>\n<p class=\"art_paragraph\">Kwadrans przed ko\u0144cem niecelnie z rzutu wolnego strzeli\u0142 Rodrygo. Ten sam zawodnik za moment \u015bwi\u0119towa\u0142 gola po wykorzystaniu podania od Viniciusa, kt\u00f3ry popisa\u0142 si\u0119 kapitaln\u0105 szar\u017c\u0105 na lewej stronie Realu. Co do m\u0142odszego z Brazylijczyk\u00f3w, to po d\u0142u\u017cszej przerwie od zdobywania bramek teraz wraca na w\u0142a\u015bciwe tory &#8211; kilka dni temu prze\u0142ama\u0142 si\u0119 z Manchesterem City.<\/p>\n<p class=\"art_paragraph\">Przyjezdni szukali kolejnych goli &#8211; jedn\u0105 z kontr zmarnowa\u0142 rezerwowy Gonzalo Garcia, niecelnie zagrywaj\u0105c do Mbappe. A w 86. minucie Real m\u00f3g\u0142 mie\u0107 pretensje do s\u0119dziego &#8211; Vinicius wpad\u0142 w pole karne i zosta\u0142 kopni\u0119ty\u00a0Nahuela Tenagli\u0119. Nie by\u0142o wskazania na punkt karny, co nie zmieni\u0142o si\u0119 po konsultacji z VAR-em. W doliczonym czasie gry Brahim Diaz, zmiennik, zakr\u0119ci\u0142 przeciwnikami i odda\u0142 strza\u0142, tyle \u017ce niecelny. Ostatecznie rezultat ju\u017c si\u0119 nie zmieni\u0142, cho\u0107 tu\u017c przed ko\u0144cem szans\u0119 mia\u0142 jeszcze Beliingham.<\/p>\n<p> 16. kolejka La Ligi: Deportivo Alaves &#8211; Real Madryt 1:2<\/p>\n<ul class=\"art_uList\">\n<li class=\"art_list_el\">gole: Carlos Vicente 68&#8242; &#8211; Kylian Mbappe 24&#8242;, Rodrygo 76&#8242;<\/li>\n<\/ul>\n<p class=\"art_paragraph\">Po tym spotkaniu Real Madryt ma 39 pkt i jest wiceliderem <a href=\"https:\/\/www.sport.pl\/pilka\/0,65082.html#anchorLink\" rel=\"nofollow noopener\" target=\"_blank\">La Ligi<\/a>, natomiast Deportivo Alaves z 18 pkt jest na 12. pozycji w tabeli. Teraz przed obiema dru\u017cynami starcia w Pucharze Kr\u00f3la &#8211; madrytczycy zagraj\u0105 z Talaver\u0105, a Baskowie z Sevill\u0105 (obie potyczki 17 grudnia).<\/p>\n<p class=\"art_paragraph\">Najnowszy <a href=\"https:\/\/www.sport.pl\/magazynsportpl\/0,0.html\" class=\"art_link\" rel=\"dofollow noopener\" target=\"_blank\">Magazyn.Sport.pl<\/a> ju\u017c jest! Polscy skoczkowie zaczynaj\u0105 sezon olimpijski, a eksperci Sport.pl opisuj\u0105 r\u00f3\u017cne konteksty nadchodz\u0105cej rywalizacji. Pog\u0142\u0119bione analizy, komentarze, historie i kapitalne wywiady przeczytasz &gt;&gt; <a href=\"https:\/\/www.sport.pl\/magazynsportpl\/0,0.html\" class=\"art_link\" rel=\"dofollow noopener\" target=\"_blank\">TU<\/a><\/p>\n","protected":false},"excerpt":{"rendered":"Real Madryt znalaz\u0142 si\u0119 w do\u0142ku. Do ligowego meczu z Deportivo Alaves przyst\u0119powa\u0142 po zdobyciu czterech punkt\u00f3w w&hellip;\n","protected":false},"author":2,"featured_media":151174,"comment_status":"","ping_status":"","sticky":false,"template":"","format":"standard","meta":{"footnotes":""},"categories":[24],"tags":[42,38,40,39,41,127,126],"class_list":{"0":"post-151173","1":"post","2":"type-post","3":"status-publish","4":"format-standard","5":"has-post-thumbnail","7":"category-sport","8":"tag-pl","9":"tag-poland","10":"tag-polish","11":"tag-polska","12":"tag-polski","13":"tag-sport","14":"tag-sports"},"share_on_mastodon":{"url":"https:\/\/pubeurope.com\/@pl\/115720952809026942","error":""},"_links":{"self":[{"href":"https:\/\/www.europesays.com\/pl\/wp-json\/wp\/v2\/posts\/151173","targetHints":{"allow":["GET"]}}],"collection":[{"href":"https:\/\/www.europesays.com\/pl\/wp-json\/wp\/v2\/posts"}],"about":[{"href":"https:\/\/www.europesays.com\/pl\/wp-json\/wp\/v2\/types\/post"}],"author":[{"embeddable":true,"href":"https:\/\/www.europesays.com\/pl\/wp-json\/wp\/v2\/users\/2"}],"replies":[{"embeddable":true,"href":"https:\/\/www.europesays.com\/pl\/wp-json\/wp\/v2\/comments?post=151173"}],"version-history":[{"count":0,"href":"https:\/\/www.europesays.com\/pl\/wp-json\/wp\/v2\/posts\/151173\/revisions"}],"wp:featuredmedia":[{"embeddable":true,"href":"https:\/\/www.europesays.com\/pl\/wp-json\/wp\/v2\/media\/151174"}],"wp:attachment":[{"href":"https:\/\/www.europesays.com\/pl\/wp-json\/wp\/v2\/media?parent=151173"}],"wp:term":[{"taxonomy":"category","embeddable":true,"href":"https:\/\/www.europesays.com\/pl\/wp-json\/wp\/v2\/categories?post=151173"},{"taxonomy":"post_tag","embeddable":true,"href":"https:\/\/www.europesays.com\/pl\/wp-json\/wp\/v2\/tags?post=151173"}],"curies":[{"name":"wp","href":"https:\/\/api.w.org\/{rel}","templated":true}]}}