{"id":151187,"date":"2025-12-15T01:30:28","date_gmt":"2025-12-15T01:30:28","guid":{"rendered":"https:\/\/www.europesays.com\/pl\/151187\/"},"modified":"2025-12-15T01:30:28","modified_gmt":"2025-12-15T01:30:28","slug":"padlo-pytanie-czy-karol-nawrocki-wesprze-wosp-odpowiedz-budzi-konsternacje-2","status":"publish","type":"post","link":"https:\/\/www.europesays.com\/pl\/151187\/","title":{"rendered":"Pad\u0142o pytanie, czy Karol Nawrocki wesprze WO\u015aP. Odpowied\u017a budzi konsternacj\u0119"},"content":{"rendered":"<p class=\"ods-c-paragraph \">Do Kancelarii Prezydenta RP trafi\u0142o zapytanie o to, czy prezydent Karol Nawrocki planuje w\u0142\u0105czy\u0107 si\u0119 w nadchodz\u0105cy Fina\u0142 WO\u015aP.<\/p>\n<blockquote class=\"ods-o-quota\">\n<p class=\"ods-o-quota__paragraph\">Informacja, o kt\u00f3r\u0105 Pan pyta, pozostaje poza zakresem ustawy o dost\u0119pie do informacji publicznej. (&#8230;) Nie jest informacj\u0105 publiczn\u0105 wniosek, kt\u00f3ry obejmuje pytanie o zdarzenia przysz\u0142e lub takie, kt\u00f3re jeszcze nie nast\u0105pi\u0142y<\/p>\n<\/blockquote>\n<p class=\"ods-c-paragraph \">\u2014 odpowiedziano dziennikarzowi portalu Gazeta.pl, podkre\u015blaj\u0105c, \u017ce plany i zamierzenia nie nale\u017c\u0105 do informacji publicznych.<\/p>\n<p>Dalszy ci\u0105g artyku\u0142u pod materia\u0142em wideo<\/p>\n<p> Czy Karol Nawrocki we\u017amie udzia\u0142 w WO\u015aP? <\/p>\n<p> Jakie wsparcie wcze\u015bniej przekaza\u0142 Karol Nawrocki? <\/p>\n<p> Dlaczego odpowied\u017a Kancelarii Prezydenta na pytanie o WO\u015aP by\u0142a niejednoznaczna? <\/p>\n<p> Co przekaza\u0142 Andrzej Duda na licytacj\u0119 WO\u015aP? <\/p>\n<p>  Karol Nawrocki zapytany o WO\u015aP<\/p>\n<p class=\"ods-c-paragraph \">Wcze\u015bniej Karol Nawrocki anga\u017cowa\u0142 si\u0119 we wsparcie organizacji pomocowych, m.in. Caritasu. W tegorocznej edycji &#8222;Szlachetnej Paczki&#8221; prezydent wraz z pierwsz\u0105 dam\u0105 obj\u0119li pomoc\u0105 sze\u015bcioosobow\u0105 rodzin\u0119, przekazuj\u0105c jej m.in. opa\u0142 oraz sprz\u0119t AGD.<\/p>\n<p class=\"ods-c-paragraph \">&#8222;Para Prezydencka przekaza\u0142a rodzinie opa\u0142, kt\u00f3ry w okresie zimowym pozwoli ogrza\u0107 dom&#8221; \u2014 czytamy we wpisie Kancelarii Prezydenta.<\/p>\n<p class=\"ods-c-paragraph \">Polecamy: <a href=\"https:\/\/plejada.pl\/newsy\/andrzej-duda-wspiera-jurka-owsiaka-wraz-z-zona-przekazali-dary-na-licytacje\/tldhpf4\" id=\"c43ed3fd-b891-4c2b-8691-6f0925ae7913\" rel=\"nofollow noopener\" target=\"_blank\">Andrzej Duda wspiera Jurka Owsiaka. Wraz z \u017con\u0105 przekazali dary na licytacje<\/a><\/p>\n<p class=\"ods-c-paragraph \">W 2025 r. Prezydent RP <a href=\"https:\/\/plejada.pl\/andrzej-duda\" id=\"8420a238-b3c4-4355-a822-7dbfc0660bc8\" rel=\"nofollow noopener\" target=\"_blank\">Andrzej Duda<\/a> wraz z ma\u0142\u017conk\u0105 Agat\u0105 Kornhauser-Dud\u0105 przekazali na licytacj\u0119 WO\u015aP przedmioty o wyj\u0105tkowym znaczeniu. Prezydent ofiarowa\u0142 eleganckie spinki do mankiet\u00f3w z atelier Kamilli Rohn, polskiej artystki jubilerki.<\/p>\n<p class=\"ods-c-paragraph \">Z kolei Pierwsza Dama zdecydowa\u0142a si\u0119 wesprze\u0107 WO\u015aP poprzez ofiarowanie kompletu wizytowego z atelier Eli Piorun, kt\u00f3ry ma dla niej szczeg\u00f3lnie sentymentalne znaczenie. Zwyci\u0119zca licytacji otrzyma\u0142 nie tylko jedwabn\u0105 sukni\u0119 i \u017cakardowy p\u0142aszczyk, ale i osobiste podzi\u0119kowania od <a href=\"https:\/\/plejada.pl\/agata-duda-pierwsza-dama-agata-kornhauser-duda\" id=\"14a9e518-aef9-4790-9458-0b216b5768a6\" rel=\"nofollow noopener\" target=\"_blank\">Agaty Kornhauser-Dudy<\/a>.<\/p>\n<p><img decoding=\"async\" src=\"https:\/\/www.europesays.com\/pl\/wp-content\/uploads\/2025\/12\/nKwk9lGaHR0cHM6Ly9vY2RuLmV1L3B1bHNjbXMvTURBXy8wNzU3NTIyNC02NWZjLTRmMWUtODA3OS05YmE3YjVjNWQwOWQuanBlZ.jpeg\" height=\"627\" width=\"940\" alt=\"Karol Nawrocki\" loading=\"lazy\" class=\"ods-c-image__img ods-c-image__img--viewport-width\"\/><\/p>\n<p>Karol NawrockiPAP\/Rafa\u0142 Guz<\/p>\n<p class=\"ods-c-paragraph \">Dzi\u0119kujemy, \u017ce przeczyta\u0142a\u015b\/e\u015b nasz artyku\u0142 do ko\u0144ca. W serwisie Plejada.pl ka\u017cdego dnia piszemy o najwa\u017cniejszych wydarzeniach show-biznesowych. B\u0105d\u017a na bie\u017c\u0105co! <a rel=\"nofollow noopener\" href=\"https:\/\/profile.google.com\/cp\/Cg0vZy8xMWJ6X19wdHBx\" id=\"1d4991bd-afb1-4b82-8cee-5af46319a211\" target=\"_blank\">Obserwuj<\/a> Plejad\u0119 w Google. Odwied\u017a nas tak\u017ce na <a rel=\"nofollow noopener\" href=\"https:\/\/www.facebook.com\/plejadapl\" id=\"b08d6b40-215a-4978-8130-03d81c821485\" target=\"_blank\">Facebooku<\/a>, <a rel=\"nofollow noopener\" href=\"https:\/\/www.instagram.com\/plejadapl\/\" id=\"faccdd7d-4fd2-4c05-bee0-7b48644f317d\" target=\"_blank\">Instagramie<\/a>, <a rel=\"nofollow noopener\" href=\"https:\/\/www.youtube.com\/c\/plejada\" id=\"9ebeb1e0-822a-43f2-9f88-b9ae31ac3b52\" target=\"_blank\">YouTubie<\/a> oraz <a rel=\"nofollow noopener\" href=\"https:\/\/www.tiktok.com\/@plejada_pl\" id=\"0901a2de-63cf-47b3-918d-3f1ba9211164\" target=\"_blank\">TikToku<\/a>.<\/p>\n<p class=\"ods-c-paragraph \">Chcesz podzieli\u0107 si\u0119 ciekawym newsem lub zaproponowa\u0107 temat? Skontaktuj si\u0119 z nami, pisz\u0105c maila na adres: <a rel=\"nofollow noopener\" href=\"https:\/\/plejada.pl\/newsy\/padlo-pytanie-czy-karol-nawrocki-wesprze-wosp-odpowiedz-budzi-konsternacje\/mailto:plejada@redakcjaonet.pl\" id=\"57d93ca6-e515-4ffa-b0a0-b348a6935ed1\" target=\"_blank\">plejada@redakcjaon<\/a><a rel=\"nofollow noopener\" href=\"https:\/\/et.pl\/\" id=\"96abe5ca-b3e9-42a1-8cf7-b8eaa1241ea5\" target=\"_blank\">et.pl<\/a>.<\/p>\n<p><script async src=\"\/\/www.instagram.com\/embed.js\"><\/script><script async src=\"\/\/www.tiktok.com\/embed.js\"><\/script><\/p>\n","protected":false},"excerpt":{"rendered":"Do Kancelarii Prezydenta RP trafi\u0142o zapytanie o to, czy prezydent Karol Nawrocki planuje w\u0142\u0105czy\u0107 si\u0119 w nadchodz\u0105cy Fina\u0142&hellip;\n","protected":false},"author":2,"featured_media":151188,"comment_status":"","ping_status":"","sticky":false,"template":"","format":"standard","meta":{"footnotes":""},"categories":[12],"tags":[32,33,36,37,27,34,35,28,31,48,25,125,46,42,38,40,39,41,25865,47,29,30,26],"class_list":{"0":"post-151187","1":"post","2":"type-post","3":"status-publish","4":"format-standard","5":"has-post-thumbnail","7":"category-polska","8":"tag-breaking-news","9":"tag-breakingnews","10":"tag-featured-news","11":"tag-featurednews","12":"tag-headlines","13":"tag-latest-news","14":"tag-latestnews","15":"tag-naglowki","16":"tag-najwazniejsze-artykuly","17":"tag-nat_styl","18":"tag-news","19":"tag-newsy","20":"tag-omp","21":"tag-pl","22":"tag-poland","23":"tag-polish","24":"tag-polska","25":"tag-polski","26":"tag-rebrand_ai_tst0","27":"tag-screening_general","28":"tag-top-stories","29":"tag-topstories","30":"tag-wiadomosci"},"share_on_mastodon":{"url":"https:\/\/pubeurope.com\/@pl\/115720999916192532","error":""},"_links":{"self":[{"href":"https:\/\/www.europesays.com\/pl\/wp-json\/wp\/v2\/posts\/151187","targetHints":{"allow":["GET"]}}],"collection":[{"href":"https:\/\/www.europesays.com\/pl\/wp-json\/wp\/v2\/posts"}],"about":[{"href":"https:\/\/www.europesays.com\/pl\/wp-json\/wp\/v2\/types\/post"}],"author":[{"embeddable":true,"href":"https:\/\/www.europesays.com\/pl\/wp-json\/wp\/v2\/users\/2"}],"replies":[{"embeddable":true,"href":"https:\/\/www.europesays.com\/pl\/wp-json\/wp\/v2\/comments?post=151187"}],"version-history":[{"count":0,"href":"https:\/\/www.europesays.com\/pl\/wp-json\/wp\/v2\/posts\/151187\/revisions"}],"wp:featuredmedia":[{"embeddable":true,"href":"https:\/\/www.europesays.com\/pl\/wp-json\/wp\/v2\/media\/151188"}],"wp:attachment":[{"href":"https:\/\/www.europesays.com\/pl\/wp-json\/wp\/v2\/media?parent=151187"}],"wp:term":[{"taxonomy":"category","embeddable":true,"href":"https:\/\/www.europesays.com\/pl\/wp-json\/wp\/v2\/categories?post=151187"},{"taxonomy":"post_tag","embeddable":true,"href":"https:\/\/www.europesays.com\/pl\/wp-json\/wp\/v2\/tags?post=151187"}],"curies":[{"name":"wp","href":"https:\/\/api.w.org\/{rel}","templated":true}]}}