{"id":151191,"date":"2025-12-15T01:32:08","date_gmt":"2025-12-15T01:32:08","guid":{"rendered":"https:\/\/www.europesays.com\/pl\/151191\/"},"modified":"2025-12-15T01:32:08","modified_gmt":"2025-12-15T01:32:08","slug":"bobic-mocno-o-negocjacjach-z-rakowem-zaczela-sie-walka","status":"publish","type":"post","link":"https:\/\/www.europesays.com\/pl\/151191\/","title":{"rendered":"Bobi\u0107 mocno o negocjacjach z Rakowem. &#8222;Zacz\u0119\u0142a si\u0119 walka&#8221;"},"content":{"rendered":"<p>Marek Papszun zostanie trenerem Legii Warszawa. Fredi Bobi\u0107 w wywiadzie dla Canal+ Sport zdradzi\u0142, dlaczego proces zatrudnienia 51-latka trwa\u0142 tak d\u0142ugo.<\/p>\n<p>30 pa\u017adziernika Legia odpad\u0142a z Pucharu Polski, przegrywaj\u0105c z Pogoni\u0105 Szczecin. Dzie\u0144 p\u00f3\u017aniej klub po\u017cegna\u0142 Edwarda Iordanescu. Tymczasowym nast\u0119pc\u0105 Rumuna zosta\u0142 Inaki Astiz. Pod wodz\u0105 Hiszpana zesp\u00f3\u0142 rozegra\u0142 dziewi\u0119\u0107 mecz\u00f3w, notuj\u0105c sze\u015b\u0107 pora\u017cek i trzy remisy.<\/p>\n<p>Dalsza cz\u0119\u015b\u0107 tekstu pod wideo<\/p>\n<p>Od kilku tygodni wiadomo by\u0142o, \u017ce Marek Papszun chce obj\u0105\u0107 Legi\u0119. 51-latek sam og\u0142osi\u0142 to na konferencji przed meczem Rakowa z Rapidem Wiede\u0144.<\/p>\n<p>&#8222;Medaliki&#8221; nie zamierza\u0142y jednak pozwoli\u0107 szkoleniowcowi na odej\u015bcie przed ko\u0144cem rundy. Wygl\u0105da na to, \u017ce saga zwi\u0105zana z Papszunem dobieg\u0142a wreszcie ko\u0144ca.<\/p>\n<p>&#8211; Dlaczego to tyle trwa\u0142o? My byli\u015bmy zdecydowani na zatrudnienie konkretnego trenera. Porozumieli\u015bmy si\u0119 w pi\u0119\u0107 dni i sprawa by\u0142a dogadana. Ale potem zacz\u0119\u0142a si\u0119 walka. Sze\u015b\u0107, siedem tygodni trwa\u0142o, \u017ceby wyci\u0105gn\u0105\u0107 trenera z klubu. Mam nadziej\u0119, \u017ce wkr\u00f3tce b\u0119dziemy mogli og\u0142osi\u0107, \u017ce nowy trener do\u0142\u0105czy do Legii &#8211; powiedzia\u0142 Fredi Bobi\u0107 na antenie Canal+ Sport.<\/p>\n<p>&#8211; Ilu ludzi we\u017amie ze sob\u0105 Papszun do sztabu? Na pewno nie pi\u0119tnastu. \u015amia\u0142em si\u0119, jak zobaczy\u0142em t\u0119 liczb\u0119. Przyprowadzi kilku ludzi, ale nie b\u0119dzie ich pi\u0119tnastu &#8211; doda\u0142 dyrektor Legii.<\/p>\n<p>W tym roku Rak\u00f3w i Legia rozegraj\u0105 jeszcze po jednym spotkaniu w Lidze Konferencji. &#8222;Medaliki&#8221; zagraj\u0105 z Omoni\u0105 Nikozja, walcz\u0105c o TOP8 w tabeli. Sto\u0142eczni w czwartek podejm\u0105 Lincoln, nie maj\u0105c ju\u017c szans na awans do fazy pucharowej.<\/p>\n","protected":false},"excerpt":{"rendered":"Marek Papszun zostanie trenerem Legii Warszawa. Fredi Bobi\u0107 w wywiadzie dla Canal+ Sport zdradzi\u0142, dlaczego proces zatrudnienia 51-latka&hellip;\n","protected":false},"author":2,"featured_media":151192,"comment_status":"","ping_status":"","sticky":false,"template":"","format":"standard","meta":{"footnotes":""},"categories":[24],"tags":[42,38,40,39,41,127,126],"class_list":{"0":"post-151191","1":"post","2":"type-post","3":"status-publish","4":"format-standard","5":"has-post-thumbnail","7":"category-sport","8":"tag-pl","9":"tag-poland","10":"tag-polish","11":"tag-polska","12":"tag-polski","13":"tag-sport","14":"tag-sports"},"share_on_mastodon":{"url":"https:\/\/pubeurope.com\/@pl\/115721007587489603","error":""},"_links":{"self":[{"href":"https:\/\/www.europesays.com\/pl\/wp-json\/wp\/v2\/posts\/151191","targetHints":{"allow":["GET"]}}],"collection":[{"href":"https:\/\/www.europesays.com\/pl\/wp-json\/wp\/v2\/posts"}],"about":[{"href":"https:\/\/www.europesays.com\/pl\/wp-json\/wp\/v2\/types\/post"}],"author":[{"embeddable":true,"href":"https:\/\/www.europesays.com\/pl\/wp-json\/wp\/v2\/users\/2"}],"replies":[{"embeddable":true,"href":"https:\/\/www.europesays.com\/pl\/wp-json\/wp\/v2\/comments?post=151191"}],"version-history":[{"count":0,"href":"https:\/\/www.europesays.com\/pl\/wp-json\/wp\/v2\/posts\/151191\/revisions"}],"wp:featuredmedia":[{"embeddable":true,"href":"https:\/\/www.europesays.com\/pl\/wp-json\/wp\/v2\/media\/151192"}],"wp:attachment":[{"href":"https:\/\/www.europesays.com\/pl\/wp-json\/wp\/v2\/media?parent=151191"}],"wp:term":[{"taxonomy":"category","embeddable":true,"href":"https:\/\/www.europesays.com\/pl\/wp-json\/wp\/v2\/categories?post=151191"},{"taxonomy":"post_tag","embeddable":true,"href":"https:\/\/www.europesays.com\/pl\/wp-json\/wp\/v2\/tags?post=151191"}],"curies":[{"name":"wp","href":"https:\/\/api.w.org\/{rel}","templated":true}]}}