{"id":151195,"date":"2025-12-15T01:38:14","date_gmt":"2025-12-15T01:38:14","guid":{"rendered":"https:\/\/www.europesays.com\/pl\/151195\/"},"modified":"2025-12-15T01:38:14","modified_gmt":"2025-12-15T01:38:14","slug":"zasluzyl-sobie-na-order-lenina-sikorski-komentuje-glosne-slowa-orbana","status":"publish","type":"post","link":"https:\/\/www.europesays.com\/pl\/151195\/","title":{"rendered":"&#8222;Zas\u0142u\u017cy\u0142 sobie na Order Lenina&#8221;. Sikorski komentuje g\u0142o\u015bne s\u0142owa Orbana"},"content":{"rendered":"<p class=\"ods-c-paragraph \">\u2014 Przejmowanie setek miliard\u00f3w innego pa\u0144stwa nigdy w historii nie przesz\u0142o bez odpowiedzi. To deklaracja wojny \u2014 <a href=\"https:\/\/wiadomosci.onet.pl\/swiat\/viktor-orban-znow-grzmi-w-sprawie-rosyjskich-aktywow-deklaracja-wojny\/kx305jd\" id=\"aa958004-b877-4c54-aec2-673d4407dc3e\" rel=\"nofollow noopener\" target=\"_blank\">m\u00f3wi\u0142 Viktor Orban podczas tzw. antywojennego wiecu w Mohaczu<\/a>. By\u0142o to jedno z serii kampanijnych spotka\u0144 z wyborcami przed zaplanowanymi na kwiecie\u0144 przysz\u0142ego roku wyborami parlamentarnymi na W\u0119grzech.<\/p>\n<p>Dalszy ci\u0105g artyku\u0142u pod materia\u0142em wideo<\/p>\n<p> Jak Rados\u0142aw Sikorski skomentowa\u0142 s\u0142owa Orbana? <\/p>\n<p> Co powiedzia\u0142 Viktor Orban o rosyjskich aktywach? <\/p>\n<p> Czym by\u0142 Order Lenina? <\/p>\n<p> Kiedy odb\u0119d\u0105 si\u0119 wybory parlamentarne na W\u0119grzech? <\/p>\n<p class=\"ods-c-paragraph \">W\u0119gierski premier komentowa\u0142 w ten spos\u00f3b pi\u0105tkow\u0105 decyzj\u0119 pa\u0144stw cz\u0142onkowskich UE o zamro\u017ceniu na sta\u0142e rosyjskich aktyw\u00f3w zdeponowanych na terenie wsp\u00f3lnoty. Wcze\u015bniej sw\u00f3j sprzeciw w tej sprawie zapowiada\u0142y w\u0142a\u015bnie W\u0119gry i S\u0142owacja.<\/p>\n<p>   Sikorski komentuje s\u0142owa Orbana. &#8222;Zas\u0142u\u017cy\u0142&#8221;<\/p>\n<p class=\"ods-c-paragraph \">W niedziel\u0119 do s\u0142\u00f3w Orbana odni\u00f3s\u0142 si\u0119 Rados\u0142aw Sikorski. Szef MSZ opublikowa\u0142 na portalu X nagranie z wypowiedzi\u0105 premiera W\u0119gier, kt\u00f3re kr\u00f3tko skomentowa\u0142. &#8222;Viktor zas\u0142u\u017cy\u0142 sobie na Order Lenina&#8221; \u2014 napisa\u0142.<\/p>\n<p> Czym by\u0142 Order Lenina?   <\/p>\n<p class=\"ods-c-paragraph \">Order Lenina by\u0142 najwy\u017cszym odznaczeniem pa\u0144stwowym Zwi\u0105zku Socjalistycznych Republik Radzieckich. Upami\u0119tnia\u0142 on posta\u0107 przyw\u00f3dcy rewolucji pa\u017adziernikowej i tw\u00f3rcy Rosji radzieckiej W\u0142odzimierza Lenina.<\/p>\n<p class=\"ods-c-paragraph \">Odznaczenie to by\u0142o nadawane za &#8222;szczeg\u00f3lnie wybitne zas\u0142ugi w obronie socjalistycznej ojczyzny, wzmacnianiu obronno\u015bci ZSRR, rozwijaniu przyja\u017ani i wsp\u00f3\u0142pracy mi\u0119dzy narodami, wzmacnianiu pokoju oraz inne szczeg\u00f3lne wybitne zas\u0142ugi dla kraju&#8221;. Na orderze wykonanym ze z\u0142ota widnia\u0142o popiersie Lenina z platyny.<\/p>\n","protected":false},"excerpt":{"rendered":"\u2014 Przejmowanie setek miliard\u00f3w innego pa\u0144stwa nigdy w historii nie przesz\u0142o bez odpowiedzi. To deklaracja wojny \u2014 m\u00f3wi\u0142&hellip;\n","protected":false},"author":2,"featured_media":151196,"comment_status":"","ping_status":"","sticky":false,"template":"","format":"standard","meta":{"footnotes":""},"categories":[5],"tags":[32,33,36,37,27,34,35,28,31,48,25,46,42,38,40,39,41,1118,87,47,80,29,30,2669,2670,26],"class_list":{"0":"post-151195","1":"post","2":"type-post","3":"status-publish","4":"format-standard","5":"has-post-thumbnail","7":"category-naglowki","8":"tag-breaking-news","9":"tag-breakingnews","10":"tag-featured-news","11":"tag-featurednews","12":"tag-headlines","13":"tag-latest-news","14":"tag-latestnews","15":"tag-naglowki","16":"tag-najwazniejsze-artykuly","17":"tag-nat_styl","18":"tag-news","19":"tag-omp","20":"tag-pl","21":"tag-poland","22":"tag-polish","23":"tag-polska","24":"tag-polski","25":"tag-radoslaw_sikorski","26":"tag-rosja","27":"tag-screening_general","28":"tag-swiat","29":"tag-top-stories","30":"tag-topstories","31":"tag-viktor_orban","32":"tag-wegry","33":"tag-wiadomosci"},"share_on_mastodon":{"url":"https:\/\/pubeurope.com\/@pl\/115721031145723326","error":""},"_links":{"self":[{"href":"https:\/\/www.europesays.com\/pl\/wp-json\/wp\/v2\/posts\/151195","targetHints":{"allow":["GET"]}}],"collection":[{"href":"https:\/\/www.europesays.com\/pl\/wp-json\/wp\/v2\/posts"}],"about":[{"href":"https:\/\/www.europesays.com\/pl\/wp-json\/wp\/v2\/types\/post"}],"author":[{"embeddable":true,"href":"https:\/\/www.europesays.com\/pl\/wp-json\/wp\/v2\/users\/2"}],"replies":[{"embeddable":true,"href":"https:\/\/www.europesays.com\/pl\/wp-json\/wp\/v2\/comments?post=151195"}],"version-history":[{"count":0,"href":"https:\/\/www.europesays.com\/pl\/wp-json\/wp\/v2\/posts\/151195\/revisions"}],"wp:featuredmedia":[{"embeddable":true,"href":"https:\/\/www.europesays.com\/pl\/wp-json\/wp\/v2\/media\/151196"}],"wp:attachment":[{"href":"https:\/\/www.europesays.com\/pl\/wp-json\/wp\/v2\/media?parent=151195"}],"wp:term":[{"taxonomy":"category","embeddable":true,"href":"https:\/\/www.europesays.com\/pl\/wp-json\/wp\/v2\/categories?post=151195"},{"taxonomy":"post_tag","embeddable":true,"href":"https:\/\/www.europesays.com\/pl\/wp-json\/wp\/v2\/tags?post=151195"}],"curies":[{"name":"wp","href":"https:\/\/api.w.org\/{rel}","templated":true}]}}