{"id":151197,"date":"2025-12-15T01:39:09","date_gmt":"2025-12-15T01:39:09","guid":{"rendered":"https:\/\/www.europesays.com\/pl\/151197\/"},"modified":"2025-12-15T01:39:09","modified_gmt":"2025-12-15T01:39:09","slug":"generacja-stocha-juz-nie-da-rady-goraco-w-sieci-po-konkursie-skoczkow","status":"publish","type":"post","link":"https:\/\/www.europesays.com\/pl\/151197\/","title":{"rendered":"&#8222;Generacja Stocha ju\u017c nie da rady&#8221;. Gor\u0105co w sieci po konkursie skoczk\u00f3w"},"content":{"rendered":"\n<p class=\"contentpart contentpart--default contentpart--text\" data-position=\"0\">Niedzielny konkurs <a href=\"https:\/\/sportowefakty.wp.pl\/skoki-narciarskie\/puchar-swiata\" rel=\"nofollow noopener\" target=\"_blank\">Pucharu \u015awiata w skokach narciarskich<\/a>\u00a0w <a href=\"https:\/\/sportowefakty.wp.pl\/niemcy\/klingenthal\" rel=\"nofollow noopener\" target=\"_blank\">Klingenthal<\/a>\u00a0ponownie nie poszed\u0142 po my\u015bli Bia\u0142o-Czerwonych. Wystarczy powiedzie\u0107, \u017ce najlepszy z nich, Piotr \u017by\u0142a, zaj\u0105\u0142 20. miejsce.<\/p>\n<p class=\"contentpart contentpart--default contentpart--text\" data-position=\"1\">Punkty zdobyli te\u017c Pawe\u0142 W\u0105sek, kt\u00f3ry uplasowa\u0142 si\u0119 za plecami \u017by\u0142y, a tak\u017ce Dawid Kubacki, bowiem by\u0142 28. Niespodziewanie po pierwszej serii udzia\u0142 w konkursie zako\u0144czyli Kamil Stoch czy Kacper Tomasiak. To by\u0142 tym samym najs\u0142abszy wyst\u0119p 18-latka w tym sezonie.<\/p>\n<p> <img role=\"presentation\" src=\"https:\/\/std.wpcdn.pl\/images\/adv\/placeholder_wp.svg\" loading=\"lazy\" alt=\"\" decoding=\"async\"\/>  <\/p>\n<p class=\"contentpart contentpart--default contentpart--text\" data-position=\"2\">ZOBACZ WIDEO: Jakub Kiwior i jego \u017cona zachwycili. Nagranie robi wra\u017cenie<\/p>\n<p class=\"contentpart contentpart--default contentpart--text\" data-position=\"4\">&#8222;Koniec serii Kacpra Tomasiaka. Pierwszy raz w tym sezonie nie zdob\u0119dzie punkt\u00f3w P\u015a. Takie s\u0142absze skoki b\u0119d\u0105 si\u0119 zdarza\u0107. To ca\u0142y czas \u015bwietne wej\u015bcie Kacpra do elity. Nie mo\u017cna jeszcze oczekiwa\u0107 od niego walki o czo\u0142owe lokaty w ka\u017cdym konkursie&#8221; &#8211; oceni\u0142 Adrian Lozio z PZN.<\/p>\n<p class=\"contentpart contentpart--default contentpart--text\" data-position=\"5\">&#8222;Naprawd\u0119 musia\u0142o zmieni\u0107 si\u0119 tak wiele, \u017ceby w polskich skokach narciarskich nie drgn\u0119\u0142o w zasadzie nic? Oby Tomasiak by\u0142 zapowiedzi\u0105 lepszego jutra, bo generacja mistrza Stocha ju\u017c nie da rady m\u0142odszym zagranicznym rywalom. C\u00f3\u017c, pesel oszuka\u0107 najtrudniej, ale to nader oczywiste&#8221; &#8211; podsumowa\u0142 Adam Godlewski z Polska Press.<\/p>\n<p class=\"contentpart contentpart--default contentpart--text\" data-position=\"6\">&#8222;A\u017c siedem razy polscy skoczkowie w tym sezonie zajmowali miejsca 31-32 w indywidualnych konkurach P\u015a. Jak nie idzie, to nie idzie&#8230;&#8221; &#8211; wyliczy\u0142 Kacper \u015aliz z Retro Futbol.<\/p>\n<p> <img role=\"presentation\" src=\"https:\/\/std.wpcdn.pl\/images\/adv\/placeholder_wp.svg\" loading=\"lazy\" alt=\"\" decoding=\"async\"\/>  <\/p>\n<p class=\"contentpart contentpart--default contentpart--text\" data-position=\"7\">&#8222;Pozostaje tylko totalna rewolucja&#8230;&#8221; &#8211; stwierdzi\u0142 Sebastian Czapli\u0144ski z SuperCenzor.<\/p>\n<p class=\"contentpart contentpart--default contentpart--text\" data-position=\"8\">&#8222;Foubert, Naito, czy mniejsze niespodzianki jak Nikaido. Dzieje si\u0119 w skijumping. Szkoda, \u017ce Polacy tylko t\u0142em. Chude czasy, co zrobi\u0107&#8221; &#8211; czytamy we wpisie Krzysztofa Niedzielana z radia\u00a0RDN Nowy S\u0105cz.<\/p>\n<p class=\"contentpart contentpart--default contentpart--text\" data-position=\"9\">&#8222;Anna Twardosz pozostaje jedynym reprezentantem polskich skok\u00f3w z kompletem awans\u00f3w do drugiej serii&#8221; &#8211; zaznaczy\u0142 Marcin Hetnal ze skijumping.pl.<\/p>\n<p class=\"contentpart contentpart--default contentpart--text\" data-position=\"10\">&#8222;Ja wiem, \u017ce wielu z nas ogl\u0105da skoki g\u0142\u00f3wnie dla Polak\u00f3w. Ale ja przypominam sobie, dlaczego uwielbiam ten sport, gdy widz\u0119 w czubie:  Naito znik\u0105d, Fouberta walcz\u0105cego o francuski blask, sympatycznego Nikaido na P2. Szeroki u\u015bmiech na twarzy po prostu&#8221; &#8211; przyzna\u0142 Wiktor Marczuk z TVP Sport.<\/p>\n<p> <img role=\"presentation\" src=\"https:\/\/std.wpcdn.pl\/images\/adv\/placeholder_wp.svg\" loading=\"lazy\" alt=\"\" decoding=\"async\"\/>  <\/p>\n<p class=\"contentpart contentpart--default contentpart--text\" data-position=\"11\">&#8222;World Cup, bloody hell&#8221; &#8211; napisa\u0142 Piotr B\u0105k ze skijumping.pl, wrzucaj\u0105c zdj\u0119cie wynik\u00f3w wi\u0119kszo\u015bci Polak\u00f3w z pierwszej serii.<\/p>\n","protected":false},"excerpt":{"rendered":"Niedzielny konkurs Pucharu \u015awiata w skokach narciarskich\u00a0w Klingenthal\u00a0ponownie nie poszed\u0142 po my\u015bli Bia\u0142o-Czerwonych. Wystarczy powiedzie\u0107, \u017ce najlepszy z&hellip;\n","protected":false},"author":2,"featured_media":151198,"comment_status":"","ping_status":"","sticky":false,"template":"","format":"standard","meta":{"footnotes":""},"categories":[24],"tags":[15022,295,42,38,40,39,41,13539,1538,127,126,447],"class_list":{"0":"post-151197","1":"post","2":"type-post","3":"status-publish","4":"format-standard","5":"has-post-thumbnail","7":"category-sport","8":"tag-klingenthal","9":"tag-niemcy","10":"tag-pl","11":"tag-poland","12":"tag-polish","13":"tag-polska","14":"tag-polski","15":"tag-ps-w-skokach-narciarskich","16":"tag-skoki-narciarskie","17":"tag-sport","18":"tag-sports","19":"tag-sporty-zimowe"},"share_on_mastodon":{"url":"https:\/\/pubeurope.com\/@pl\/115721035304338596","error":""},"_links":{"self":[{"href":"https:\/\/www.europesays.com\/pl\/wp-json\/wp\/v2\/posts\/151197","targetHints":{"allow":["GET"]}}],"collection":[{"href":"https:\/\/www.europesays.com\/pl\/wp-json\/wp\/v2\/posts"}],"about":[{"href":"https:\/\/www.europesays.com\/pl\/wp-json\/wp\/v2\/types\/post"}],"author":[{"embeddable":true,"href":"https:\/\/www.europesays.com\/pl\/wp-json\/wp\/v2\/users\/2"}],"replies":[{"embeddable":true,"href":"https:\/\/www.europesays.com\/pl\/wp-json\/wp\/v2\/comments?post=151197"}],"version-history":[{"count":0,"href":"https:\/\/www.europesays.com\/pl\/wp-json\/wp\/v2\/posts\/151197\/revisions"}],"wp:featuredmedia":[{"embeddable":true,"href":"https:\/\/www.europesays.com\/pl\/wp-json\/wp\/v2\/media\/151198"}],"wp:attachment":[{"href":"https:\/\/www.europesays.com\/pl\/wp-json\/wp\/v2\/media?parent=151197"}],"wp:term":[{"taxonomy":"category","embeddable":true,"href":"https:\/\/www.europesays.com\/pl\/wp-json\/wp\/v2\/categories?post=151197"},{"taxonomy":"post_tag","embeddable":true,"href":"https:\/\/www.europesays.com\/pl\/wp-json\/wp\/v2\/tags?post=151197"}],"curies":[{"name":"wp","href":"https:\/\/api.w.org\/{rel}","templated":true}]}}