{"id":151201,"date":"2025-12-15T01:46:13","date_gmt":"2025-12-15T01:46:13","guid":{"rendered":"https:\/\/www.europesays.com\/pl\/151201\/"},"modified":"2025-12-15T01:46:13","modified_gmt":"2025-12-15T01:46:13","slug":"hiszpanie-mowia-o-zachowaniu-lewandowskiego-oto-reakcja-polaka-na-brak-gry","status":"publish","type":"post","link":"https:\/\/www.europesays.com\/pl\/151201\/","title":{"rendered":"Hiszpanie m\u00f3wi\u0105 o zachowaniu Lewandowskiego. Oto reakcja Polaka na brak gry"},"content":{"rendered":"<p>FC Barcelona ma za sob\u0105 kolejne zwyci\u0119stwo z rz\u0119du i ju\u017c zapewni\u0142a sobie pozycj\u0119 lidera La Liga do ko\u0144ca tego roku. Tym razem ekipie w wywalczeniu trzech punkt\u00f3w nie pomogli Polacy. Zar\u00f3wno Robert Lewandowski, jak i Wojciech Szcz\u0119sny przesiedzieli ca\u0142e sobotnie starcie z Osasun\u0105 na \u0142awce rezerwowych. Wed\u0142ug relacji hiszpa\u0144skich medi\u00f3w, ten pierwszy nie by\u0142 zadowolony z takiego scenariusza.<\/p>\n<p>Pi\u0142karze FC Barcelony podczas treningu przed kolejnymi meczami ligowymi. Od lewej: Marc-Andre Ter Stegen, Wojciech Szcz\u0119sny, Robert Lewandowski<\/p>\n<p>Lewandowski, mimo up\u0142ywu lat, wci\u0105\u017c ma ambicje, aby regularnie wyst\u0119powa\u0107 od pierwszej minuty. Tymczasem w sobotniej konfrontacji z Osasun\u0105 nie pojawi\u0142 si\u0119 na boisku nawet na minut\u0119. &#8222;Duma Katalonii&#8221; wygra\u0142a 2:0 po trafieniach Raphinhi w drugiej po\u0142owie.<\/p>\n<p>\u00a0<\/p>\n<p>Polak, mimo \u017ce w ostatnich tygodniach nie gra tyle, ile chcia\u0142by oraz nie potrafi zapisa\u0107 si\u0119 na li\u015bcie strzelc\u00f3w, nadal pozostaje jednym z najlepszych napastnik\u00f3w zespo\u0142u, jak i ca\u0142ych rozgrywek La Liga. Na koncie posiada osiem goli i dwie asysty w 17 spotkaniach w ca\u0142ym sezonie.<\/p>\n<p>\u00a0<\/p>\n<p>ZOBACZ TAK\u017bE: <a href=\"https:\/\/www.polsatsport.pl\/wiadomosc\/2025-12-14\/hajto-grzmi-nt-obcokrajowcow-w-polsce-ktory-sort-do-nas-przyjezdza\/\" target=\"_blank\" rel=\"noopener noreferrer nofollow\">Hajto grzmi nt. obcokrajowc\u00f3w w Polsce. &#8222;Kt\u00f3ry sort do nas przyje\u017cd\u017ca?&#8221;<\/a><\/p>\n<p>\u00a0<\/p>\n<p>Hiszpa\u0144skie media donosz\u0105, \u017ce absencja Lewandowskiego przeciwko Osasunie by\u0142a spowodowana minimalizowaniem ryzyka pog\u0142\u0119bienia si\u0119 kontuzji u Polaka, kt\u00f3ry z racji wieku potrzebuje wi\u0119cej czasu na regeneracj\u0119. A chodzi o niedawne k\u0142opoty mi\u0119\u015bniowe i b\u00f3le plec\u00f3w. Taka narracja chyba jednak nie przypad\u0142a 37-latkowi do gustu, bo wed\u0142ug hiszpa\u0144skiej rozg\u0142o\u015bni radiowej COPE, Polak z grymasem niezadowolenia jako pierwszy opu\u015bci\u0142 stadion tu\u017c po ostatnim gwizdku s\u0119dziego. &#8222;By\u0142 zirytowany&#8221; &#8211; s\u0142yszymy.<\/p>\n<p>\u00a0<\/p>\n<p>&#8222;Mundo Deportivo&#8221; donosi, \u017ce Lewandowskiego zabrak\u0142o z dru\u017cyn\u0105 na niedzielnym treningu. \u0106wiczy\u0142 indywidualnie na si\u0142owni.<\/p>\n<p>\u00a0<\/p>\n<p>Do ko\u0144ca tego roku FC Barcelona rozegra jeszcze dwa spotkania &#8211; najpierw 16 grudnia w 1\/16 fina\u0142u Pucharu Kr\u00f3la z Guadalajar\u0105, a nast\u0119pnie 21 grudnia na wyje\u017adzie z Villarreal w La Liga, do kt\u00f3rej na pewno przyst\u0105pi w 2026 roku jako lider tabeli.<\/p>\n<p>Polsat Sport<\/p>\n<p><a class=\"news__read-more-button\" href=\"https:\/\/www.polsatsport.pl\/\" rel=\"nofollow noopener\" target=\"_blank\">Przejd\u017a na Polsatsport.pl<\/a><img decoding=\"async\" src=\"https:\/\/www.europesays.com\/pl\/wp-content\/uploads\/2025\/12\/jp5drc4gjx6k4t7pkf4pok5qe65ebeyn.jpg\" alt=\"\" itemprop=\"contentUrl\" style=\"position:absolute; width: 100%; max-height: 100%;\"\/><video controls=\"\" controlslist=\"nodownload\" poster=\"https:\/\/www.europesays.com\/pl\/wp-content\/uploads\/2025\/12\/jp5drc4gjx6k4t7pkf4pok5qe65ebeyn.jpg\" class=\"videoPlayer player7231485 news__video\" data-id=\"7231485\">Twoja przegl\u0105darka nie wspiera odtwarzacza wideo&#8230;<\/video>PolsatSport.pl w wersji na telefony z systemem Android i iOS!<\/p>\n<p class=\"app-ad__preview\">Najnowsze informacje i wiadomo\u015bci na bie\u017c\u0105co, gdziekolwiek jeste\u015b.<\/p>\n","protected":false},"excerpt":{"rendered":"FC Barcelona ma za sob\u0105 kolejne zwyci\u0119stwo z rz\u0119du i ju\u017c zapewni\u0142a sobie pozycj\u0119 lidera La Liga do&hellip;\n","protected":false},"author":2,"featured_media":151202,"comment_status":"","ping_status":"","sticky":false,"template":"","format":"standard","meta":{"footnotes":""},"categories":[24],"tags":[42,38,40,39,41,127,126],"class_list":{"0":"post-151201","1":"post","2":"type-post","3":"status-publish","4":"format-standard","5":"has-post-thumbnail","7":"category-sport","8":"tag-pl","9":"tag-poland","10":"tag-polish","11":"tag-polska","12":"tag-polski","13":"tag-sport","14":"tag-sports"},"share_on_mastodon":{"url":"https:\/\/pubeurope.com\/@pl\/115721062586771493","error":""},"_links":{"self":[{"href":"https:\/\/www.europesays.com\/pl\/wp-json\/wp\/v2\/posts\/151201","targetHints":{"allow":["GET"]}}],"collection":[{"href":"https:\/\/www.europesays.com\/pl\/wp-json\/wp\/v2\/posts"}],"about":[{"href":"https:\/\/www.europesays.com\/pl\/wp-json\/wp\/v2\/types\/post"}],"author":[{"embeddable":true,"href":"https:\/\/www.europesays.com\/pl\/wp-json\/wp\/v2\/users\/2"}],"replies":[{"embeddable":true,"href":"https:\/\/www.europesays.com\/pl\/wp-json\/wp\/v2\/comments?post=151201"}],"version-history":[{"count":0,"href":"https:\/\/www.europesays.com\/pl\/wp-json\/wp\/v2\/posts\/151201\/revisions"}],"wp:featuredmedia":[{"embeddable":true,"href":"https:\/\/www.europesays.com\/pl\/wp-json\/wp\/v2\/media\/151202"}],"wp:attachment":[{"href":"https:\/\/www.europesays.com\/pl\/wp-json\/wp\/v2\/media?parent=151201"}],"wp:term":[{"taxonomy":"category","embeddable":true,"href":"https:\/\/www.europesays.com\/pl\/wp-json\/wp\/v2\/categories?post=151201"},{"taxonomy":"post_tag","embeddable":true,"href":"https:\/\/www.europesays.com\/pl\/wp-json\/wp\/v2\/tags?post=151201"}],"curies":[{"name":"wp","href":"https:\/\/api.w.org\/{rel}","templated":true}]}}