{"id":151205,"date":"2025-12-15T01:53:10","date_gmt":"2025-12-15T01:53:10","guid":{"rendered":"https:\/\/www.europesays.com\/pl\/151205\/"},"modified":"2025-12-15T01:53:10","modified_gmt":"2025-12-15T01:53:10","slug":"szokujaca-teoria-tomaszewskiego-chodzi-o-lewandowskiego","status":"publish","type":"post","link":"https:\/\/www.europesays.com\/pl\/151205\/","title":{"rendered":"Szokuj\u0105ca teoria Tomaszewskiego. Chodzi o Lewandowskiego"},"content":{"rendered":"\n<p class=\"contentpart contentpart--default contentpart--text\" data-position=\"0\"><a href=\"https:\/\/sportowefakty.wp.pl\/pilka-nozna\/robert-lewandowski\" rel=\"nofollow noopener\" target=\"_blank\">Robert Lewandowski<\/a>\u00a0ponownie obejrza\u0142 mecz Barcelony z \u0142awki rezerwowych. Tym razem powodem absencji by\u0142 uraz, ale coraz cz\u0119\u015bciej m\u00f3wi si\u0119 o jego spadku formy i rosn\u0105cej konkurencji ze strony Ferrana Torresa. G\u0142os w sprawie zabra\u0142 <a href=\"https:\/\/sportowefakty.wp.pl\/pilka-nozna\/jan-tomaszewski\" rel=\"nofollow noopener\" target=\"_blank\">Jan Tomaszewski<\/a>, kt\u00f3ry nie tylko oceni\u0142 sytuacj\u0119 kapitana reprezentacji Polski, ale te\u017c przedstawi\u0142 zaskakuj\u0105c\u0105 teori\u0119 dotycz\u0105c\u0105 intencji w\u0142adz klubu.<\/p>\n<p class=\"contentpart contentpart--default contentpart--text\" data-position=\"1\">Jego zdaniem Barcelona mo\u017ce chcie\u0107 wykorzysta\u0107 zimowe okno transferowe, by sprzeda\u0107 Lewandowskiego. Kontrakt ko\u0144czy si\u0119 napastnikowi 30 czerwca 2026 roku, a Barca nie rozpocz\u0119\u0142a rozm\u00f3w o jego przed\u0142u\u017ceniu i nie wiadomo, czy to zrobi. To daje pole do wielu spekulacji.<\/p>\n<p> <img role=\"presentation\" src=\"https:\/\/std.wpcdn.pl\/images\/adv\/placeholder_wp.svg\" loading=\"lazy\" alt=\"\" decoding=\"async\"\/>  <\/p>\n<p class=\"contentpart contentpart--default contentpart--text\" data-position=\"2\">ZOBACZ WIDEO: Kadra, relacje z Lewandowskim i Urbanem. Jerzy Brz\u0119czek go\u015bciem WP SportoweFakty<\/p>\n<p class=\"contentpart contentpart--default contentpart--text\" data-position=\"4\">&#8211; Ja s\u0105dz\u0119, \u017ce mo\u017ce jest co\u015b innego, \u017ce oni chc\u0105 si\u0119 Roberta w zimie pozby\u0107. I dlatego wystawiaj\u0105 go do zespo\u0142u, \u017ceby kto\u015b go w tej chwili kupi\u0142 w grudniu. Bo w grudniu, je\u015bli go kto\u015b kupi, to b\u0119dzie musia\u0142 zap\u0142aci\u0107 pieni\u0105dze Barcelonie, a w czerwcu Robert powie &#8222;bye&#8221; i do widzenia &#8211; podsumowuje Tomaszewski.<\/p>\n<p class=\"contentpart contentpart--default contentpart--text\" data-position=\"5\">By\u0142y reprezentant Polski uwa\u017ca, \u017ce napastnik straci\u0142 atuty fizyczne, kt\u00f3re wynosi\u0142y go na szczyt w Bayernie Monachium. &#8211; On ju\u017c nie mo\u017ce biega\u0107 do ty\u0142u, tak jak Ferran Torres, kt\u00f3ry zasuwa jak ma\u0142y samochodzik. A je\u015bli nad\u0105\u017ca i jest w sytuacji strzeleckiej, to nie ma tej precyzji, po prostu nie ma tej dynamiki, nie ma tej si\u0142y. St\u0105d jego indolencja strzelecka &#8211; analizuje Tomaszewski.<\/p>\n<p class=\"contentpart contentpart--default contentpart--text\" data-position=\"6\">Wed\u0142ug Tomaszewskiego Lewandowski powinien pe\u0142ni\u0107 inn\u0105 rol\u0119 na boisku. Jego zdaniem wiek i obci\u0105\u017cenie sezonem sprawiaj\u0105, \u017ce Polak nie jest ju\u017c w stanie gra\u0107 z pe\u0142n\u0105 intensywno\u015bci\u0105 przez 90 minut. Ekspert &#8222;Super Expressu&#8221; uwa\u017ca, \u017ce &#8222;Lewy&#8221; powinien pe\u0142ni\u0107 rol\u0119 tzw. &#8222;superrezerwowego&#8221; i pojawia\u0107 si\u0119 na boisku dopiero w drugiej po\u0142owie, gdy rywale s\u0105 ju\u017c zm\u0119czeni.<\/p>\n","protected":false},"excerpt":{"rendered":"Robert Lewandowski\u00a0ponownie obejrza\u0142 mecz Barcelony z \u0142awki rezerwowych. Tym razem powodem absencji by\u0142 uraz, ale coraz cz\u0119\u015bciej m\u00f3wi&hellip;\n","protected":false},"author":2,"featured_media":151206,"comment_status":"","ping_status":"","sticky":false,"template":"","format":"standard","meta":{"footnotes":""},"categories":[24],"tags":[1157,272,267,2574,538,269,540,278,42,38,40,39,41,273,127,126],"class_list":{"0":"post-151205","1":"post","2":"type-post","3":"status-publish","4":"format-standard","5":"has-post-thumbnail","7":"category-sport","8":"tag-barcelona","9":"tag-fc-barcelona","10":"tag-hiszpania","11":"tag-jan-tomaszewski","12":"tag-la-liga","13":"tag-pilka-nozna","14":"tag-pilka-nozna-w-hiszpanii","15":"tag-pilka-w-europie","16":"tag-pl","17":"tag-poland","18":"tag-polish","19":"tag-polska","20":"tag-polski","21":"tag-robert-lewandowski","22":"tag-sport","23":"tag-sports"},"share_on_mastodon":{"url":"https:\/\/pubeurope.com\/@pl\/115721090617394635","error":""},"_links":{"self":[{"href":"https:\/\/www.europesays.com\/pl\/wp-json\/wp\/v2\/posts\/151205","targetHints":{"allow":["GET"]}}],"collection":[{"href":"https:\/\/www.europesays.com\/pl\/wp-json\/wp\/v2\/posts"}],"about":[{"href":"https:\/\/www.europesays.com\/pl\/wp-json\/wp\/v2\/types\/post"}],"author":[{"embeddable":true,"href":"https:\/\/www.europesays.com\/pl\/wp-json\/wp\/v2\/users\/2"}],"replies":[{"embeddable":true,"href":"https:\/\/www.europesays.com\/pl\/wp-json\/wp\/v2\/comments?post=151205"}],"version-history":[{"count":0,"href":"https:\/\/www.europesays.com\/pl\/wp-json\/wp\/v2\/posts\/151205\/revisions"}],"wp:featuredmedia":[{"embeddable":true,"href":"https:\/\/www.europesays.com\/pl\/wp-json\/wp\/v2\/media\/151206"}],"wp:attachment":[{"href":"https:\/\/www.europesays.com\/pl\/wp-json\/wp\/v2\/media?parent=151205"}],"wp:term":[{"taxonomy":"category","embeddable":true,"href":"https:\/\/www.europesays.com\/pl\/wp-json\/wp\/v2\/categories?post=151205"},{"taxonomy":"post_tag","embeddable":true,"href":"https:\/\/www.europesays.com\/pl\/wp-json\/wp\/v2\/tags?post=151205"}],"curies":[{"name":"wp","href":"https:\/\/api.w.org\/{rel}","templated":true}]}}