{"id":151213,"date":"2025-12-15T02:04:09","date_gmt":"2025-12-15T02:04:09","guid":{"rendered":"https:\/\/www.europesays.com\/pl\/151213\/"},"modified":"2025-12-15T02:04:09","modified_gmt":"2025-12-15T02:04:09","slug":"strzaly-na-uniwersytecie-w-usa-policja-zatrzymala-jedna-osobe","status":"publish","type":"post","link":"https:\/\/www.europesays.com\/pl\/151213\/","title":{"rendered":"Strza\u0142y na uniwersytecie w USA. Policja zatrzyma\u0142a jedn\u0105 osob\u0119"},"content":{"rendered":"<p>W niedziel\u0119 rano policja w\u00a0Providence zatrzyma\u0142a m\u0119\u017cczyzn\u0119, kt\u00f3ry mo\u017ce mie\u0107 zwi\u0105zek ze strzelanin\u0105 na Uniwersytecie Browna w\u00a0Providence (USA) &#8211;\u00a0informuje NBC News. Dramatyczne wydarzenia rozegra\u0142y si\u0119 w\u00a0sobot\u0119 wieczorem (13 grudnia). Napastnik otworzy\u0142 ogie\u0144, gdy w\u00a0budynku odbywa\u0142y si\u0119 egzaminy ko\u0144cowe. <\/p>\n<p>Z najnowszych doniesie\u0144 wynika, \u017ce dwie osoby zgin\u0119\u0142y, a\u00a0dziewi\u0119\u0107 zosta\u0142o rannych. Wed\u0142ug NBC News, stan siedmiu os\u00f3b jest krytyczny. To\u017csamo\u015b\u0107 ofiar nie zosta\u0142a jeszcze ujawniona, ale rektor uczelni, Christina Paxton, poinformowa\u0142a podczas konferencji prasowej, \u017ce zar\u00f3wno zabici, jak i\u00a0ranni, to studenci. <\/p>\n<p>Strzelanina w\u00a0USA. Podejrzany w\u00a0r\u0119kach policji <\/p>\n<p>Na nagraniu opublikowanym wcze\u015bniej przez funkcjonariuszy wida\u0107 ubran\u0105 na czarno posta\u0107 m\u0119\u017cczyzny, prawdopodobnie w\u00a0wieku ok. 30 lat. Nie wida\u0107 jednak twarzy sprawcy. Wideo powsta\u0142o, gdy podejrzany opuszcza\u0142 budynek po strzelaninie.<\/p>\n<p>Jeden ze \u015bwiadk\u00f3w zdarzenia opisywa\u0142, \u017ce napastnik po wej\u015bciu do budynku, krzykn\u0105\u0142 co\u015b, a\u00a0potem zacz\u0105\u0142 strzela\u0107. Studenci rzucili si\u0119 do ucieczki.<\/p>\n<p>Do strzelaniny dosz\u0142o w\u00a0pobli\u017cu budynku Barus &amp; Holley, gdzie mie\u015bci si\u0119 wydzia\u0142 in\u017cynieryjny uczelni. To siedmiopi\u0119trowy blok, w\u00a0kt\u00f3rym znajduje si\u0119 117 laboratori\u00f3w i\u00a0kilkadziesi\u0105t sal wyk\u0142adowych. Na Uniwersytecie Browna studiuje ponad 11 tys. student\u00f3w.<\/p>\n<p>W\u00a0wyja\u015bnienie sprawy zaanga\u017cowano 400 funkcjonariuszy r\u00f3\u017cnych s\u0142u\u017cb lokalnych i\u00a0federalnych.<\/p>\n<p>Uniwersytet Browna, nale\u017c\u0105cy do grupy presti\u017cowych uczelni &#8222;Ivy League&#8221;, pozostaje zamkni\u0119ty. BBC, powo\u0142uj\u0105c si\u0119 na dane z\u00a0niezale\u017cnej witryny analitycznej Gun Violence Archive, przypomina, \u017ce po ataku na kampusie \u200b\u200bliczba masowych strzelanin (gdy cztery lub wi\u0119cej os\u00f3b zostaje zabitych lub rannych) w USA w\u00a0tym roku wzros\u0142a do 389.<\/p>\n","protected":false},"excerpt":{"rendered":"W niedziel\u0119 rano policja w\u00a0Providence zatrzyma\u0142a m\u0119\u017cczyzn\u0119, kt\u00f3ry mo\u017ce mie\u0107 zwi\u0105zek ze strzelanin\u0105 na Uniwersytecie Browna w\u00a0Providence (USA)&hellip;\n","protected":false},"author":2,"featured_media":151214,"comment_status":"","ping_status":"","sticky":false,"template":"","format":"standard","meta":{"footnotes":""},"categories":[14],"tags":[32,33,27,34,35,28,31,25,40,41,80,29,30,26,82,83,84],"class_list":{"0":"post-151213","1":"post","2":"type-post","3":"status-publish","4":"format-standard","5":"has-post-thumbnail","7":"category-swiat","8":"tag-breaking-news","9":"tag-breakingnews","10":"tag-headlines","11":"tag-latest-news","12":"tag-latestnews","13":"tag-naglowki","14":"tag-najwazniejsze-artykuly","15":"tag-news","16":"tag-polish","17":"tag-polski","18":"tag-swiat","19":"tag-top-stories","20":"tag-topstories","21":"tag-wiadomosci","22":"tag-world","23":"tag-world-news","24":"tag-worldnews"},"share_on_mastodon":{"url":"https:\/\/pubeurope.com\/@pl\/115721133227031462","error":""},"_links":{"self":[{"href":"https:\/\/www.europesays.com\/pl\/wp-json\/wp\/v2\/posts\/151213","targetHints":{"allow":["GET"]}}],"collection":[{"href":"https:\/\/www.europesays.com\/pl\/wp-json\/wp\/v2\/posts"}],"about":[{"href":"https:\/\/www.europesays.com\/pl\/wp-json\/wp\/v2\/types\/post"}],"author":[{"embeddable":true,"href":"https:\/\/www.europesays.com\/pl\/wp-json\/wp\/v2\/users\/2"}],"replies":[{"embeddable":true,"href":"https:\/\/www.europesays.com\/pl\/wp-json\/wp\/v2\/comments?post=151213"}],"version-history":[{"count":0,"href":"https:\/\/www.europesays.com\/pl\/wp-json\/wp\/v2\/posts\/151213\/revisions"}],"wp:featuredmedia":[{"embeddable":true,"href":"https:\/\/www.europesays.com\/pl\/wp-json\/wp\/v2\/media\/151214"}],"wp:attachment":[{"href":"https:\/\/www.europesays.com\/pl\/wp-json\/wp\/v2\/media?parent=151213"}],"wp:term":[{"taxonomy":"category","embeddable":true,"href":"https:\/\/www.europesays.com\/pl\/wp-json\/wp\/v2\/categories?post=151213"},{"taxonomy":"post_tag","embeddable":true,"href":"https:\/\/www.europesays.com\/pl\/wp-json\/wp\/v2\/tags?post=151213"}],"curies":[{"name":"wp","href":"https:\/\/api.w.org\/{rel}","templated":true}]}}