{"id":151215,"date":"2025-12-15T02:07:11","date_gmt":"2025-12-15T02:07:11","guid":{"rendered":"https:\/\/www.europesays.com\/pl\/151215\/"},"modified":"2025-12-15T02:07:11","modified_gmt":"2025-12-15T02:07:11","slug":"slask-wroclaw-w-krytycznej-sytuacji-klub-jest-zamrozony","status":"publish","type":"post","link":"https:\/\/www.europesays.com\/pl\/151215\/","title":{"rendered":"\u015al\u0105sk Wroc\u0142aw w krytycznej sytuacji. &#8222;Klub jest zamro\u017cony&#8221;"},"content":{"rendered":"<p>\u015al\u0105sk Wroc\u0142aw ma powa\u017cne problemy finansowe. Dziennikarz Piotr Pot\u0119pa twierdzi, \u017ce sytuacja klubu jest krytyczna.<\/p>\n<p>Jeszcze niedawno wydawa\u0142o si\u0119, \u017ce \u015al\u0105sk w ko\u0144cu zostanie sprywatyzowany. W mediach zapowiadano, \u017ce rozmowy w\u0142adz Wroc\u0142awia z biznesmenem Mariuszem Iwa\u0144skim s\u0105 ju\u017c na finiszu. W ostatnich dniach dosz\u0142o jednak do zwrotu akcji i na razie nic nie zapowiada pozytywnego dla klubu rozwoju sytuacji.<\/p>\n<p>Dalsza cz\u0119\u015b\u0107 tekstu pod wideo<\/p>\n<p>\u015al\u0105sk na razie pozostanie na garnuszku miasta. Perspektywy nie s\u0105 zbyt ciekawe. Klub b\u0119dzie czeka\u0142 na kolejne przelewy z miejskiego bud\u017cetu. Bez nich b\u0119dzie \u017ale.<\/p>\n<p>&#8211; Sytuacja \u015al\u0105ska Wroc\u0142aw robi si\u0119 coraz bardziej krytyczna. Klub jest totalnie zamro\u017cony. Jest problem nawet z obozem zimowym, bo miejsce jest wybrane, a nie ma z czego pokry\u0107 jego koszt\u00f3w. O jakichkolwiek transferach na t\u0119 chwil\u0119 w og\u00f3le nie ma mowy &#8211; poinformowa\u0142 Piotr Pot\u0119pa.<\/p>\n<p>Pod koniec listopada wroc\u0142awscy radni zdecydowali o przyznaniu \u015al\u0105skowi kolejnych milion\u00f3w z miejskiej kasy. Nie rozwi\u0105za\u0142o to jednak problem\u00f3w klubu.<\/p>\n<p>&#8211; Dotacja 5 mln, kt\u00f3r\u0105 klub otrzyma\u0142 na pocz\u0105tku grudnia, by\u0142a celowa i mo\u017cna by\u0142o j\u0105 przeznaczy\u0107 tylko na organizacj\u0119 mecz\u00f3w i trening\u00f3w w tym miesi\u0105cu. Nie mo\u017cna by\u0142o wykorzysta\u0107 jej na sp\u0142at\u0119 d\u0142ug\u00f3w czy inne dzia\u0142ania restrukturyzacyjne &#8211; wyja\u015bni\u0142 Pot\u0119pa.<\/p>\n<p>Wed\u0142ug niego sytuacja finansowa \u015al\u0105ska jest tak trudna, \u017ce klub nie m\u00f3g\u0142 przedstawi\u0107 kibicom oferty \u015bwi\u0105tecznych gad\u017cet\u00f3w. Zamiast je przygotowa\u0107, musia\u0142 zap\u0142aci\u0107 zaleg\u0142e pensje swoim pracownikom. W dodatku podwy\u017cszenie kapita\u0142u zak\u0142adowego sp\u00f3\u0142ki nie jest mo\u017cliwy z powodu otwartego procesu jej prywatyzacji.<\/p>\n","protected":false},"excerpt":{"rendered":"\u015al\u0105sk Wroc\u0142aw ma powa\u017cne problemy finansowe. Dziennikarz Piotr Pot\u0119pa twierdzi, \u017ce sytuacja klubu jest krytyczna. Jeszcze niedawno wydawa\u0142o&hellip;\n","protected":false},"author":2,"featured_media":151216,"comment_status":"","ping_status":"","sticky":false,"template":"","format":"standard","meta":{"footnotes":""},"categories":[24],"tags":[42,38,40,39,41,127,126],"class_list":{"0":"post-151215","1":"post","2":"type-post","3":"status-publish","4":"format-standard","5":"has-post-thumbnail","7":"category-sport","8":"tag-pl","9":"tag-poland","10":"tag-polish","11":"tag-polska","12":"tag-polski","13":"tag-sport","14":"tag-sports"},"share_on_mastodon":{"url":"https:\/\/pubeurope.com\/@pl\/115721145094773540","error":""},"_links":{"self":[{"href":"https:\/\/www.europesays.com\/pl\/wp-json\/wp\/v2\/posts\/151215","targetHints":{"allow":["GET"]}}],"collection":[{"href":"https:\/\/www.europesays.com\/pl\/wp-json\/wp\/v2\/posts"}],"about":[{"href":"https:\/\/www.europesays.com\/pl\/wp-json\/wp\/v2\/types\/post"}],"author":[{"embeddable":true,"href":"https:\/\/www.europesays.com\/pl\/wp-json\/wp\/v2\/users\/2"}],"replies":[{"embeddable":true,"href":"https:\/\/www.europesays.com\/pl\/wp-json\/wp\/v2\/comments?post=151215"}],"version-history":[{"count":0,"href":"https:\/\/www.europesays.com\/pl\/wp-json\/wp\/v2\/posts\/151215\/revisions"}],"wp:featuredmedia":[{"embeddable":true,"href":"https:\/\/www.europesays.com\/pl\/wp-json\/wp\/v2\/media\/151216"}],"wp:attachment":[{"href":"https:\/\/www.europesays.com\/pl\/wp-json\/wp\/v2\/media?parent=151215"}],"wp:term":[{"taxonomy":"category","embeddable":true,"href":"https:\/\/www.europesays.com\/pl\/wp-json\/wp\/v2\/categories?post=151215"},{"taxonomy":"post_tag","embeddable":true,"href":"https:\/\/www.europesays.com\/pl\/wp-json\/wp\/v2\/tags?post=151215"}],"curies":[{"name":"wp","href":"https:\/\/api.w.org\/{rel}","templated":true}]}}