{"id":151217,"date":"2025-12-15T02:12:10","date_gmt":"2025-12-15T02:12:10","guid":{"rendered":"https:\/\/www.europesays.com\/pl\/151217\/"},"modified":"2025-12-15T02:12:10","modified_gmt":"2025-12-15T02:12:10","slug":"grand-press-dla-mariusza-gierszewskiego-i-dominiki-dlugosz-za-ujawnienie-nocnego-spotkania-holowni-i-kaczynskiego","status":"publish","type":"post","link":"https:\/\/www.europesays.com\/pl\/151217\/","title":{"rendered":"Grand Press dla Mariusza Gierszewskiego i Dominiki D\u0142ugosz za ujawnienie nocnego spotkania Ho\u0142owni i Kaczy\u0144skiego"},"content":{"rendered":"<p>Dziennikarze Radia ZET i &#8222;Newsweeka&#8221; z Grand Pressem<\/p>\n<p class=\"art_paragraph\">W niedziel\u0119 14 grudnia po raz 29. wr\u0119czono presti\u017cowe nagrody dla dziennikarzy Grand Press. W kategorii News wygrali Mariusz Gierszewski z Radia ZET i Dominika D\u0142ugosz z &#8222;Newsweeka&#8221;, kt\u00f3rzy 4 lipca opublikowali tekst: <a href=\"https:\/\/wiadomosci.radiozet.pl\/polityka\/radio-zet-ujawnia-szymon-holownia-spotkal-sie-pod-oslona-nocy-z-wyslannikiem-jaroslawa-kaczynskiego\" class=\"art_link\" rel=\"dofollow noopener\" target=\"_blank\">&#8222;Radio ZET ujawnia: Szymon Ho\u0142ownia spotka\u0142 si\u0119 pod os\u0142on\u0105 nocy z wys\u0142annikiem Jaros\u0142awa Kaczy\u0144skiego&#8221;.<\/a>\u00a0Nagrod\u0119 dziennikarzom wr\u0119czy\u0142 Jacek \u017bakowski, juror, pierwszy uhonorowany tytu\u0142em &#8222;Dziennikarz Roku&#8221;, gospodarz porannego pasma w radiu TOK FM. &#8211; News to cesarz dziennikarstwa. Wszyscy si\u0119 newsami \u017cywimy &#8211; m\u00f3wi\u0142 \u017bakowski. Po odebraniu nagrody Dominika D\u0142ugosz opowiedzia\u0142a o ostatnim spotkaniu ze studentami. &#8211; Zapytali nas, dlaczego chcemy by\u0107 dziennikarzami. Ja uwa\u017cam, \u017ce to jest najlepszy zaw\u00f3d \u015bwiata. Mariusz uwa\u017ca, \u017ce to jest najgorszy zaw\u00f3d \u015bwiata. Z jednej strony robimy rzeczy wielkie, z drugiej robimy rzeczy, kt\u00f3re nie przynosz\u0105 takiego efektu, jakiego by\u015bmy chcieli. Czasami udaje nam si\u0119 pokaza\u0107 to, co mia\u0142o zosta\u0107 ukryte i to sprawia, \u017ce ten zaw\u00f3d jest naprawd\u0119 najlepszy zawodem \u015bwiata &#8211;\u00a0przekonywa\u0142a dziennikarka &#8222;Newsweeka&#8221;.\u00a0<\/p>\n<p>Przedlacki dziennikarzem Roku 2025\u00a0<\/p>\n<p class=\"art_paragraph\">Zwie\u0144czeniem niedzielnej gali by\u0142o wr\u0119czenie nagrody dla Dziennikarza Roku. Zosta\u0142 nim Micha\u0142 Przedlacki,\u00a0reporter &#8222;Superwizjera&#8221; TVN24 , nagrodzony za\u00a0reporta\u017ce wojenne z Ukrainy. Tegoroczne jury Grand Press\u00f3w to&#8221; Andrzej Andrysiak (&#8222;Gazeta Radomszcza\u0144ska&#8221;, SGL), Mariusz Janicki (&#8222;Polityka&#8221;), Magda Jethon (Radio Nowy \u015awiat), Barbara Kasprzycka (Wirtualna Polska), Edward Miszczak (Telewizja Polsat), Micha\u0142 Rodak (RMF FM), Mateusz Sosnowski (TVN24), Ewa Szadkowska (&#8222;Rzeczpospolita&#8221;), Marek Twar\u00f3g (Polska Press Grupa), Jacek Wakar (Polska Agencja Prasowa), Robert Walenciak (&#8222;Przegl\u0105d&#8221;), Michel Viatteau (Agence France-Presse), Marek Zaj\u0105c (TVP), Krzysztof Zyzik (&#8222;O!Polska&#8221;) oraz Jacek \u017bakowski (Tok FM, pierwszy Dziennikarz Roku).<\/p>\n<p>        Zobacz wideo<\/p>\n<p>            Koniec kadencji Ho\u0142owni. Najlepsze momenty marsza\u0142ka Sejmu\n    <\/p>\n<p>Bielan oskar\u017cy\u0142 SOP ws. przecieku\u00a0<\/p>\n<p class=\"art_paragraph\">Po publikacji wiadomo\u015bci o nocnym spotkaniu\u00a0Jaros\u0142aw Kaczy\u0144ski, Szymon Ho\u0142ownia i Micha\u0142 Kami\u0144ski w domu Adama Bielana, ten ostatni oskar\u017cy\u0142 o przeciek pracownik\u00f3w S\u0142u\u017cby Ochrony Pa\u0144stwa. Europose\u0142 stwierdzi\u0142, \u017ce za przeciek odpowiada premier Donald Tusk, a\u00a0wykorzysta\u0142 do tego\u00a0funkcjonariuszy SOP, kt\u00f3rzy chronili \u00f3wczesnego marsza\u0142ka Sejmu Szymona Ho\u0142owni\u0119.\u00a0&#8211; To, co w tej sprawie jest bulwersuj\u0105ce i mam na to wiele poszlak, \u017ce to Donald Tusk ujawni\u0142 paparazzi (&#8230;) fakt, \u017ce to spotkanie si\u0119 odbywa. M\u00f3g\u0142 to wiedzie\u0107 oczywi\u015bcie tylko ze strony SOP-u &#8211; m\u00f3wi\u0142 Bielan. Jego zdaniem dziennikarze dowiedzieli si\u0119 o spotkaniu na pocz\u0105tku lipca od polityk\u00f3w nadzoruj\u0105cych SOP.\u00a0&#8211; Wskazuj\u0105 na to wydarzenia, kt\u00f3re si\u0119 wtedy odby\u0142y. Kolacja zacz\u0119\u0142a si\u0119 o godzinie 19. Wtedy przyjecha\u0142 mi\u0119dzy innymi pan prezes Jaros\u0142aw Kaczy\u0144ski. Szymon Ho\u0142ownia by\u0142 sp\u00f3\u017aniony, uprzedza\u0142, \u017ce b\u0119dzie sp\u00f3\u017aniony ze wzgl\u0119du na obowi\u0105zki s\u0142u\u017cbowe &#8211; powiedzia\u0142.<\/p>\n<p class=\"art_paragraph\">T\u0142umaczenia Ho\u0142owni<\/p>\n<p class=\"art_paragraph\">Szymon Ho\u0142ownia zapewnia\u0142 wielokrotnie, \u017ce\u00a0nie rozmawia\u0142 z Kaczy\u0144skim, Bielanem i Kami\u0144skim o koalicji,\u00a0nie otrzyma\u0142 propozycji bycia premierem\u00a0ani kontynuowania funkcji marsza\u0142ka po listopadzie 2023 roku.\u00a0W TVN24 Ho\u0142ownia przyzna\u0142, \u017ce kolacja, kt\u00f3ra odby\u0142a si\u0119 p\u00f3\u017anym wieczorem w czwartek 3 lipca, nie by\u0142a pierwszym spotkaniem w tym gronie. Do pierwszego spotkania dosz\u0142o\u00a0kilka tygodni wcze\u015bniej, jednak Ho\u0142ownia musia\u0142 je wcze\u015bniej opu\u015bci\u0107 i &#8222;pad\u0142a propozycja, \u017ceby t\u0119 rozmow\u0119 doko\u0144czy\u0107&#8221;. Ho\u0142ownia by\u0142 w\u00f3wczas marsza\u0142kiem Sejmu. Do spotkania, kt\u00f3re ujawnili Gierszewski i D\u0142ugosz dosz\u0142o 3 dni po tym, jak Pa\u0144stwowa Komisja Wyborcza og\u0142osi\u0142a oficjalne wyniki wybor\u00f3w prezydenckich: w II turze wygra\u0142 Karol Nawrocki.\u00a0<\/p>\n<p class=\"art_paragraph\">Czytaj r\u00f3wnie\u017c: <a href=\"https:\/\/wiadomosci.gazeta.pl\/polityka\/7,198012,32469991,kwasniewski-wskazala-nawrockiemu-co-jest-jego-zadaniem-i-wypomnial.html\" class=\"art_link\" rel=\"dofollow noopener\" target=\"_blank\">&#8222;Kwa\u015bniewski wskaza\u0142 Nawrockiemu, co jest jego zadaniem. I wypomnia\u0142 wiek&#8221;.<\/a><\/p>\n<p>\u0179r\u00f3d\u0142a:\u00a0<a href=\"https:\/\/wiadomosci.radiozet.pl\/news\/dziennikarz-radia-zet-mariusz-gierszewski-z-nagroda-grand-press-2025-w-kategorii-news\" class=\"art_link\" rel=\"nofollow noopener\" target=\"_blank\">Radio Zet<\/a>, Gazeta.pl\u00a0<\/p>\n","protected":false},"excerpt":{"rendered":"Dziennikarze Radia ZET i &#8222;Newsweeka&#8221; z Grand Pressem W niedziel\u0119 14 grudnia po raz 29. wr\u0119czono presti\u017cowe nagrody&hellip;\n","protected":false},"author":2,"featured_media":151218,"comment_status":"","ping_status":"","sticky":false,"template":"","format":"standard","meta":{"footnotes":""},"categories":[12],"tags":[32,33,36,37,27,34,35,28,31,25,42,38,40,39,41,29,30,26],"class_list":{"0":"post-151217","1":"post","2":"type-post","3":"status-publish","4":"format-standard","5":"has-post-thumbnail","7":"category-polska","8":"tag-breaking-news","9":"tag-breakingnews","10":"tag-featured-news","11":"tag-featurednews","12":"tag-headlines","13":"tag-latest-news","14":"tag-latestnews","15":"tag-naglowki","16":"tag-najwazniejsze-artykuly","17":"tag-news","18":"tag-pl","19":"tag-poland","20":"tag-polish","21":"tag-polska","22":"tag-polski","23":"tag-top-stories","24":"tag-topstories","25":"tag-wiadomosci"},"share_on_mastodon":{"url":"https:\/\/pubeurope.com\/@pl\/115721165076641111","error":""},"_links":{"self":[{"href":"https:\/\/www.europesays.com\/pl\/wp-json\/wp\/v2\/posts\/151217","targetHints":{"allow":["GET"]}}],"collection":[{"href":"https:\/\/www.europesays.com\/pl\/wp-json\/wp\/v2\/posts"}],"about":[{"href":"https:\/\/www.europesays.com\/pl\/wp-json\/wp\/v2\/types\/post"}],"author":[{"embeddable":true,"href":"https:\/\/www.europesays.com\/pl\/wp-json\/wp\/v2\/users\/2"}],"replies":[{"embeddable":true,"href":"https:\/\/www.europesays.com\/pl\/wp-json\/wp\/v2\/comments?post=151217"}],"version-history":[{"count":0,"href":"https:\/\/www.europesays.com\/pl\/wp-json\/wp\/v2\/posts\/151217\/revisions"}],"wp:featuredmedia":[{"embeddable":true,"href":"https:\/\/www.europesays.com\/pl\/wp-json\/wp\/v2\/media\/151218"}],"wp:attachment":[{"href":"https:\/\/www.europesays.com\/pl\/wp-json\/wp\/v2\/media?parent=151217"}],"wp:term":[{"taxonomy":"category","embeddable":true,"href":"https:\/\/www.europesays.com\/pl\/wp-json\/wp\/v2\/categories?post=151217"},{"taxonomy":"post_tag","embeddable":true,"href":"https:\/\/www.europesays.com\/pl\/wp-json\/wp\/v2\/tags?post=151217"}],"curies":[{"name":"wp","href":"https:\/\/api.w.org\/{rel}","templated":true}]}}