{"id":151219,"date":"2025-12-15T02:13:13","date_gmt":"2025-12-15T02:13:13","guid":{"rendered":"https:\/\/www.europesays.com\/pl\/151219\/"},"modified":"2025-12-15T02:13:13","modified_gmt":"2025-12-15T02:13:13","slug":"krystyna-pawlowicz-nagle-wcisnela-to-dziennikarce-tvp-pod-pache-skandaliczne-zachowanie","status":"publish","type":"post","link":"https:\/\/www.europesays.com\/pl\/151219\/","title":{"rendered":"Krystyna Paw\u0142owicz nagle wcisn\u0119\u0142a to dziennikarce TVP pod pach\u0119. &#8222;Skandaliczne zachowanie&#8221;"},"content":{"rendered":"<p class=\"Paragraph_desktopParagraph__U31Gm\">By\u0142a s\u0119dzia Trybuna\u0142u Konstytucyjnego <a href=\"https:\/\/plejada.pl\/temat\/krystyna-pawlowicz-polityczka\/ljb335w\" id=\"c3c34be9-bf62-4425-a7d2-7b3e4de3c6e5\" rel=\"nofollow noopener\" target=\"_blank\">Krystyna Paw\u0142owicz<\/a> na pocz\u0105tku grudnia przesz\u0142a w stan spoczynku. Formalnie sta\u0142o si\u0119 to 5 grudnia 2025 r., po z\u0142o\u017ceniu odpowiedniego wniosku. Jej kadencja w TK mia\u0142a trwa\u0107 do 2028 r., jednak zako\u0144czy\u0142a si\u0119 wcze\u015bniej \u2013 Krystyna Paw\u0142owicz wskazywa\u0142a bowiem na problemy zdrowotne oraz, jak twierdzi\u0142a, narastaj\u0105c\u0105 agresj\u0119 wobec s\u0119dzi\u00f3w Trybuna\u0142u.<\/p>\n<p class=\"Paragraph_desktopParagraph__U31Gm\">Krystyna Paw\u0142owicz od lat uchodzi za jedn\u0105 z najbardziej kontrowersyjnych postaci polskiej polityki \u2013 najpierw jako pos\u0142anka PiS, p\u00f3\u017aniej jako s\u0119dzia TK. Jej wypowiedzi i zachowania wielokrotnie polaryzowa\u0142y opini\u0119 publiczn\u0105 i wywo\u0142ywa\u0142y skrajne emocje.<\/p>\n<ul class=\"OchatFollowUps_wrapper__1ry7X\">\n<li class=\"OchatFollowUps_item__Dhyly OchatFollowUps_itemDesktop__R6aBv\">Co zrobi\u0142a Krystyna Paw\u0142owicz w Sejmie?<\/li>\n<li class=\"OchatFollowUps_item__Dhyly OchatFollowUps_itemDesktop__R6aBv\">Jakie by\u0142y powody odej\u015bcia Krystyny Paw\u0142owicz z TK?<\/li>\n<li class=\"OchatFollowUps_item__Dhyly OchatFollowUps_itemDesktop__R6aBv\">Jakie reakcje wywo\u0142a\u0142o zachowanie Krystyny Paw\u0142owicz?<\/li>\n<li class=\"OchatFollowUps_item__Dhyly OchatFollowUps_itemDesktop__R6aBv\">Kto skomentowa\u0142 incydent z dziennikark\u0105 TVP?<\/li>\n<\/ul>\n<p>Krystyna Paw\u0142owicz nagle wcisn\u0119\u0142a to dziennikarce TVP pod pach\u0119. &#8222;Skandaliczne zachowanie&#8221; <\/p>\n<p class=\"Paragraph_desktopParagraph__U31Gm\">Cho\u0107 Krystyna Paw\u0142owicz przesz\u0142a w stan spoczynku, nie znikn\u0119\u0142a z \u017cycia publicznego. Kilka dni temu odwiedzi\u0142a Sejm, gdzie spotka\u0142a si\u0119 z dawnymi kolegami z <a href=\"https:\/\/plejada.pl\/temat\/prawo-i-sprawiedliwosc-pis\/pl9ctyf\" id=\"768e9d2f-7bba-484f-92a4-627bfb3eade9\" rel=\"nofollow noopener\" target=\"_blank\">Prawa i Sprawiedliwo\u015bci<\/a>, m.in. z <a href=\"https:\/\/plejada.pl\/temat\/marek-suski-polityk\/d2b5l0j\" id=\"6d885301-a41a-41c5-b753-0aac2ed5ad1c\" rel=\"nofollow noopener\" target=\"_blank\">Markiem Suskim<\/a>. To w\u0142a\u015bnie wtedy dosz\u0142o do zdarzenia, kt\u00f3re wywo\u0142a\u0142o du\u017ce emocje.<\/p>\n<p class=\"Paragraph_desktopParagraph__U31Gm\">W serwisie &#8222;19.30&#8221; pokazano fragment spotkania na sejmowym korytarzu. Krystyna Paw\u0142owicz przynios\u0142a Markowi Suskiemu prezent \u2013 portret. Szybkim ruchem zdj\u0119\u0142a z niego ochronn\u0105 foli\u0119 b\u0105belkow\u0105, po czym, nie wiedz\u0105c najwyra\u017aniej, co z ni\u0105 zrobi\u0107, wcisn\u0119\u0142a j\u0105 na si\u0142\u0119 pod pach\u0119 dziennikarki TVP, kt\u00f3ra sta\u0142a obok.<\/p>\n<blockquote>\n<p class=\"Paragraph_desktopParagraph__U31Gm\">Odchodz\u0105ca z Trybuna\u0142u Konstytucyjnego s\u0119dzia w \u015brod\u0119 odwiedzi\u0142a dawnych koleg\u00f3w z partii, a przy okazji pokaza\u0142a, w jaki spos\u00f3b traktuje dziennikarzy<\/p>\n<\/blockquote>\n<p class=\"Paragraph_desktopParagraph__U31Gm\">\u2014 s\u0142yszymy w materiale &#8222;19.30&#8221;.<\/p>\n<p class=\"Paragraph_desktopParagraph__U31Gm\">Sprawa nie przesz\u0142a bez echa w mediach spo\u0142eczno\u015bciowych. Konkretny fragment nagrania opublikowa\u0142 na platformie X dziennikarz TVP Mateusz Dolatowski, kt\u00f3ry ostro skomentowa\u0142 zachowanie by\u0142ej s\u0119dzi.<\/p>\n<blockquote>\n<p class=\"Paragraph_desktopParagraph__U31Gm\">Skandaliczne zachowanie Krystyny Paw\u0142owicz. Dziennikarce TVP wr\u0119czy\u0142a\u2026 foli\u0119. Przypomnijmy: to s\u0119dzia, kt\u00f3ra w\u0142a\u015bnie odesz\u0142a z Trybuna\u0142u Konstytucyjnego. \u017benuj\u0105ce <\/p>\n<\/blockquote>\n<p class=\"Paragraph_desktopParagraph__U31Gm\">\u2014 napisa\u0142 dziennikarz pracuj\u0105cy m.in. przy programie &#8222;19.30&#8221;.<\/p>\n<p><img decoding=\"async\" class=\"Image_image__0tuHp Image_autoHeight__f2n87 \" height=\"587\" width=\"870\" src=\"https:\/\/www.europesays.com\/pl\/wp-content\/uploads\/2025\/12\/ykkk9kpTURBXy9hZDJlYTJlMzJlNWFmMjkxOWExMWE4ZDQwNmI2N2U0Ny5qcGeTlQMAAM0PcM0KaJUCzQOsAMLDlQIAzQJLwsPeA.jpeg\" alt=\" Krystyna Paw\u0142owicz\" loading=\"lazy\" \/>Brykczynski Donat \/ Agencja BE&amp;W<\/p>\n<p> Krystyna Paw\u0142owicz<\/p>\n<p class=\"Paragraph_desktopParagraph__U31Gm\">Dzi\u0119kujemy, \u017ce przeczyta\u0142a\u015b\/e\u015b nasz artyku\u0142 do ko\u0144ca. W serwisie Plejada.pl ka\u017cdego dnia piszemy o najwa\u017cniejszych wydarzeniach show-biznesowych. B\u0105d\u017a na bie\u017c\u0105co! <a rel=\"nofollow noopener\" href=\"https:\/\/profile.google.com\/cp\/Cg0vZy8xMWJ6X19wdHBx\" id=\"539e0da7-810d-4898-85b9-17559e0e10a1\" target=\"_blank\">Obserwuj<\/a> Plejad\u0119 w Google. Odwied\u017a nas tak\u017ce na <a rel=\"nofollow noopener\" href=\"https:\/\/www.facebook.com\/plejadapl\" id=\"4453ff93-8443-4f38-b5dd-71d172df173d\" target=\"_blank\">Facebooku<\/a>, <a rel=\"nofollow noopener\" href=\"https:\/\/www.instagram.com\/plejadapl\/\" id=\"b51a3f6d-75a6-46c6-8544-686952d9f639\" target=\"_blank\">Instagramie<\/a>, <a rel=\"nofollow noopener\" href=\"https:\/\/www.youtube.com\/c\/plejada\" id=\"3332f156-c2a7-4c59-9a1e-171a0f551949\" target=\"_blank\">YouTubie<\/a> oraz <a rel=\"nofollow noopener\" href=\"https:\/\/www.tiktok.com\/@plejada_pl\" id=\"c6d81338-6b86-4661-a3db-6c7f93224b2b\" target=\"_blank\">TikToku<\/a>.<\/p>\n<p class=\"Paragraph_desktopParagraph__U31Gm\">Chcesz podzieli\u0107 si\u0119 ciekawym newsem lub zaproponowa\u0107 temat? Skontaktuj si\u0119 z nami, pisz\u0105c maila na adres: <a href=\"https:\/\/www.onet.pl\/styl-zycia\/plejada\/krystyna-pawlowicz-nagle-wcisnela-to-dziennikarce-tvp-pod-pache-skandaliczne\/mailto:plejada@redakcjaonet.pl\" id=\"9ac32be3-2114-4a84-8234-a43abfe14605\" rel=\"nofollow noopener\" target=\"_blank\">plejada@redakcjaon<\/a><a rel=\"nofollow noopener\" href=\"http:\/\/et.pl\" id=\"2aa2d5db-b98c-476f-a02a-22264ac863b0\" target=\"_blank\">et.pl<\/a>.<\/p>\n<p><script async src=\"\/\/www.instagram.com\/embed.js\"><\/script><script async src=\"\/\/www.tiktok.com\/embed.js\"><\/script><\/p>\n","protected":false},"excerpt":{"rendered":"By\u0142a s\u0119dzia Trybuna\u0142u Konstytucyjnego Krystyna Paw\u0142owicz na pocz\u0105tku grudnia przesz\u0142a w stan spoczynku. Formalnie sta\u0142o si\u0119 to 5&hellip;\n","protected":false},"author":2,"featured_media":151220,"comment_status":"","ping_status":"","sticky":false,"template":"","format":"standard","meta":{"footnotes":""},"categories":[5],"tags":[30480,32,33,36,37,27,67,5610,5549,261,34,35,10493,28,31,53,25,52,68,51,55,42,38,40,39,41,47,29,30,4057,3567,65,50,26],"class_list":{"0":"post-151219","1":"post","2":"type-post","3":"status-publish","4":"format-standard","5":"has-post-thumbnail","7":"category-naglowki","8":"tag-30480","9":"tag-breaking-news","10":"tag-breakingnews","11":"tag-featured-news","12":"tag-featurednews","13":"tag-headlines","14":"tag-intextvideo_splayer","15":"tag-krystyna_pawlowicz","16":"tag-krystyna_pawlowicz_polityczka","17":"tag-kultura","18":"tag-latest-news","19":"tag-latestnews","20":"tag-marek_suski_polityk","21":"tag-naglowki","22":"tag-najwazniejsze-artykuly","23":"tag-new_header","24":"tag-news","25":"tag-onet3","26":"tag-onet3d","27":"tag-onet3d_2i","28":"tag-phx","29":"tag-pl","30":"tag-poland","31":"tag-polish","32":"tag-polska","33":"tag-polski","34":"tag-screening_general","35":"tag-top-stories","36":"tag-topstories","37":"tag-trybunal_konstytucyjny","38":"tag-tvp_telewizja_polska","39":"tag-update_me","40":"tag-v2021","41":"tag-wiadomosci"},"share_on_mastodon":{"url":"","error":"Validation failed: Text character limit of 500 exceeded"},"_links":{"self":[{"href":"https:\/\/www.europesays.com\/pl\/wp-json\/wp\/v2\/posts\/151219","targetHints":{"allow":["GET"]}}],"collection":[{"href":"https:\/\/www.europesays.com\/pl\/wp-json\/wp\/v2\/posts"}],"about":[{"href":"https:\/\/www.europesays.com\/pl\/wp-json\/wp\/v2\/types\/post"}],"author":[{"embeddable":true,"href":"https:\/\/www.europesays.com\/pl\/wp-json\/wp\/v2\/users\/2"}],"replies":[{"embeddable":true,"href":"https:\/\/www.europesays.com\/pl\/wp-json\/wp\/v2\/comments?post=151219"}],"version-history":[{"count":0,"href":"https:\/\/www.europesays.com\/pl\/wp-json\/wp\/v2\/posts\/151219\/revisions"}],"wp:featuredmedia":[{"embeddable":true,"href":"https:\/\/www.europesays.com\/pl\/wp-json\/wp\/v2\/media\/151220"}],"wp:attachment":[{"href":"https:\/\/www.europesays.com\/pl\/wp-json\/wp\/v2\/media?parent=151219"}],"wp:term":[{"taxonomy":"category","embeddable":true,"href":"https:\/\/www.europesays.com\/pl\/wp-json\/wp\/v2\/categories?post=151219"},{"taxonomy":"post_tag","embeddable":true,"href":"https:\/\/www.europesays.com\/pl\/wp-json\/wp\/v2\/tags?post=151219"}],"curies":[{"name":"wp","href":"https:\/\/api.w.org\/{rel}","templated":true}]}}