{"id":151221,"date":"2025-12-15T02:14:09","date_gmt":"2025-12-15T02:14:09","guid":{"rendered":"https:\/\/www.europesays.com\/pl\/151221\/"},"modified":"2025-12-15T02:14:09","modified_gmt":"2025-12-15T02:14:09","slug":"100-milionow-funtow-salah-na-celowniku-giganta","status":"publish","type":"post","link":"https:\/\/www.europesays.com\/pl\/151221\/","title":{"rendered":"100 milion\u00f3w funt\u00f3w! Salah na celowniku giganta"},"content":{"rendered":"<p>Nawet 100 milion\u00f3w euro za Salaha<\/p>\n<p><a href=\"https:\/\/www.goal.pl\/klub\/liverpool\/\" rel=\"nofollow noopener\" target=\"_blank\">Liverpool<\/a> w tym sezonie zawodzi i jest to do\u015b\u0107 eufemistyczne okre\u015blenie. Z pewno\u015bci\u0105 wi\u0119c ten mijaj\u0105cy w\u0142a\u015bnie rok b\u0119dzie dla kibic\u00f3w The Reds s\u0142odko-gorzki, bowiem z jednej strony \u015bwi\u0119towali oni w nim mistrzostwo kraju, ale z drugiej obecny sezon jest daleki od oczekiwa\u0144, szczeg\u00f3lnie, \u017ce letnie transfery mia\u0142y jeszcze wznie\u015b\u0107 zesp\u00f3\u0142 na wy\u017cszy poziom. Tak si\u0119 nie sta\u0142o i dlatego te\u017c w ostatnim czasie sporo m\u00f3wi\u0142o si\u0119 o przysz\u0142o\u015bci <a href=\"https:\/\/www.goal.pl\/trenerzy\/arne-slot\/\" rel=\"nofollow noopener\" target=\"_blank\">Arne Slota.<\/a><\/p>\n<p>Holender co prawda wygra\u0142 dwa ostatnie mecze, ale jego pozycja nadal nie mo\u017ce by\u0107 pewna. Szczeg\u00f3lnie, \u017ce popad\u0142 on w konflikt z <a href=\"https:\/\/www.goal.pl\/pilkarze\/mohamed-salah\/\" rel=\"nofollow noopener\" target=\"_blank\">Mohamedem Salahem<\/a>, kt\u00f3ry jest dla kibic\u00f3w ikon\u0105. Sytuacja pomi\u0119dzy trenerem a Egipcjaninem jest na tyle napi\u0119ta, \u017ce nawet pomimo komunikat\u00f3w o poprawie relacji, konflikt ten b\u0119d\u0105 chcia\u0142y wykorzysta\u0107 kluby z Arabii Saudyjskiej. Wed\u0142ug informacji przekazanych przez serwis \u201eMail on Sunday\u201d, je\u015bli Salah zdecyduje si\u0119 na odej\u015bcie z Liverpoolu, to kluby z Arabii s\u0105 gotowe zap\u0142aci\u0107 za niego nawet sto milion\u00f3w funt\u00f3w.<\/p>\n<p>Mohamed Salah w tym sezonie rozegra\u0142 do tej pory w sumie 20 spotka\u0144 i zdoby\u0142 w nich pi\u0119\u0107 goli oraz zanotowa\u0142 cztery asysty. Serwis \u201eTransfermarkt\u201d wycenia 33-letniego Egipcjanina na 30 milion\u00f3w euro. Jego obecna umowa z The Reds wygasa wraz z ko\u0144cem czerwca 2027 roku.<\/p>\n<p>Zobacz tak\u017ce: <a href=\"https:\/\/www.goal.pl\/la-liga\/real-madryt-zdecydowal-legenda-zastapi-xabiego-alonso\/\" rel=\"nofollow noopener\" target=\"_blank\">Real Madryt zdecydowa\u0142. Legenda zast\u0105pi Xabiego Alonso<\/a><\/p>\n","protected":false},"excerpt":{"rendered":"Nawet 100 milion\u00f3w euro za Salaha Liverpool w tym sezonie zawodzi i jest to do\u015b\u0107 eufemistyczne okre\u015blenie. Z&hellip;\n","protected":false},"author":2,"featured_media":151222,"comment_status":"","ping_status":"","sticky":false,"template":"","format":"standard","meta":{"footnotes":""},"categories":[24],"tags":[42,38,40,39,41,127,126],"class_list":{"0":"post-151221","1":"post","2":"type-post","3":"status-publish","4":"format-standard","5":"has-post-thumbnail","7":"category-sport","8":"tag-pl","9":"tag-poland","10":"tag-polish","11":"tag-polska","12":"tag-polski","13":"tag-sport","14":"tag-sports"},"share_on_mastodon":{"url":"https:\/\/pubeurope.com\/@pl\/115721172662989122","error":""},"_links":{"self":[{"href":"https:\/\/www.europesays.com\/pl\/wp-json\/wp\/v2\/posts\/151221","targetHints":{"allow":["GET"]}}],"collection":[{"href":"https:\/\/www.europesays.com\/pl\/wp-json\/wp\/v2\/posts"}],"about":[{"href":"https:\/\/www.europesays.com\/pl\/wp-json\/wp\/v2\/types\/post"}],"author":[{"embeddable":true,"href":"https:\/\/www.europesays.com\/pl\/wp-json\/wp\/v2\/users\/2"}],"replies":[{"embeddable":true,"href":"https:\/\/www.europesays.com\/pl\/wp-json\/wp\/v2\/comments?post=151221"}],"version-history":[{"count":0,"href":"https:\/\/www.europesays.com\/pl\/wp-json\/wp\/v2\/posts\/151221\/revisions"}],"wp:featuredmedia":[{"embeddable":true,"href":"https:\/\/www.europesays.com\/pl\/wp-json\/wp\/v2\/media\/151222"}],"wp:attachment":[{"href":"https:\/\/www.europesays.com\/pl\/wp-json\/wp\/v2\/media?parent=151221"}],"wp:term":[{"taxonomy":"category","embeddable":true,"href":"https:\/\/www.europesays.com\/pl\/wp-json\/wp\/v2\/categories?post=151221"},{"taxonomy":"post_tag","embeddable":true,"href":"https:\/\/www.europesays.com\/pl\/wp-json\/wp\/v2\/tags?post=151221"}],"curies":[{"name":"wp","href":"https:\/\/api.w.org\/{rel}","templated":true}]}}