{"id":151225,"date":"2025-12-15T02:22:14","date_gmt":"2025-12-15T02:22:14","guid":{"rendered":"https:\/\/www.europesays.com\/pl\/151225\/"},"modified":"2025-12-15T02:22:14","modified_gmt":"2025-12-15T02:22:14","slug":"kim-jest-natalia-gonera-corka-jolanty-fraszynskiej-i-roberta-gonery-ma-35-lat-2","status":"publish","type":"post","link":"https:\/\/www.europesays.com\/pl\/151225\/","title":{"rendered":"Kim jest Natalia Gonera? C\u00f3rka Jolanty Fraszy\u0144skiej i Roberta Gonery ma 35 lat"},"content":{"rendered":"<p class=\"ods-c-paragraph \"><a href=\"https:\/\/plejada.pl\/temat\/jolanta-fraszynska\/m743hr2\" id=\"d5dbd465-f427-4136-92ae-739600e34924\" rel=\"nofollow noopener\" target=\"_blank\">Jolanta Fraszy\u0144ska<\/a> i Robert Gonera poznali si\u0119 jeszcze w czasach studenckich. Ich zwi\u0105zek szybko sta\u0142 si\u0119 jednym z najgor\u0119tszych temat\u00f3w w polskim show-biznesie. Cho\u0107 ich ma\u0142\u017ce\u0144stwo zako\u0144czy\u0142o si\u0119 rozwodem, owocem tej relacji jest dzi\u015b 35-letnia Nastazja Gonera.<\/p>\n<p>Dalszy ci\u0105g artyku\u0142u pod materia\u0142em wideo<\/p>\n<p> Ile lat ma Nastazja Gonera? <\/p>\n<p> W jakich filmach pracowa\u0142a Nastazja Gonera? <\/p>\n<p> Kto jest ojcem Nastazji Gonery? <\/p>\n<p> Jakie osi\u0105gni\u0119cie zdoby\u0142a Nastazja Gonera? <\/p>\n<p>  Kim jest Natalia Gonera? C\u00f3rka Jolanty Fraszy\u0144skiej dzi\u015b ma 35 lat<\/p>\n<p class=\"ods-c-paragraph \">Nastazja Gonera, podobnie jak jej rodzice, obra\u0142a artystyczn\u0105 \u015bcie\u017ck\u0119 kariery. Ju\u017c jako dziewi\u0119ciolatka zadebiutowa\u0142a na ekranie w roli Marysi w popularnym serialu &#8222;Na dobre i na z\u0142e&#8221;. Jednak z czasem odnalaz\u0142a swoje miejsce nie przed a za kamer\u0105.<\/p>\n<p class=\"ods-c-paragraph \">Absolwentka Wydzia\u0142u Re\u017cyserii Filmowej i Telewizyjnej w \u0142\u00f3dzkiej Film\u00f3wce zdoby\u0142a uznanie jako re\u017cyserka i scenarzystka. Jej dorobek obejmuje wsp\u00f3\u0142prace przy takich produkcjach jak &#8222;Kruk&#8221;, &#8222;Hotel 53&#8221; czy &#8222;Przyjaci\u00f3\u0142ki&#8221;. By\u0142a r\u00f3wnie\u017c asystentk\u0105 samego Andrzeja Wajdy podczas pracy nad filmem &#8222;Powidoki&#8221;.<\/p>\n<p class=\"ods-c-paragraph \">Nastazja Gonera ma na swoim koncie sukcesy, kt\u00f3re wykraczaj\u0105 poza granice Polski. Jej kr\u00f3tkometra\u017cowy film &#8222;Pierwsze lato ko\u0144ca \u015bwiata&#8221; zdoby\u0142 nominacj\u0119 do presti\u017cowej nagrody Student Academy Award, nazywanej &#8222;studenckim Oscarem&#8221;. Produkcja zosta\u0142a doceniona tak\u017ce na wielu mi\u0119dzynarodowych festiwalach, zdobywaj\u0105c nagrody i wyr\u00f3\u017cnienia.<\/p>\n<p class=\"ods-c-paragraph \">Mimo osi\u0105gni\u0119\u0107 Nastazja Gonera unika medialnego rozg\u0142osu. Rzadko pojawia si\u0119 na bran\u017cowych wydarzeniach, skupiaj\u0105c si\u0119 na swojej pracy i tw\u00f3rczo\u015bci.<\/p>\n<p class=\"ods-c-paragraph \">Jolanta Fraszy\u0144ska ma r\u00f3wnie\u017c c\u00f3rk\u0119 z drugiego ma\u0142\u017ce\u0144stwa z operatorem Grzegorzem Kuczeriszk\u0105. Aniela ma 21 lat.<\/p>\n<p class=\"ods-c-paragraph \">Dzi\u0119kujemy, \u017ce przeczyta\u0142a\u015b\/e\u015b nasz artyku\u0142 do ko\u0144ca. W serwisie Plejada.pl ka\u017cdego dnia piszemy o najwa\u017cniejszych wydarzeniach show-biznesowych. B\u0105d\u017a na bie\u017c\u0105co! <a rel=\"nofollow noopener\" href=\"https:\/\/profile.google.com\/cp\/Cg0vZy8xMWJ6X19wdHBx\" id=\"c816350b-a556-4de2-83ea-f02f3ea3f4bd\" target=\"_blank\">Obserwuj<\/a> Plejad\u0119 w Google. Odwied\u017a nas tak\u017ce na <a rel=\"nofollow noopener\" href=\"https:\/\/www.facebook.com\/plejadapl\" id=\"3e59d8cf-13d8-453e-83f1-d0a6da51f812\" target=\"_blank\">Facebooku<\/a>, <a rel=\"nofollow noopener\" href=\"https:\/\/www.instagram.com\/plejadapl\/\" id=\"b7a548db-3348-4910-9979-eb2e2a0c7612\" target=\"_blank\">Instagramie<\/a>, <a rel=\"nofollow noopener\" href=\"https:\/\/www.youtube.com\/c\/plejada\" id=\"b88078e7-d715-4063-8d90-bead19d6a215\" target=\"_blank\">YouTubie<\/a> oraz <a rel=\"nofollow noopener\" href=\"https:\/\/www.tiktok.com\/@plejada_pl\" id=\"cdc517bb-5c2c-4b6b-907b-e3039af6692d\" target=\"_blank\">TikToku<\/a>.<\/p>\n<p class=\"ods-c-paragraph \">Chcesz podzieli\u0107 si\u0119 ciekawym newsem lub zaproponowa\u0107 temat? Skontaktuj si\u0119 z nami, pisz\u0105c maila na adres: <a rel=\"nofollow noopener\" href=\"https:\/\/plejada.pl\/newsy\/kim-jest-natalia-gonera-corka-jolanty-fraszynskiej-i-roberta-gonery-ma-35-lat\/mailto:plejada@redakcjaonet.pl\" id=\"1f8223ff-7367-4299-8f23-5aad5b1160b9\" target=\"_blank\">plejada@redakcjaon<\/a><a href=\"https:\/\/et.pl\" id=\"9d24fedf-1a42-40b9-8c34-88a4d06db389\" rel=\"nofollow noopener\" target=\"_blank\">et.pl<\/a>.<\/p>\n<p><script async src=\"\/\/www.instagram.com\/embed.js\"><\/script><script async src=\"\/\/www.tiktok.com\/embed.js\"><\/script><\/p>\n","protected":false},"excerpt":{"rendered":"Jolanta Fraszy\u0144ska i Robert Gonera poznali si\u0119 jeszcze w czasach studenckich. Ich zwi\u0105zek szybko sta\u0142 si\u0119 jednym z&hellip;\n","protected":false},"author":2,"featured_media":151226,"comment_status":"","ping_status":"","sticky":false,"template":"","format":"standard","meta":{"footnotes":""},"categories":[22],"tags":[183,122,15584,48,125,46,42,38,40,39,41,25865,30259,123,47],"class_list":{"0":"post-151225","1":"post","2":"type-post","3":"status-publish","4":"format-standard","5":"has-post-thumbnail","7":"category-rozrywka","8":"tag-dzieci_dziecko","9":"tag-entertainment","10":"tag-jolanta_fraszynska","11":"tag-nat_styl","12":"tag-newsy","13":"tag-omp","14":"tag-pl","15":"tag-poland","16":"tag-polish","17":"tag-polska","18":"tag-polski","19":"tag-rebrand_ai_tst0","20":"tag-robert_gonera","21":"tag-rozrywka","22":"tag-screening_general"},"share_on_mastodon":{"url":"https:\/\/pubeurope.com\/@pl\/115721204039157280","error":""},"_links":{"self":[{"href":"https:\/\/www.europesays.com\/pl\/wp-json\/wp\/v2\/posts\/151225","targetHints":{"allow":["GET"]}}],"collection":[{"href":"https:\/\/www.europesays.com\/pl\/wp-json\/wp\/v2\/posts"}],"about":[{"href":"https:\/\/www.europesays.com\/pl\/wp-json\/wp\/v2\/types\/post"}],"author":[{"embeddable":true,"href":"https:\/\/www.europesays.com\/pl\/wp-json\/wp\/v2\/users\/2"}],"replies":[{"embeddable":true,"href":"https:\/\/www.europesays.com\/pl\/wp-json\/wp\/v2\/comments?post=151225"}],"version-history":[{"count":0,"href":"https:\/\/www.europesays.com\/pl\/wp-json\/wp\/v2\/posts\/151225\/revisions"}],"wp:featuredmedia":[{"embeddable":true,"href":"https:\/\/www.europesays.com\/pl\/wp-json\/wp\/v2\/media\/151226"}],"wp:attachment":[{"href":"https:\/\/www.europesays.com\/pl\/wp-json\/wp\/v2\/media?parent=151225"}],"wp:term":[{"taxonomy":"category","embeddable":true,"href":"https:\/\/www.europesays.com\/pl\/wp-json\/wp\/v2\/categories?post=151225"},{"taxonomy":"post_tag","embeddable":true,"href":"https:\/\/www.europesays.com\/pl\/wp-json\/wp\/v2\/tags?post=151225"}],"curies":[{"name":"wp","href":"https:\/\/api.w.org\/{rel}","templated":true}]}}